{"id":148697,"date":"2022-02-07T18:00:00","date_gmt":"2022-02-07T17:00:00","guid":{"rendered":"http:\/\/www.tucomarca.com\/wordpress\/segunda\/?p=148697"},"modified":"2022-02-07T19:36:37","modified_gmt":"2022-02-07T18:36:37","slug":"unides-podem-esquerra-unida-presenta-una-mocio-perque-lajuntament-dalgemesi-done-suport-a-la-reforma-de-la-llei-mordassa","status":"publish","type":"post","link":"https:\/\/tucomarca.whitekongsoftware.com\/ca\/unides-podem-esquerra-unida-presenta-una-mocio-perque-lajuntament-dalgemesi-done-suport-a-la-reforma-de-la-llei-mordassa\/","title":{"rendered":"Unides Podem-Esquerra Unida presenta una moci\u00f3 perqu\u00e8 l\u2019Ajuntament d&#8217;Algemes\u00ed done suport a la reforma de la Llei Mordassa"},"content":{"rendered":"\n<p class=\"wp-block-paragraph\">El grup municipal Esquerra Unida ha presentat una moci\u00f3 per a reclamar a l&#8217;Ajuntament d&#8217;Algemes\u00ed que done suport a la reforma de la llei Org\u00e0nica 4\/2015, de 30 de mar\u00e7, de Protecci\u00f3 de la Seguretat Ciutadana, coneguda com a \u201cLlei Mordassa\u201d, per a &#8220;establir un marc jur\u00eddic adequat que protegisca la seguretat de la ciutadania i garantisca de manera efectiva el lliure exercici de drets i llibertats, plasmant en la llei el comprom\u00eds amb la ciutadania del nostre pa\u00eds en l&#8217;establiment d&#8217;una democr\u00e0cia avan\u00e7ada&#8221;.<\/p>\n\n\n\n<p class=\"wp-block-paragraph\">L&#8217;actual llei va ser aprovada en el Congr\u00e9s dels Diputats amb l&#8217;\u00fanic suport del Partit Popular, llavors en el Govern, despr\u00e9s de diversos anys de crisi econ\u00f2mica i com a reacci\u00f3 a la irrupci\u00f3 del moviment 15-M, que va generar manifestacions en contra de les retallades en els principals pilars de l&#8217;Estat de benestar com la sanitat, l&#8217;educaci\u00f3 i els serveis socials.<\/p>\n\n\n\n<p class=\"wp-block-paragraph\">&#8220;La norma, aprovada pel PP, empitjorava les prohibicions per a les manifestacions no autoritzades i responsabilitzava dels danys a les persones convocants, al mateix temps que incrementava el cost m\u00ednim de les infraccions reconegudes&#8221;.\u00a0<\/p>\n\n\n\n<p class=\"wp-block-paragraph\">&#8220;Des de llavors han sigut nombroses les organitzacions i institucions que treballen per a preservar els Drets Humans que han assenyalat la norma com una notable reculada en mat\u00e8ria de drets i llibertats civils. Respecte als efectes que ha tingut, segons dades del Ministeri de l&#8217;Interior, el compte de resultats de la Llei Mordassa en els sis anys que porta en vigor mostra que s&#8217;han practicat m\u00e9s de 1,3 milions de sancions, la qual cosa es tradueix en una quantitat total superior als 800 milions d&#8217;euros&#8221;.<\/p>\n\n\n\n<p class=\"wp-block-paragraph\">Unides Podem &#8220;porta des de l&#8217;any 2016 impulsant en el Congr\u00e9s la modificaci\u00f3 d&#8217;aquesta llei, per a establir un marc legal en el qual la salvaguarda de la seguretat ciutadana siga entesa com el ple gaudiment dels drets fonamentals i de les llibertats p\u00fabliques per la ciutadania i garantir l&#8217;exercici dels drets fonamentals a la intimitat, llibertat d&#8217;expressi\u00f3, informaci\u00f3, reuni\u00f3 i manifestaci\u00f3, introduint en la norma els canvis necessaris per a acabar amb els articles que dissuadeixen d&#8217;aquest ple exercici per part de la ciutadania i col\u00b7lectius espec\u00edfics, com el\u00a0 period\u00edstic i informatiu&#8221;.\u00a0<\/p>\n\n\n\n<p class=\"wp-block-paragraph\">&#8220;Aix\u00ed, es pret\u00e9n que no se sancione el mer exercici pac\u00edfic del dret de reuni\u00f3 ni l&#8217;enregistrament d&#8217;imatges dels agents de la policia i assegurar que l&#8217;actuaci\u00f3 de la policia es guiar\u00e0 en tot moment per un enfocament de drets humans d&#8217;acord amb els est\u00e0ndards internacionals sobre l&#8217;\u00fas de la for\u00e7a i la utilitzaci\u00f3 de material antidisturbis, amb vista a utilitzar sempre els mitjans menys lesius per a les persones i evitant aquells que causen lesions irreparables, com les pilotes de goma&#8221;.<\/p>\n\n\n\n<p class=\"wp-block-paragraph\">La intenci\u00f3 \u00e9s &#8220;adequar les actuacions policials a les indicacions, criteris i prevencions recomanades pel Consell d&#8217;Europa, la Comissi\u00f3 Europea i altres organitzacions internacionals, de tal forma que les relacions entre agents de l&#8217;autoritat i ciutadania es regisquen pels principis de confian\u00e7a, servei p\u00fablic, seguretat jur\u00eddica i interdicci\u00f3 de l&#8217;arbitrarietat&#8221;.<\/p>\n\n\n\n<p class=\"wp-block-paragraph\">&#8220;Un altre dels canvis s&#8217;orienta a reduir el nombre de sancions establides en la norma, eliminant aquelles que s\u00f3n arbitr\u00e0ries o busquen reprimir l&#8217;exercici de drets fonamentals i aminorant aquelles que actualment resulten desproporcionades, com les relatives al consum de c\u00e0nnabis. A m\u00e9s es treballa per a reduir la quantia de les sancions, establint criteris clars a l&#8217;hora de reduir l&#8217;import de les sancions en funci\u00f3 de la capacitat de pagament de les persones afectades, de tal forma que paguen m\u00e9s qui m\u00e9s tenen&#8221;.\u00a0<\/p>\n\n\n\n<p class=\"wp-block-paragraph\">En aquest context, Unides Podem ha presentat una moci\u00f3 per a &#8220;apel\u00b7lar al Govern central perqu\u00e8 impulse el compliment de les recomanacions realitzades pel Consell d&#8217;Europa, la Comissi\u00f3 Europea i altres organitzacions internacionals respecte a l&#8217;adequaci\u00f3 de la legislaci\u00f3 de seguretat ciutadana als est\u00e0ndards avan\u00e7ats de qualitat democr\u00e0tica, aix\u00ed com a introduir en la Llei les modificacions necess\u00e0ries per a corregir els sup\u00f2sits d&#8217;inconstitucionalitat indicats pel Tribunal Constitucional&#8221;.\u00a0<\/p>\n\n\n\n<p class=\"wp-block-paragraph\">Aix\u00ed mateix, Unides Podem-Esquerra Unida empla\u00e7a al consistori &#8220;a donar suport a la r\u00e0pida tramitaci\u00f3 parlament\u00e0ria de la reforma de la llei mordassa i insta a reprovar la instrumentalitzaci\u00f3 que, per part de sectors contraris a les recomanacions de les institucions europees, s&#8217;est\u00e0 realitzant en contra de la modificaci\u00f3 de l&#8217;actual llei de seguretat ciutadana, tractant de trencar la necess\u00e0ria neutralitat dels cossos policials que precisa un Estat de dret democr\u00e0tic&#8221;.<\/p>\n","protected":false},"excerpt":{"rendered":"<div class=\"mh-excerpt\">El grup municipal Esquerra Unida ha presentat una moci\u00f3 per a reclamar a l&#8217;Ajuntament d&#8217;Algemes\u00ed que done suport a la reforma de la llei Org\u00e0nica 4\/2015, de 30 de mar\u00e7, de Protecci\u00f3 de la Seguretat <a class=\"mh-excerpt-more\" href=\"https:\/\/tucomarca.whitekongsoftware.com\/ca\/unides-podem-esquerra-unida-presenta-una-mocio-perque-lajuntament-dalgemesi-done-suport-a-la-reforma-de-la-llei-mordassa\/\" title=\"Unides Podem-Esquerra Unida presenta una moci\u00f3 perqu\u00e8 l\u2019Ajuntament d&#8217;Algemes\u00ed done suport a la reforma de la Llei Mordassa\">[+] <\/a><\/div>\n","protected":false},"author":1,"featured_media":148695,"comment_status":"open","ping_status":"open","sticky":false,"template":"","format":"standard","meta":{"footnotes":""},"categories":[10983,10948,10894,10904,10902,10947,10896],"tags":[11081,14942,11077],"class_list":["post-148697","post","type-post","status-publish","format-standard","has-post-thumbnail","category-algemesi-ca","category-infraestructuras-ca","category-la-comarca-ca","category-sin-categorizar-ca","category-la-ribera-ca","category-politica","category-seccion-ca","tag-algemesi-ca","tag-eu-algemesi-ca","tag-la-ribera-alta-ca"],"_links":{"self":[{"href":"https:\/\/tucomarca.whitekongsoftware.com\/ca\/wp-json\/wp\/v2\/posts\/148697","targetHints":{"allow":["GET"]}}],"collection":[{"href":"https:\/\/tucomarca.whitekongsoftware.com\/ca\/wp-json\/wp\/v2\/posts"}],"about":[{"href":"https:\/\/tucomarca.whitekongsoftware.com\/ca\/wp-json\/wp\/v2\/types\/post"}],"author":[{"embeddable":true,"href":"https:\/\/tucomarca.whitekongsoftware.com\/ca\/wp-json\/wp\/v2\/users\/1"}],"replies":[{"embeddable":true,"href":"https:\/\/tucomarca.whitekongsoftware.com\/ca\/wp-json\/wp\/v2\/comments?post=148697"}],"version-history":[{"count":0,"href":"https:\/\/tucomarca.whitekongsoftware.com\/ca\/wp-json\/wp\/v2\/posts\/148697\/revisions"}],"wp:featuredmedia":[{"embeddable":true,"href":"https:\/\/tucomarca.whitekongsoftware.com\/ca\/wp-json\/wp\/v2\/media\/148695"}],"wp:attachment":[{"href":"https:\/\/tucomarca.whitekongsoftware.com\/ca\/wp-json\/wp\/v2\/media?parent=148697"}],"wp:term":[{"taxonomy":"category","embeddable":true,"href":"https:\/\/tucomarca.whitekongsoftware.com\/ca\/wp-json\/wp\/v2\/categories?post=148697"},{"taxonomy":"post_tag","embeddable":true,"href":"https:\/\/tucomarca.whitekongsoftware.com\/ca\/wp-json\/wp\/v2\/tags?post=148697"}],"curies":[{"name":"wp","href":"https:\/\/api.w.org\/{rel}","templated":true}]}}