{"id":148607,"date":"2022-02-04T16:00:00","date_gmt":"2022-02-04T15:00:00","guid":{"rendered":"http:\/\/www.tucomarca.com\/wordpress\/segunda\/?p=148607"},"modified":"2022-02-04T19:49:00","modified_gmt":"2022-02-04T18:49:00","slug":"la-regidoria-digualtat-de-requena-llanca-una-campanya-per-a-sensibilitzar-sobre-lexplotacio-sexual","status":"publish","type":"post","link":"https:\/\/tucomarca.whitekongsoftware.com\/ca\/la-regidoria-digualtat-de-requena-llanca-una-campanya-per-a-sensibilitzar-sobre-lexplotacio-sexual\/","title":{"rendered":"La Regidoria d&#8217;Igualtat de Requena llan\u00e7a una campanya per a sensibilitzar sobre l&#8217;explotaci\u00f3 sexual"},"content":{"rendered":"\n<p class=\"wp-block-paragraph\">&#8220;Les dones no s\u00f3n mercaderia&#8221;. Sota aquest premissa l&#8217;Ajuntament de Requena, des de la regidoria d&#8217;Igualtat, ha llan\u00e7at una campanya amb la intenci\u00f3 de sensibilitzar a la poblaci\u00f3 sobre la prostituci\u00f3 i el tr\u00e0fic de dones, nenes i nens amb finalitats d&#8217;explotaci\u00f3 sexual com una altra forma de viol\u00e8ncia exercida sobre les dones, segons una nota de premsa emesa pel consistori. Aquesta xacra suposa &#8220;una greu violaci\u00f3 dels drets humans, i \u00e9s de les m\u00e9s denigrants, vexat\u00f2ries i humiliants que pot sofrir una persona&#8221; afirmen des del consistori. I afegeixen que &#8220;Atempta contra la llibertat, la dignitat i la seguretat de milions de persones a tot el m\u00f3n, en la seva majoria dones i nenes que s\u00f3n captades en uns altres paises amb coacci\u00f3 o mitjan\u00e7ant engany per a acabar en centres de prostituci\u00f3 per a la seva explotaci\u00f3 sexual&#8221;.<br>L&#8217;explotaci\u00f3 sexual de les dones i menors &#8220;\u00e9s la manifestaci\u00f3 m\u00e9s cruel i violenta de la desigualtat estructural entre dones i homes i de la feminitat de la pobresa&#8221; denuncien les fonts.<br>En el context actual de pand\u00e8mia la situaci\u00f3 \u00e9s m\u00e9s alarmant: recentment l&#8217;ONU ha alertat de les prec\u00e0ries condicions de les v\u00edctimes de tr\u00e0fic que permeten als traficants reclutar a persones m\u00e9s vulnerables que s\u00f3n majorit\u00e0riament dones pobres, immigrants, refugiades i de grups \u00e8tnics marginats aix\u00ed com dones soles en situaci\u00f3 de marginaci\u00f3 i amb fills i filles al seu c\u00e0rrec.<br>Aix\u00ed mateix, la demanda de prostituci\u00f3 \u00e9s la principal causa de l&#8217;augment del tr\u00e0fic de dones i menors.<br>Les dades diuen que el 80 per cent del tr\u00e0fic \u00e9s per a fins sexuals. D&#8217;aquest percentatge, el 85% s\u00f3n dones, el 10% nenes i un 5% nens.<br>El 95% de les dones exerceixen la prostituci\u00f3 contra la seva voluntat, sent Espanya el principal consumidor de prostituci\u00f3 d&#8217;Europa i el tercer a nivell mundial.<br>Per aix\u00f2, des de la Regidoria d&#8217;Igualtat de l&#8217;Ajuntament de Requena el passat 16 de novembre es va realitzar una taula rodona per a tractar aquesta problem\u00e0tica sota l&#8217;ep\u00edgraf \u201cTr\u00e0fic de dones, prostituci\u00f3 i pornografia\u201d.<br>A m\u00e9s, en aquest primer trimestre de 2022 en els instituts de la localitat s&#8217;estan realitzant diverses xerrades per a sensibilitzar a l&#8217;alumnat, en les quals es projecta tamb\u00e9 el curt \u201cL&#8217;esclavitud m\u00e9s gran de la hist\u00f2ria\u201d realitzat per l&#8217;Ajuntament de Requena. D&#8217;altra banda, s&#8217;ha realitzat una pancarta amb aquest lema i uns flayers en els quals s&#8217;adjunta informaci\u00f3 amb dades sobre tracta i prostituci\u00f3.<br>En definitiva, &#8220;des d&#8217;aquest consistori manifestem aix\u00ed toler\u00e0ncia 0 amb la prostituci\u00f3 i la tracta ja que \u00e9s una forma d&#8217;esclavitud&#8221; conclou la nota de premsa del consistori requenense. Informa,<strong> Luis Ib\u00e1\u00f1ez<\/strong>.<\/p>\n","protected":false},"excerpt":{"rendered":"<div class=\"mh-excerpt\">&#8220;Les dones no s\u00f3n mercaderia&#8221;. Sota aquest premissa l&#8217;Ajuntament de Requena, des de la regidoria d&#8217;Igualtat, ha llan\u00e7at una campanya amb la intenci\u00f3 de sensibilitzar a la poblaci\u00f3 sobre la prostituci\u00f3 i el tr\u00e0fic de <a class=\"mh-excerpt-more\" href=\"https:\/\/tucomarca.whitekongsoftware.com\/ca\/la-regidoria-digualtat-de-requena-llanca-una-campanya-per-a-sensibilitzar-sobre-lexplotacio-sexual\/\" title=\"La Regidoria d&#8217;Igualtat de Requena llan\u00e7a una campanya per a sensibilitzar sobre l&#8217;explotaci\u00f3 sexual\">[+] <\/a><\/div>\n","protected":false},"author":1,"featured_media":101223,"comment_status":"open","ping_status":"open","sticky":false,"template":"","format":"standard","meta":{"footnotes":""},"categories":[10948,10894,10947,10908,10909,10896],"tags":[11099,10910],"class_list":["post-148607","post","type-post","status-publish","format-standard","has-post-thumbnail","category-infraestructuras-ca","category-la-comarca-ca","category-politica","category-requena-ca","category-requena-utiel-ca","category-seccion-ca","tag-requena-ca","tag-requena-utiel-ca"],"_links":{"self":[{"href":"https:\/\/tucomarca.whitekongsoftware.com\/ca\/wp-json\/wp\/v2\/posts\/148607","targetHints":{"allow":["GET"]}}],"collection":[{"href":"https:\/\/tucomarca.whitekongsoftware.com\/ca\/wp-json\/wp\/v2\/posts"}],"about":[{"href":"https:\/\/tucomarca.whitekongsoftware.com\/ca\/wp-json\/wp\/v2\/types\/post"}],"author":[{"embeddable":true,"href":"https:\/\/tucomarca.whitekongsoftware.com\/ca\/wp-json\/wp\/v2\/users\/1"}],"replies":[{"embeddable":true,"href":"https:\/\/tucomarca.whitekongsoftware.com\/ca\/wp-json\/wp\/v2\/comments?post=148607"}],"version-history":[{"count":0,"href":"https:\/\/tucomarca.whitekongsoftware.com\/ca\/wp-json\/wp\/v2\/posts\/148607\/revisions"}],"wp:featuredmedia":[{"embeddable":true,"href":"https:\/\/tucomarca.whitekongsoftware.com\/ca\/wp-json\/wp\/v2\/media\/101223"}],"wp:attachment":[{"href":"https:\/\/tucomarca.whitekongsoftware.com\/ca\/wp-json\/wp\/v2\/media?parent=148607"}],"wp:term":[{"taxonomy":"category","embeddable":true,"href":"https:\/\/tucomarca.whitekongsoftware.com\/ca\/wp-json\/wp\/v2\/categories?post=148607"},{"taxonomy":"post_tag","embeddable":true,"href":"https:\/\/tucomarca.whitekongsoftware.com\/ca\/wp-json\/wp\/v2\/tags?post=148607"}],"curies":[{"name":"wp","href":"https:\/\/api.w.org\/{rel}","templated":true}]}}