{"id":148563,"date":"2022-02-03T14:06:00","date_gmt":"2022-02-03T13:06:00","guid":{"rendered":"http:\/\/www.tucomarca.com\/wordpress\/segunda\/?p=148563"},"modified":"2022-02-04T15:03:19","modified_gmt":"2022-02-04T14:03:19","slug":"mes-de-1-400-persones-de-la-provincia-de-valencia-se-sensibilitzen-al-voltant-de-la-cultura-de-la-pau","status":"publish","type":"post","link":"https:\/\/tucomarca.whitekongsoftware.com\/ca\/mes-de-1-400-persones-de-la-provincia-de-valencia-se-sensibilitzen-al-voltant-de-la-cultura-de-la-pau\/","title":{"rendered":"M\u00e9s de 1.400 persones de la prov\u00edncia de Val\u00e8ncia se sensibilitzen al voltant de la Cultura de la Pau"},"content":{"rendered":"\n<h4 class=\"wp-block-heading\">La diputada de Cooperaci\u00f3 Internacional en la Diputaci\u00f3 de Val\u00e8ncia, Mentxu Balaguer, es reunix amb els representants del Fons Valenci\u00e0 per la Solidaritat per a analitzar la segona edici\u00f3 de \u2018Val\u00e8ncia per la Pau\u2019<\/h4>\n\n\n\n<h4 class=\"wp-block-heading\">Barxeta, Corbera, Enguera, Picassent, la Pobla de Vallbona i Quatretonda han acollit les diferents activitats<\/h4>\n\n\n\n<p class=\"wp-block-paragraph\">Un total de sis municipis de la prov\u00edncia de Val\u00e8ncia (Barxeta, Corbera, Enguera, Picassent, la Pobla de Vallbona i Quatretonda) han acollit les diferents activitats basades en la Cultura de la Pau i la No-Viol\u00e8ncia de la segona edici\u00f3 del projecte \u2018Val\u00e8ncia per la Pau\u2019, desenvolupat pel Fons Valenci\u00e0 per la Solidaritat i cofinan\u00e7at per la Diputaci\u00f3 de Val\u00e8ncia. L&#8217;objectiu d&#8217;este projecte \u00e9s acostar l\u2019ODS n\u00famero 16 (pau, just\u00edcia i institucions s\u00f2lides) a la poblaci\u00f3 de les localitats participants, conscienciant al voltant de la construcci\u00f3 de societats pac\u00edfiques, justes i amb institucions democr\u00e0tiques que respecten les llibertats i els Drets Humans.<\/p>\n\n\n\n<p class=\"wp-block-paragraph\"><em>Val\u00e8ncia per la Pau<\/em> ha dut a terme un total de quatre activitats a trav\u00e9s de les quals s&#8217;han beneficiat 1.438 persones: exposici\u00f3, cinef\u00f2rum municipal, taller did\u00e0ctic de conscienciaci\u00f3 en centres educatius; i una jornada formativa al voltant de la Cultura de la pau.<\/p>\n\n\n\n<p class=\"wp-block-paragraph\">Quant a l&#8217;exposici\u00f3, denominada <em>El fil de la por<\/em> i que ha sigut la novetat d&#8217;esta segona edici\u00f3 del projecte, ha sigut visitada per 520 persones, les quals s&#8217;han sensibilitzat, des d&#8217;un punt de vista visual, directe i pedag\u00f2gic, sobre el que hi ha darrere dels despla\u00e7aments for\u00e7ats de persones refugiades i les responsabilitats que tenim els pa\u00efsos occidentals.<\/p>\n\n\n\n<p class=\"wp-block-paragraph\">D&#8217;altra banda, respecte al cinef\u00f2rum municipal, s&#8217;ha projectat el documental d&#8217;investigaci\u00f3 <em>Els fils del tauler<\/em>, conscienciant a 146 persones de tots els municipis participants sobre les causes i conseq\u00fc\u00e8ncies que generen els conflictes b\u00e8l\u00b7lics, comptant tamb\u00e9 amb un espai per a la reflexi\u00f3 posterior a la projecci\u00f3, amb la participaci\u00f3 de Josep Gay\u00e0, director del documental; i de protagonistes del documental com Claudia Garcia, refugiada colombiana, i Oum Saad, refugiada sahrau\u00ed.<\/p>\n\n\n\n<p class=\"wp-block-paragraph\">Respecte al taller dirigit a centres educatius, ha comptat amb dues sessions: d&#8217;una banda s&#8217;han treballat conceptes relacionats amb la Cultura de la pau, la No-Viol\u00e8ncia i la prevenci\u00f3 de conflictes, l&#8217;educaci\u00f3 intercultural i la construcci\u00f3 de la pau; d&#8217;altra banda s&#8217;ha projectat el documental <em>Els fils del tauler<\/em>, on els joves s&#8217;han sensibilitzat i han reflexionat al voltant dels conflictes b\u00e8l\u00b7lics. Estos tallers han beneficiat a un total de 717 alumnes del CEIP Carles Salvador de Barxeta, IES Sucro d&#8217;Albalat de la Ribera, IES Enguera de la mateixa localitat, IES L\u2019Om de Picassent, Col\u00b7legi Les Carolines de Picassent, IES La Vereda de La Pobla de Vallbona, CPEPA La Pobla de Vallbona i IES Les Foies de Benig\u00e0nim.<\/p>\n\n\n\n<p class=\"wp-block-paragraph\">Pel que fa a la jornada formativa de la segona edici\u00f3 del projecte \u2018Val\u00e8ncia per la pau\u2019, la qual es va celebrar a Picassent amb el visionat del documental <em>Els fils del tauler<\/em> i la posterior reflexi\u00f3 col\u00b7lectiva, van participar ponents com Federico Mayor Zaragoza, president de la Fundaci\u00f3 Cultura de la Paz i exdirector general de la UNESCO, o Lola Ba\u00f1\u00f3n, periodista, doctora, professora i defensora dels Drets Humans, en una jornada que va arribar a 55 persones entre pol\u00edtics i t\u00e8cnis municipals. Este seminari va tractar diferents conceptes i punts de vista al voltant de la Cultura de la pau, aix\u00ed com els reptes pendents per a la prevenci\u00f3 de conflictes.<\/p>\n\n\n\n<p class=\"wp-block-paragraph\">Sobre la valoraci\u00f3 del projecte, \u00c1lvaro Escorihuela, president del Fons Valenci\u00e0 i regidor de Cooperaci\u00f3 i Solidaritat de l&#8217;Ajuntament de Vila-real, ha recalcat \u201cl&#8217;elevada incid\u00e8ncia que el projecte ha tingut sobre la poblaci\u00f3 dels municipis participants, educant a m\u00e9s de mil valencians i valencianes al voltant de q\u00fcestions d&#8217;elevada envergadura en el context actual i futur com els ODS i la Cultura de la pau\u201d. A m\u00e9s, Escorihuela ha destacat \u201cla for\u00e7a que t\u00e9 el municipalisme valenci\u00e0 soci del Fons i la descentralitzaci\u00f3 a l&#8217;hora de treballar pels objectius comuns propis de l&#8217;entitat\u201d.<\/p>\n\n\n\n<p class=\"wp-block-paragraph\">Mentxu Balaguer, diputada de Cooperaci\u00f3 Internacional de la Diputaci\u00f3 de Val\u00e8ncia i tinenta d&#8217;alcaldessa de Corbera, ha incidit \u201cen la import\u00e0ncia de col\u00b7laborar entre diverses administracions i entitats per a fer m\u00e9s eficaces i eficients el desenvolupament de diferents projectes\u201d, concretant que \u201camb la segona edici\u00f3 de \u2018Val\u00e8ncia per la pau\u2019 s&#8217;ha consolidat el cam\u00ed cap a una territorialitzaci\u00f3 i vertebraci\u00f3 de la Cultura de la pau, en definitiva, la base de la democr\u00e0cia i de la conviv\u00e8ncia\u201d.<\/p>\n\n\n\n<p class=\"wp-block-paragraph\"><strong>El Fons Valenci\u00e0 per la Solidaritat<\/strong><\/p>\n\n\n\n<p class=\"wp-block-paragraph\">El Fons Valenci\u00e0 \u00e9s l&#8217;associaci\u00f3 d&#8217;entitats locals de la Comunitat Valenciana que t\u00e9 com a objectius realitzar i finan\u00e7ar projectes de cooperaci\u00f3 internacional i d&#8217;educaci\u00f3 per al desenvolupament, amb les aportacions econ\u00f2miques que cada any fan els seus socis (ajuntaments i mancomunitats de la Comunitat Valenciana).<\/p>\n\n\n\n<p class=\"wp-block-paragraph\">Actualment, el Fons compta amb 132 entitats locals valencianes s\u00f2cies (123 ajuntaments i 9 mancomunitats) i concentra les seues actuacions de cooperaci\u00f3 descentralitzada a l&#8217;Equador, Bol\u00edvia i El Salvador, aix\u00ed com en pa\u00efsos en situacions d&#8217;emerg\u00e8ncia. Aix\u00ed mateix, realitza projectes de sensibilitzaci\u00f3 cap a un desenvolupament hum\u00e0, equitatiu, just i sostenible entre la poblaci\u00f3 de les entitats locals s\u00f2cies del Fons, i la ciutadania valenciana en general.<\/p>\n\n\n\n<p class=\"wp-block-paragraph\">La relaci\u00f3 entre els municipis del Sud i el Fons ve donada per la participaci\u00f3 municipalista i descentralitzada en pol\u00edtiques de cooperaci\u00f3 per al desenvolupament social i econ\u00f2mic, amb la col\u00b7laboraci\u00f3 en projectes nascuts de les necessitats concretes i locals, i sol\u00b7licitats pels mateixos municipis o a trav\u00e9s de contraparts, com per exemple les ONGD. La participaci\u00f3 en els projectes de cooperaci\u00f3 sempre t\u00e9 com a objectiu de totes les entitats col\u00b7laboradores el respecte cap a la cultura local i l&#8217;absorci\u00f3 m\u00fatua de coneixements i experi\u00e8ncies.<\/p>\n\n\n\n<p class=\"wp-block-paragraph\"><\/p>\n","protected":false},"excerpt":{"rendered":"<div class=\"mh-excerpt\">La diputada de Cooperaci\u00f3 Internacional en la Diputaci\u00f3 de Val\u00e8ncia, Mentxu Balaguer, es reunix amb els representants del Fons Valenci\u00e0 per la Solidaritat per a analitzar la segona edici\u00f3 de \u2018Val\u00e8ncia per la Pau\u2019 Barxeta, <a class=\"mh-excerpt-more\" href=\"https:\/\/tucomarca.whitekongsoftware.com\/ca\/mes-de-1-400-persones-de-la-provincia-de-valencia-se-sensibilitzen-al-voltant-de-la-cultura-de-la-pau\/\" title=\"M\u00e9s de 1.400 persones de la prov\u00edncia de Val\u00e8ncia se sensibilitzen al voltant de la Cultura de la Pau\">[+] <\/a><\/div>\n","protected":false},"author":12,"featured_media":148561,"comment_status":"open","ping_status":"open","sticky":false,"template":"","format":"standard","meta":{"footnotes":""},"categories":[10892,10898,10948,10894,10904,10915,10947,10896],"tags":[16345,16346,11246,16347],"class_list":["post-148563","post","type-post","status-publish","format-standard","has-post-thumbnail","category-camp-de-turia-ca","category-ventana-ca","category-infraestructuras-ca","category-la-comarca-ca","category-sin-categorizar-ca","category-la-pobla-ca","category-politica","category-seccion-ca","tag-cooperacion-internacional-ca","tag-cultura-de-la-paz-ca","tag-diputacio-de-valencia-ca","tag-valencia-per-la-pau-ca"],"_links":{"self":[{"href":"https:\/\/tucomarca.whitekongsoftware.com\/ca\/wp-json\/wp\/v2\/posts\/148563","targetHints":{"allow":["GET"]}}],"collection":[{"href":"https:\/\/tucomarca.whitekongsoftware.com\/ca\/wp-json\/wp\/v2\/posts"}],"about":[{"href":"https:\/\/tucomarca.whitekongsoftware.com\/ca\/wp-json\/wp\/v2\/types\/post"}],"author":[{"embeddable":true,"href":"https:\/\/tucomarca.whitekongsoftware.com\/ca\/wp-json\/wp\/v2\/users\/12"}],"replies":[{"embeddable":true,"href":"https:\/\/tucomarca.whitekongsoftware.com\/ca\/wp-json\/wp\/v2\/comments?post=148563"}],"version-history":[{"count":0,"href":"https:\/\/tucomarca.whitekongsoftware.com\/ca\/wp-json\/wp\/v2\/posts\/148563\/revisions"}],"wp:featuredmedia":[{"embeddable":true,"href":"https:\/\/tucomarca.whitekongsoftware.com\/ca\/wp-json\/wp\/v2\/media\/148561"}],"wp:attachment":[{"href":"https:\/\/tucomarca.whitekongsoftware.com\/ca\/wp-json\/wp\/v2\/media?parent=148563"}],"wp:term":[{"taxonomy":"category","embeddable":true,"href":"https:\/\/tucomarca.whitekongsoftware.com\/ca\/wp-json\/wp\/v2\/categories?post=148563"},{"taxonomy":"post_tag","embeddable":true,"href":"https:\/\/tucomarca.whitekongsoftware.com\/ca\/wp-json\/wp\/v2\/tags?post=148563"}],"curies":[{"name":"wp","href":"https:\/\/api.w.org\/{rel}","templated":true}]}}