{"id":148540,"date":"2022-02-04T12:06:00","date_gmt":"2022-02-04T11:06:00","guid":{"rendered":"http:\/\/www.tucomarca.com\/wordpress\/segunda\/?p=148540"},"modified":"2022-02-04T15:11:33","modified_gmt":"2022-02-04T14:11:33","slug":"el-pla-urba-dactuacio-municipal-de-bunyol-comptara-amb-mes-de-50-actuacions-a-realitzar-fins-a-2030","status":"publish","type":"post","link":"https:\/\/tucomarca.whitekongsoftware.com\/ca\/el-pla-urba-dactuacio-municipal-de-bunyol-comptara-amb-mes-de-50-actuacions-a-realitzar-fins-a-2030\/","title":{"rendered":"El Pla Urb\u00e0 d&#8217;Actuaci\u00f3 Municipal de Bunyol comptar\u00e0 amb m\u00e9s de 50 actuacions a realitzar fins a 2030"},"content":{"rendered":"\n<p class=\"wp-block-paragraph\">En la primera sessi\u00f3 plen\u00e0ria celebrada a l&#8217;Ajuntament de Bunyol en aquest 2022, corresponent al mes de gener, va ser aprovat per unanimitat el Pla Urb\u00e0 d&#8217;Actuaci\u00f3 Municipal (PUAM). Una pla que va arrancar l&#8217;any passat amb la fase d&#8217;enquesta i que va continuar fent passos fins que la poblaci\u00f3 ha determinat el municipi que es vol fins a 2030.<br>Aquesta iniciativa de car\u00e0cter estrat\u00e8gic local ha ajudat a definir les l\u00ednies d&#8217;actuaci\u00f3 del municipi, incorporant els Objectius de Desenvolupament Sostenible de l&#8217;Agenda 2030 en les prioritats de l&#8217;agenda urbana municipal. El Consell Econ\u00f2mic i Social de Bunyol va acollir ja al juny de 2021 la presentaci\u00f3 d&#8217;aquest pla. Des de llavors s&#8217;han desenvolupat dos tallers informatius i una enquesta llan\u00e7ada per xarxes i per la web de l&#8217;Ajuntament de Bunyol perqu\u00e8 tots els ciutadans de manera an\u00f2nima l&#8217;emplenaren augmentant la participaci\u00f3 i escoltant les necessitats de tots els col\u00b7lectius i edats.&nbsp;<br>D&#8217;aquesta manera, Bunyol s&#8217;ha sumat a un proc\u00e9s estrat\u00e8gic que ha identificat en m\u00e9s de 50 actuacions a desenvolupar en el municipi amb l&#8217;objectiu d&#8217;incorporar els Objectius de desenvolupament Sostenible (ODS) i l&#8217;Agenda 2030 en la gesti\u00f3 municipal.&nbsp;<br>Rafa P\u00e9rez, regidor d&#8217;Urbanisme a l&#8217;Ajuntament de Bunyol, va incidir en el ple del passat dilluns en qu\u00e8 a pesar que la participaci\u00f3 ciutadana en el PUAM ha sigut molt inferior a l&#8217;esperat, \u201cs\u00ed que reflecteix les necessitats que portem identificant en tots els \u00e0mbits per al nostre poble. En aquest PUAM veiem com volem que siga el nostre poble fins a 2030 des del punt de vista urban\u00edstic, mediambiental, cultural, laboral, social i econ\u00f2mic\u201d. S&#8217;aposta en aquest PUAM per un poble m\u00e9s saludable, sostenible, just, inclusiu i habitable per a tots.&nbsp;<br>Tamb\u00e9 en aquest PUAM s&#8217;analitzen tots els edificis patrimonials i la situaci\u00f3 de la demografia en la localitat. S&#8217;ha detectat la tend\u00e8ncia decreixent de la poblaci\u00f3 en els \u00faltims anys i la necessitat que els joves puguen comptar amb treball i habitatge. Aquest \u00e9s un dels grans objectius per als pr\u00f2xims anys. Tamb\u00e9 s&#8217;analitzen les seues empreses, els seus comer\u00e7os, el seu turisme, el seu art i cultura, les associacions, festes o activitats setmanals. Tamb\u00e9 analitza l&#8217;estat de les infraestructures d&#8217;acc\u00e9s i de l&#8217;interior del municipi. Finalitza amb les febleses i fortaleses, aix\u00ed com les amenaces i oportunitats que ofereix aquesta bella localitat d&#8217;interior, sense oblidar tot all\u00f2 que ha sigut confirmat majorit\u00e0riament per les enquestes realitzades a la ciutadania.&nbsp;<br>L&#8217;edil bu\u00f1olense Rafa P\u00e9rez s&#8217;ha mostrat molt satisfet per comptar amb un pla d&#8217;obligat compliment que tra\u00e7a l\u00ednies a seguir que, independentment dels futurs governs municipals que hi haja en el Consistori, no podran canviar ni negar-se a posar-lo en marxa. Aix\u00ed tots \u201chem col\u00b7laborat al Bunyol que volem per als pr\u00f2xims anys sense marques i ideals pol\u00edtics, l&#8217;\u00fanic objectiu dels quals siga continuar projectes d&#8217;una mateixa legislatura fins a la seua finalitzaci\u00f3\u201d.<br>P\u00e9rez finalitza recordant que en aquests moments es troba disponible en la web de l&#8217;Ajuntament de Bunyol l&#8217;enquesta per a tra\u00e7ar el seg\u00fcent pla, el Pla de Mobilitat Urbano Sostenible (PMUS), que pret\u00e9n la identificaci\u00f3 de les necessitats existents i els objectius generals a establir de cara a planificar, programar i coordinar, aquelles actuacions que afecten la mobilitat del municipi, com assegurar i potenciar que el vianant continue sent el principal protagonista de la mobilitat a la ciutat; consolidar i afavorir l&#8217;expansi\u00f3 de la bicicleta com a manera de transport general i quotidi\u00e0 dels ciutadans; revisar i redefinir una jerarquia vi\u00e0ria en la poblaci\u00f3 que permeta una millor ordenaci\u00f3 dels fluxos de tr\u00e0nsit per aquesta, de manera que el centre deixe de ser un itinerari de pas i recupere el seu car\u00e0cter de punt de trobada essencial de la ciutat i els ciutadans; organitzar l&#8217;espai destinat a l&#8217;estacionament en superf\u00edcie; afavorir la descarbonitzaci\u00f3 del sistema de transport; fer de la dissuasi\u00f3 i la prevenci\u00f3 la base de la disciplina circulat\u00f2ria a la ciutat; millorar la seguretat vi\u00e0ria i la conviv\u00e8ncia pac\u00edfica entre tots els usuaris de la via i aconseguir aix\u00ed un municipi accessible per a tots els ciutadans. L&#8217;enquesta es pot realitzar punxant aquest enlla\u00e7: <a href=\"https:\/\/forms.gle\/b8cTCWYo9CFTxXFF9\">https:\/\/forms.gle\/b8cTCWYo9CFTxXFF9<\/a><\/p>\n\n\n\n<p class=\"wp-block-paragraph\"><\/p>\n","protected":false},"excerpt":{"rendered":"<div class=\"mh-excerpt\">En la primera sessi\u00f3 plen\u00e0ria celebrada a l&#8217;Ajuntament de Bunyol en aquest 2022, corresponent al mes de gener, va ser aprovat per unanimitat el Pla Urb\u00e0 d&#8217;Actuaci\u00f3 Municipal (PUAM). Una pla que va arrancar l&#8217;any <a class=\"mh-excerpt-more\" href=\"https:\/\/tucomarca.whitekongsoftware.com\/ca\/el-pla-urba-dactuacio-municipal-de-bunyol-comptara-amb-mes-de-50-actuacions-a-realitzar-fins-a-2030\/\" title=\"El Pla Urb\u00e0 d&#8217;Actuaci\u00f3 Municipal de Bunyol comptar\u00e0 amb m\u00e9s de 50 actuacions a realitzar fins a 2030\">[+] <\/a><\/div>\n","protected":false},"author":12,"featured_media":135622,"comment_status":"open","ping_status":"open","sticky":false,"template":"","format":"standard","meta":{"footnotes":""},"categories":[10911,10948,10894,10912,10947,10896],"tags":[10913,10914,14881,13332],"class_list":["post-148540","post","type-post","status-publish","format-standard","has-post-thumbnail","category-bunol-ca","category-infraestructuras-ca","category-la-comarca-ca","category-la-hoya-ca","category-politica","category-seccion-ca","tag-bunol-ca","tag-la-hoya-de-bunol-chiva-ca","tag-plan-urbano-de-actuacion-municipal-ca","tag-puam-ca"],"_links":{"self":[{"href":"https:\/\/tucomarca.whitekongsoftware.com\/ca\/wp-json\/wp\/v2\/posts\/148540","targetHints":{"allow":["GET"]}}],"collection":[{"href":"https:\/\/tucomarca.whitekongsoftware.com\/ca\/wp-json\/wp\/v2\/posts"}],"about":[{"href":"https:\/\/tucomarca.whitekongsoftware.com\/ca\/wp-json\/wp\/v2\/types\/post"}],"author":[{"embeddable":true,"href":"https:\/\/tucomarca.whitekongsoftware.com\/ca\/wp-json\/wp\/v2\/users\/12"}],"replies":[{"embeddable":true,"href":"https:\/\/tucomarca.whitekongsoftware.com\/ca\/wp-json\/wp\/v2\/comments?post=148540"}],"version-history":[{"count":0,"href":"https:\/\/tucomarca.whitekongsoftware.com\/ca\/wp-json\/wp\/v2\/posts\/148540\/revisions"}],"wp:featuredmedia":[{"embeddable":true,"href":"https:\/\/tucomarca.whitekongsoftware.com\/ca\/wp-json\/wp\/v2\/media\/135622"}],"wp:attachment":[{"href":"https:\/\/tucomarca.whitekongsoftware.com\/ca\/wp-json\/wp\/v2\/media?parent=148540"}],"wp:term":[{"taxonomy":"category","embeddable":true,"href":"https:\/\/tucomarca.whitekongsoftware.com\/ca\/wp-json\/wp\/v2\/categories?post=148540"},{"taxonomy":"post_tag","embeddable":true,"href":"https:\/\/tucomarca.whitekongsoftware.com\/ca\/wp-json\/wp\/v2\/tags?post=148540"}],"curies":[{"name":"wp","href":"https:\/\/api.w.org\/{rel}","templated":true}]}}