{"id":148516,"date":"2022-02-03T17:27:00","date_gmt":"2022-02-03T16:27:00","guid":{"rendered":"http:\/\/www.tucomarca.com\/wordpress\/segunda\/?p=148516"},"modified":"2022-02-03T19:03:52","modified_gmt":"2022-02-03T18:03:52","slug":"riba-roja-torna-a-reduir-la-taxa-datur-en-altres-95-persones-al-gener-per-tercer-mes-consecutiu-amb-un-61-menys","status":"publish","type":"post","link":"https:\/\/tucomarca.whitekongsoftware.com\/ca\/riba-roja-torna-a-reduir-la-taxa-datur-en-altres-95-persones-al-gener-per-tercer-mes-consecutiu-amb-un-61-menys\/","title":{"rendered":"Riba-roja torna a reduir la taxa d&#8217;atur en altres 95 persones al gener per tercer mes consecutiu amb un 6\u20191% menys"},"content":{"rendered":"\n<h4 class=\"wp-block-heading\">77 dones i 18 homes van trobar un lloc de treball en la localitat<\/h4>\n\n\n\n<p class=\"wp-block-paragraph\">Riba-roja de T\u00faria ha tornat a reduir la taxa d&#8217;atur en un 6\u20191% al gener per tercer mes consecutiu en trobar un lloc de treball un total de 95 persones, segons les dades publicades per l&#8217;entitat p\u00fablica Labora, dependent de la Generalitat Valenciana. La taxa d&#8217;atur se situa en 1.443 persones, de les quals 580 s\u00f3n homes mentre que els restants 863 s\u00f3n dones.<\/p>\n\n\n\n<p class=\"wp-block-paragraph\">Les xifres de la Generalitat constaten una recuperaci\u00f3 en la creaci\u00f3 d&#8217;ocupaci\u00f3 en la localitat des d&#8217;el mes de novembre passat quan la taxa es va reduir en 92 persones, va continuar al desembre amb altres 85 persones i, finament, les referides 95 persones en el mes de gener passat. En termes percentuals, el descens ha passat del 5\u20194% al novembre al 5\u20193% al desembre i el 6\u20191% al gener.<\/p>\n\n\n\n<p class=\"wp-block-paragraph\">Les dades de Labora certifiquen que des del passat estiu la taxa d&#8217;atur a Riba-roja de T\u00faria s&#8217;ha redu\u00eft en fins a 256 persones, de les 83 s\u00f3n homes i els restants 173 s\u00f3n dones. A m\u00e9s, cal assenyalar que el nombre total d&#8217;aturats en la localitat es mant\u00e9 per sota del nivell que tenia lloc abans de la pand\u00e8mia quan fa exactament dos anys, al gener de 2020, hi havia 1.495 aturats.<\/p>\n\n\n\n<p class=\"wp-block-paragraph\">Per sectors d&#8217;activitat, la taxa d&#8217;atur actual fixa en 35 les persones que pertanyen a l&#8217;\u00e0rea de l&#8217;agricultura, altres 119 persones en el sector de la construcci\u00f3, la ind\u00fastria t\u00e9 un total de 189 persones en atur mentre que 1.058 s\u00f3n del sector dels serveis i les restants 42 persones no estan enquadrades en un sector determinat. La divisi\u00f3 per \u00e0rees es mant\u00e9 en la mateixa proporci\u00f3 al llarg dels \u00faltims mesos.<\/p>\n\n\n\n<p class=\"wp-block-paragraph\">El sector dels serveis \u00e9s el que m\u00e9s ocupaci\u00f3 va crear al gener passat amb 44 persones menys en atur, de 1.102 es va passar a 1.058 en total, seguit d&#8217;altres 34 persones del sector de la ind\u00fastria que, tamb\u00e9, van trobar una ocupaci\u00f3, de 223 es va passar a 189 aturat. Finalment, 5 persones de la construcci\u00f3 i 2 de l&#8217;agricultura van trobar una ocupaci\u00f3. Els altres 10 llocs de treball no pertanyen a un sector concret.<\/p>\n\n\n\n<p class=\"wp-block-paragraph\">Per seccions d&#8217;activitat econ\u00f2mica, una gran majoria dels aturats de Riba-roja de T\u00faria estan enquadrats en les activitats administratives i serveis auxiliars amb 237 persones, altres 206 en el comer\u00e7 a l&#8217;engr\u00f2s i menor, reparaci\u00f3 de vehicles de motor i motocicletes, 175 en la ind\u00fastria manufacturera, 148 en l&#8217;administraci\u00f3 p\u00fablica i defensa, seguretat social obligat\u00f2ria, 119 en la construcci\u00f3, 110 en l&#8217;hostaleria, 108 en activitats professionals, cient\u00edfiques i t\u00e8cniques i 49 en activitats sanit\u00e0ries i serveis socials, entre altres.<\/p>\n\n\n\n<p class=\"wp-block-paragraph\">El perfil dels aturats apunta a una majoria dels mateixos major de 44 anys d&#8217;edat amb un total de 820 persones sobre el c\u00f2mput general, altres 519 entre 25 i 44 anys i, finalment, 104 menors de 25 anys. En termes de g\u00e8nere i edat, sobre el total d&#8217;aturats hi ha una majoria de dones amb 493 majors de 44 anys, altres 327 homes tamb\u00e9 majors de 44 anys, 323 dones d&#8217;entre 25 i 44 anys i 196 homes en la mateixa franja d&#8217;edat. Finalment, entre els menors de 25 anys abunden els homes amb 57 en total enfront de les 47 dones.<\/p>\n\n\n\n<p class=\"wp-block-paragraph\">Per grups d&#8217;ocupaci\u00f3, 370 aturats estan enquadrats en les ocupacions elementals, altres 317 s\u00f3n treballadors dels serveis de la restauraci\u00f3, personals, protecci\u00f3 i venedors, 199 s\u00f3n artesans i treballadors qualificats de les ind\u00fastries manufactureres i la construcci\u00f3, 193 s\u00f3n emprats comptables, administratius i altres ocupacions d&#8217;oficina i 120 s\u00f3n t\u00e8cnics professionals de suport, principalment.<\/p>\n\n\n\n<p class=\"wp-block-paragraph\">L&#8217;alcalde de Riba-roja de T\u00faria, Robert Raga, ha afirmat que les dades publicades per Labora \u201creflecteixen una tend\u00e8ncia positiva dels \u00faltims tres mesos amb una creaci\u00f3 d&#8217;ocupaci\u00f3 notable i que ens situa en percentatges menors a l&#8217;\u00e8poca anterior a la pand\u00e8mia, si b\u00e9 cal continuar en la mateixa l\u00ednia de fer costat a les nostres petites i mitjanes empreses, els nostres aut\u00f2noms i els nostres treballadors, a m\u00e9s de continuar amb els plans de formaci\u00f3 i inserci\u00f3 laboral\u201d.<\/p>\n","protected":false},"excerpt":{"rendered":"<div class=\"mh-excerpt\">77 dones i 18 homes van trobar un lloc de treball en la localitat Riba-roja de T\u00faria ha tornat a reduir la taxa d&#8217;atur en un 6\u20191% al gener per tercer mes consecutiu en trobar <a class=\"mh-excerpt-more\" href=\"https:\/\/tucomarca.whitekongsoftware.com\/ca\/riba-roja-torna-a-reduir-la-taxa-datur-en-altres-95-persones-al-gener-per-tercer-mes-consecutiu-amb-un-61-menys\/\" title=\"Riba-roja torna a reduir la taxa d&#8217;atur en altres 95 persones al gener per tercer mes consecutiu amb un 6\u20191% menys\">[+] <\/a><\/div>\n","protected":false},"author":1,"featured_media":148514,"comment_status":"open","ping_status":"open","sticky":false,"template":"","format":"standard","meta":{"footnotes":""},"categories":[10892,10948,10894,10947,10906,10896],"tags":[10899,11968,10907],"class_list":["post-148516","post","type-post","status-publish","format-standard","has-post-thumbnail","category-camp-de-turia-ca","category-infraestructuras-ca","category-la-comarca-ca","category-politica","category-riba-roja-ca","category-seccion-ca","tag-camp-de-turia-ca","tag-desempleo-ca","tag-riba-roja-del-turia-ca"],"_links":{"self":[{"href":"https:\/\/tucomarca.whitekongsoftware.com\/ca\/wp-json\/wp\/v2\/posts\/148516","targetHints":{"allow":["GET"]}}],"collection":[{"href":"https:\/\/tucomarca.whitekongsoftware.com\/ca\/wp-json\/wp\/v2\/posts"}],"about":[{"href":"https:\/\/tucomarca.whitekongsoftware.com\/ca\/wp-json\/wp\/v2\/types\/post"}],"author":[{"embeddable":true,"href":"https:\/\/tucomarca.whitekongsoftware.com\/ca\/wp-json\/wp\/v2\/users\/1"}],"replies":[{"embeddable":true,"href":"https:\/\/tucomarca.whitekongsoftware.com\/ca\/wp-json\/wp\/v2\/comments?post=148516"}],"version-history":[{"count":0,"href":"https:\/\/tucomarca.whitekongsoftware.com\/ca\/wp-json\/wp\/v2\/posts\/148516\/revisions"}],"wp:featuredmedia":[{"embeddable":true,"href":"https:\/\/tucomarca.whitekongsoftware.com\/ca\/wp-json\/wp\/v2\/media\/148514"}],"wp:attachment":[{"href":"https:\/\/tucomarca.whitekongsoftware.com\/ca\/wp-json\/wp\/v2\/media?parent=148516"}],"wp:term":[{"taxonomy":"category","embeddable":true,"href":"https:\/\/tucomarca.whitekongsoftware.com\/ca\/wp-json\/wp\/v2\/categories?post=148516"},{"taxonomy":"post_tag","embeddable":true,"href":"https:\/\/tucomarca.whitekongsoftware.com\/ca\/wp-json\/wp\/v2\/tags?post=148516"}],"curies":[{"name":"wp","href":"https:\/\/api.w.org\/{rel}","templated":true}]}}