{"id":148510,"date":"2022-02-03T15:00:00","date_gmt":"2022-02-03T14:00:00","guid":{"rendered":"http:\/\/www.tucomarca.com\/wordpress\/segunda\/?p=148510"},"modified":"2022-02-03T18:54:25","modified_gmt":"2022-02-03T17:54:25","slug":"lincliva-ava-asaja-i-fundacio-vcf-lliuren-els-premis-de-la-campanya-aquest-nadal-regala-recerca","status":"publish","type":"post","link":"https:\/\/tucomarca.whitekongsoftware.com\/ca\/lincliva-ava-asaja-i-fundacio-vcf-lliuren-els-premis-de-la-campanya-aquest-nadal-regala-recerca\/","title":{"rendered":"L&#8217;INCLIVA, AVA-Asaja i Fundaci\u00f3 VCF lliuren els premis de la campanya \u201cAquest Nadal, regala recerca\u201d"},"content":{"rendered":"\n<p class=\"wp-block-paragraph\">L&#8217;Institut de Recerca Sanit\u00e0ria de l&#8217;Hospital Cl\u00ednic de Val\u00e8ncia (<em>INCLIVA), amb la col\u00b7laboraci\u00f3 de l&#8217;Associaci\u00f3 Valenciana d&#8217;Agricultors (<\/em>AVA-Asaja) i la Fundaci\u00f3 VCF com a entitats ambaixadores d&#8217;honor, han concl\u00f2s avui el lliurament de premis de la campanya solid\u00e0ria \u2018Aquest Nadal, regala recerca\u2019.<\/p>\n\n\n\n<p class=\"wp-block-paragraph\">Aquesta iniciativa, que pret\u00e9n conscienciar a la societat sobre la transcend\u00e8ncia de la recerca sanit\u00e0ria i plantejar la possibilitat que tamb\u00e9 els ciutadans contribueixin mitjan\u00e7ant el seu donatiu particular a trobar solucions als problemes m\u00e8dics no resolts, ha sortejat lots entre les persones participants.<\/p>\n\n\n\n<p class=\"wp-block-paragraph\"><em>AVA-<\/em>ASAJA ha repartit productes agraris de proximitat: un lot especial amb vi de la Denominaci\u00f3 d&#8217;Origen (DO) Val\u00e8ncia, taronges i productes ecol\u00f2gics d&#8217;origen Comunitat Valenciana; tres lots amb quatre ampolles de vi ecol\u00f2gic de Cellers \u00c9nguera; dues caixes de vi de DO Val\u00e8ncia; cinc caixes de taronges origen Comunitat Valenciana; i dos lots de productes ecol\u00f2gics d&#8217;origen Comunitat Valenciana de AgroLife.<\/p>\n\n\n\n<p class=\"wp-block-paragraph\">Per part seva, els premis que va facilitar el 24 de gener la Fundaci\u00f3 VCF s\u00f3n: una samarreta del Val\u00e8ncia CF signada pels jugadors i personalitzada a l&#8217;esquena amb INCLIVA; una pilota signada pels jugadors del Val\u00e8ncia CF; dos conjunts de bufanda i capell del Val\u00e8ncia CF; dos Tour Mestalla; i quatre entrades per a participar en el campus \u2018Jo vaig trepitjar Mestalla\u2019.<\/p>\n\n\n\n<p class=\"wp-block-paragraph\">Alguns dels premiats han decidit donar el seu premi a ASPANION (Associaci\u00f3 de Pares de Nens Amb C\u00e0ncer de la Comunitat Valenciana) perqu\u00e8 nens que pateixen c\u00e0ncer i les seves fam\u00edlies gaudeixin dels regals.<\/p>\n\n\n\n<p class=\"wp-block-paragraph\">\u2018Aquest Nadal, regala recerca\u2019 s&#8217;emmarca en la campanya \u2018Jo dono suport a la recerca\u2019 i constitueix un pas m\u00e9s en l&#8217;estreta col\u00b7laboraci\u00f3 que INCLIVA duu a terme amb AVA-ASAJA a fi d&#8217;avan\u00e7ar en la recerca sobre els beneficis saludables que pot aportar el consum de productes agraris valencians com els c\u00edtrics, el caqui o la xufla. Informa, <strong>Luis Ib\u00e1\u00f1ez<\/strong>.<\/p>\n","protected":false},"excerpt":{"rendered":"<div class=\"mh-excerpt\">L&#8217;Institut de Recerca Sanit\u00e0ria de l&#8217;Hospital Cl\u00ednic de Val\u00e8ncia (INCLIVA), amb la col\u00b7laboraci\u00f3 de l&#8217;Associaci\u00f3 Valenciana d&#8217;Agricultors (AVA-Asaja) i la Fundaci\u00f3 VCF com a entitats ambaixadores d&#8217;honor, han concl\u00f2s avui el lliurament de premis de <a class=\"mh-excerpt-more\" href=\"https:\/\/tucomarca.whitekongsoftware.com\/ca\/lincliva-ava-asaja-i-fundacio-vcf-lliuren-els-premis-de-la-campanya-aquest-nadal-regala-recerca\/\" title=\"L&#8217;INCLIVA, AVA-Asaja i Fundaci\u00f3 VCF lliuren els premis de la campanya \u201cAquest Nadal, regala recerca\u201d\">[+] <\/a><\/div>\n","protected":false},"author":1,"featured_media":148508,"comment_status":"open","ping_status":"open","sticky":false,"template":"","format":"standard","meta":{"footnotes":""},"categories":[10905,11015,11014,11003,10948,10894,10904,10909,10896],"tags":[11924,11074,11075,12606],"class_list":["post-148510","post","type-post","status-publish","format-standard","has-post-thumbnail","category-agricultura-la-comarca-ca","category-canal-futbol","category-canal-valencia-cf-ca","category-sports","category-infraestructuras-ca","category-la-comarca-ca","category-sin-categorizar-ca","category-requena-utiel-ca","category-seccion-ca","tag-ava-asaja-ca","tag-deportes-ca","tag-futbol-ca","tag-valencia-cf-ca"],"_links":{"self":[{"href":"https:\/\/tucomarca.whitekongsoftware.com\/ca\/wp-json\/wp\/v2\/posts\/148510","targetHints":{"allow":["GET"]}}],"collection":[{"href":"https:\/\/tucomarca.whitekongsoftware.com\/ca\/wp-json\/wp\/v2\/posts"}],"about":[{"href":"https:\/\/tucomarca.whitekongsoftware.com\/ca\/wp-json\/wp\/v2\/types\/post"}],"author":[{"embeddable":true,"href":"https:\/\/tucomarca.whitekongsoftware.com\/ca\/wp-json\/wp\/v2\/users\/1"}],"replies":[{"embeddable":true,"href":"https:\/\/tucomarca.whitekongsoftware.com\/ca\/wp-json\/wp\/v2\/comments?post=148510"}],"version-history":[{"count":0,"href":"https:\/\/tucomarca.whitekongsoftware.com\/ca\/wp-json\/wp\/v2\/posts\/148510\/revisions"}],"wp:featuredmedia":[{"embeddable":true,"href":"https:\/\/tucomarca.whitekongsoftware.com\/ca\/wp-json\/wp\/v2\/media\/148508"}],"wp:attachment":[{"href":"https:\/\/tucomarca.whitekongsoftware.com\/ca\/wp-json\/wp\/v2\/media?parent=148510"}],"wp:term":[{"taxonomy":"category","embeddable":true,"href":"https:\/\/tucomarca.whitekongsoftware.com\/ca\/wp-json\/wp\/v2\/categories?post=148510"},{"taxonomy":"post_tag","embeddable":true,"href":"https:\/\/tucomarca.whitekongsoftware.com\/ca\/wp-json\/wp\/v2\/tags?post=148510"}],"curies":[{"name":"wp","href":"https:\/\/api.w.org\/{rel}","templated":true}]}}