{"id":148494,"date":"2022-02-03T17:57:40","date_gmt":"2022-02-03T16:57:40","guid":{"rendered":"http:\/\/www.tucomarca.com\/wordpress\/segunda\/?p=148494"},"modified":"2022-02-03T17:57:45","modified_gmt":"2022-02-03T16:57:45","slug":"sanitat-notifica-15-620-nous-casos-de-coronavirus-26-defuncions-i-24-353-altes-en-la-comunitat-valenciana","status":"publish","type":"post","link":"https:\/\/tucomarca.whitekongsoftware.com\/ca\/sanitat-notifica-15-620-nous-casos-de-coronavirus-26-defuncions-i-24-353-altes-en-la-comunitat-valenciana\/","title":{"rendered":"Sanitat notifica 15.620 nous casos de coronavirus, 26 defuncions i 24.353 altes en la Comunitat Valenciana"},"content":{"rendered":"\n<p class=\"wp-block-paragraph\"><strong>Per prov\u00edncies: 1.599 a Castell\u00f3, 4.907 a Alacant i 9.114 a Val\u00e8ncia<\/strong><\/p>\n\n\n\n<p class=\"wp-block-paragraph\"><strong>Els hospitals valencians tenen 1.741 persones ingressades, 172 d&#8217;elles en l&#8217;UCI<\/strong><\/p>\n\n\n\n<p class=\"wp-block-paragraph\">La Conselleria de Sanitat Universal i Salut P\u00fablica ha notificat un total de 15.620 nous casos de coronavirus confirmats per prova *PCR o a trav\u00e9s de test d&#8217;ant\u00edgens. Amb aquesta actualitzaci\u00f3, la xifra total de positius se situa en 1.166.358 persones. Els nous casos per prov\u00edncies s\u00f3n 1.599 a Castell\u00f3 (144.571 en total), 4.907 a Alacant (413.826), 9.114 a Val\u00e8ncia (607.956). La xifra total de casos sense assignar es mant\u00e9 en 5.<\/p>\n\n\n\n<p class=\"wp-block-paragraph\">El nombre d&#8217;altes supera per quart dia al nombre de nous casos. Aix\u00ed, s&#8217;han registrat 24.353 altes a pacients amb coronavirus, 8.733 m\u00e9s que nous casos. D&#8217;aquesta manera, el nombre de persones que han superat la malaltia des que va comen\u00e7ar la pand\u00e8mia en la Comunitat Valenciana ascendeix a 989.373 persones. Per prov\u00edncies, les altes es distribueixen aix\u00ed: 119.452 a Castell\u00f3, 355.825 a Alacant i 514.036 a Val\u00e8ncia. El total d&#8217;altes no assignades es mant\u00e9 en 60.<\/p>\n\n\n\n<p class=\"wp-block-paragraph\">Els hospitals valencians tenen, actualment, 1.741 persones ingressades, 172 d&#8217;elles en l&#8217;UCI: 259 a la prov\u00edncia de Castell\u00f3, 19 en UCI; 560 a la prov\u00edncia d&#8217;Alacant, 59 d&#8217;elles en l&#8217;UCI; i 922 a la prov\u00edncia de Val\u00e8ncia, 94 en UCI.<\/p>\n\n\n\n<p class=\"wp-block-paragraph\">S&#8217;han notificat 26 defuncions per coronavirus des de l&#8217;\u00faltima actualitzaci\u00f3, tots ells s\u00f3n persones mortes durant els \u00faltims set dies. Es tracta 10 dones d&#8217;entre 73 i 95 anys; i 16 homes, d&#8217;entre 60 i 94 anys. El total de decessos des de l&#8217;inici de la pand\u00e8mia ascendeix a 8.641: 988 a la prov\u00edncia de Castell\u00f3, 3.316 en la d&#8217;Alacant i 4.337 en la de Val\u00e8ncia.<\/p>\n\n\n\n<p class=\"wp-block-paragraph\">D&#8217;acord amb les dades registrades, en aquests moments hi ha 179.785 casos actius, la qual cosa suposa un 15,26% del total de positius.<\/p>\n","protected":false},"excerpt":{"rendered":"<div class=\"mh-excerpt\">Per prov\u00edncies: 1.599 a Castell\u00f3, 4.907 a Alacant i 9.114 a Val\u00e8ncia Els hospitals valencians tenen 1.741 persones ingressades, 172 d&#8217;elles en l&#8217;UCI La Conselleria de Sanitat Universal i Salut P\u00fablica ha notificat un total <a class=\"mh-excerpt-more\" href=\"https:\/\/tucomarca.whitekongsoftware.com\/ca\/sanitat-notifica-15-620-nous-casos-de-coronavirus-26-defuncions-i-24-353-altes-en-la-comunitat-valenciana\/\" title=\"Sanitat notifica 15.620 nous casos de coronavirus, 26 defuncions i 24.353 altes en la Comunitat Valenciana\">[+] <\/a><\/div>\n","protected":false},"author":1,"featured_media":144787,"comment_status":"open","ping_status":"open","sticky":false,"template":"","format":"standard","meta":{"footnotes":""},"categories":[11010,12202,10898,10948,10894,10904,10947,10896,10897],"tags":[11939,11940,11199,13963,13932],"class_list":["post-148494","post","type-post","status-publish","format-standard","has-post-thumbnail","category-canal-salud","category-covid-19-ca","category-ventana-ca","category-infraestructuras-ca","category-la-comarca-ca","category-sin-categorizar-ca","category-politica","category-seccion-ca","category-sucesos-la-comarca-ca","tag-coronavirus-ca","tag-covid-19-ca","tag-la-comunitat-ca","tag-vacunacion-ca","tag-vacunas-ca"],"_links":{"self":[{"href":"https:\/\/tucomarca.whitekongsoftware.com\/ca\/wp-json\/wp\/v2\/posts\/148494","targetHints":{"allow":["GET"]}}],"collection":[{"href":"https:\/\/tucomarca.whitekongsoftware.com\/ca\/wp-json\/wp\/v2\/posts"}],"about":[{"href":"https:\/\/tucomarca.whitekongsoftware.com\/ca\/wp-json\/wp\/v2\/types\/post"}],"author":[{"embeddable":true,"href":"https:\/\/tucomarca.whitekongsoftware.com\/ca\/wp-json\/wp\/v2\/users\/1"}],"replies":[{"embeddable":true,"href":"https:\/\/tucomarca.whitekongsoftware.com\/ca\/wp-json\/wp\/v2\/comments?post=148494"}],"version-history":[{"count":0,"href":"https:\/\/tucomarca.whitekongsoftware.com\/ca\/wp-json\/wp\/v2\/posts\/148494\/revisions"}],"wp:featuredmedia":[{"embeddable":true,"href":"https:\/\/tucomarca.whitekongsoftware.com\/ca\/wp-json\/wp\/v2\/media\/144787"}],"wp:attachment":[{"href":"https:\/\/tucomarca.whitekongsoftware.com\/ca\/wp-json\/wp\/v2\/media?parent=148494"}],"wp:term":[{"taxonomy":"category","embeddable":true,"href":"https:\/\/tucomarca.whitekongsoftware.com\/ca\/wp-json\/wp\/v2\/categories?post=148494"},{"taxonomy":"post_tag","embeddable":true,"href":"https:\/\/tucomarca.whitekongsoftware.com\/ca\/wp-json\/wp\/v2\/tags?post=148494"}],"curies":[{"name":"wp","href":"https:\/\/api.w.org\/{rel}","templated":true}]}}