{"id":148489,"date":"2022-02-03T14:25:00","date_gmt":"2022-02-03T13:25:00","guid":{"rendered":"http:\/\/www.tucomarca.com\/wordpress\/segunda\/?p=148489"},"modified":"2022-02-03T18:52:20","modified_gmt":"2022-02-03T17:52:20","slug":"la-unitat-de-violencia-de-genere-de-la-policia-local-de-bunyol-ofereix-major-proximitat-i-rapida-actuacio-per-a-aquesta-mena-de-victimes","status":"publish","type":"post","link":"https:\/\/tucomarca.whitekongsoftware.com\/ca\/la-unitat-de-violencia-de-genere-de-la-policia-local-de-bunyol-ofereix-major-proximitat-i-rapida-actuacio-per-a-aquesta-mena-de-victimes\/","title":{"rendered":"La Unitat de Viol\u00e8ncia de G\u00e8nere de la Policia Local de Bunyol ofereix major proximitat i r\u00e0pida actuaci\u00f3 per a aquesta mena de v\u00edctimes"},"content":{"rendered":"\n<p class=\"wp-block-paragraph\">Dimecres passat 2 de febrer el Sal\u00f3 de Plens del Consistori Municipal de Bunyol va celebrar Junta Local de Seguretat per a aprovar el procediment de coordinaci\u00f3 entre els cossos policials amb acc\u00e9s a Viogen, en concret el procediment operatiu entre la comand\u00e0ncia de la Gu\u00e0rdia Civil de Val\u00e8ncia i l&#8217;Ajuntament de Bunyol, garantint aix\u00ed el compliment de les mesures judicials de protecci\u00f3 a les v\u00edctimes de viol\u00e8ncia de g\u00e8nere, actuant la Policia Local amb funcions de \u201cPolicia Judicial Gen\u00e8rica\u201d.<br>Mar\u00eda Vall\u00e9s, regidora d&#8217;Interior de l&#8217;Ajuntament de Bunyol, ha mostrat la seua satisfacci\u00f3 per l&#8217;aprovaci\u00f3 d&#8217;aquest conveni que permet \u201cactuar a la nostra Policia Local des del principi fins al final en els casos de viol\u00e8ncia de g\u00e8nere que es detecten en la poblaci\u00f3, alguna cosa que abans no podien. Aix\u00ed disposen de total autonomia\u201d.<br>Juncal Carrascosa, Alcaldessa de Bunyol i Mar\u00eda Vall\u00e9s, edil d&#8217;Interior, van estar acompanyades en aquesta Junta de Seguretat per Luis Felipe Mart\u00ednez, Subdelegat del Govern a Val\u00e8ncia; Juan Bermejo, capit\u00e0-Cap de la Gu\u00e0rdia Civil de Requena; Octavio Mart\u00ednez, Comandant del lloc de Bunyol de la Brigada de la Gu\u00e0rdia Civil; Antonio Mu\u00f1oz, Oficial Cap de la Policia Local del municipi; Luis Mart\u00ednez, Inspector de la Policia Auton\u00f2mica; Mar\u00eda \u00c1ngeles Merino, representant de la Unitat de Viol\u00e8ncia sobre la Dona de la Delegaci\u00f3 del Govern a Val\u00e8ncia; i de l&#8217;Equip Viogen de la Gu\u00e0rdia Civil, Juan Julio Lorenzo, Gu\u00e0rdia Civil de Requena; i Iv\u00e1n Dami\u00e1n Marichal, Gu\u00e0rdia Civil de Bunyol.<br>Vall\u00e9s incideix en la import\u00e0ncia que la Policia Local de Bunyol estiga preparada per a oferir una assist\u00e8ncia personal \u00edntegra a la v\u00edctima de viol\u00e8ncia de g\u00e8nere, \u201coferint major proximitat i r\u00e0pida actuaci\u00f3\u201d. Continua dient que aquest era un dels \u00faltims tr\u00e0mits que feia falta perqu\u00e8 la Unitat de Viol\u00e8ncia de G\u00e8nere creada en 2021 en la Policia Local de Bunyol poguera assistir de manera completa a la v\u00edctima.<\/p>\n\n\n\n<p class=\"wp-block-paragraph\"><\/p>\n","protected":false},"excerpt":{"rendered":"<div class=\"mh-excerpt\">Dimecres passat 2 de febrer el Sal\u00f3 de Plens del Consistori Municipal de Bunyol va celebrar Junta Local de Seguretat per a aprovar el procediment de coordinaci\u00f3 entre els cossos policials amb acc\u00e9s a Viogen, <a class=\"mh-excerpt-more\" href=\"https:\/\/tucomarca.whitekongsoftware.com\/ca\/la-unitat-de-violencia-de-genere-de-la-policia-local-de-bunyol-ofereix-major-proximitat-i-rapida-actuacio-per-a-aquesta-mena-de-victimes\/\" title=\"La Unitat de Viol\u00e8ncia de G\u00e8nere de la Policia Local de Bunyol ofereix major proximitat i r\u00e0pida actuaci\u00f3 per a aquesta mena de v\u00edctimes\">[+] <\/a><\/div>\n","protected":false},"author":12,"featured_media":148487,"comment_status":"open","ping_status":"open","sticky":false,"template":"","format":"standard","meta":{"footnotes":""},"categories":[10911,10948,10894,10912,10896,10897],"tags":[10913,10914,12356,15974],"class_list":["post-148489","post","type-post","status-publish","format-standard","has-post-thumbnail","category-bunol-ca","category-infraestructuras-ca","category-la-comarca-ca","category-la-hoya-ca","category-seccion-ca","category-sucesos-la-comarca-ca","tag-bunol-ca","tag-la-hoya-de-bunol-chiva-ca","tag-policia-local-ca","tag-unidad-de-violencia-de-genero-ca"],"_links":{"self":[{"href":"https:\/\/tucomarca.whitekongsoftware.com\/ca\/wp-json\/wp\/v2\/posts\/148489","targetHints":{"allow":["GET"]}}],"collection":[{"href":"https:\/\/tucomarca.whitekongsoftware.com\/ca\/wp-json\/wp\/v2\/posts"}],"about":[{"href":"https:\/\/tucomarca.whitekongsoftware.com\/ca\/wp-json\/wp\/v2\/types\/post"}],"author":[{"embeddable":true,"href":"https:\/\/tucomarca.whitekongsoftware.com\/ca\/wp-json\/wp\/v2\/users\/12"}],"replies":[{"embeddable":true,"href":"https:\/\/tucomarca.whitekongsoftware.com\/ca\/wp-json\/wp\/v2\/comments?post=148489"}],"version-history":[{"count":0,"href":"https:\/\/tucomarca.whitekongsoftware.com\/ca\/wp-json\/wp\/v2\/posts\/148489\/revisions"}],"wp:featuredmedia":[{"embeddable":true,"href":"https:\/\/tucomarca.whitekongsoftware.com\/ca\/wp-json\/wp\/v2\/media\/148487"}],"wp:attachment":[{"href":"https:\/\/tucomarca.whitekongsoftware.com\/ca\/wp-json\/wp\/v2\/media?parent=148489"}],"wp:term":[{"taxonomy":"category","embeddable":true,"href":"https:\/\/tucomarca.whitekongsoftware.com\/ca\/wp-json\/wp\/v2\/categories?post=148489"},{"taxonomy":"post_tag","embeddable":true,"href":"https:\/\/tucomarca.whitekongsoftware.com\/ca\/wp-json\/wp\/v2\/tags?post=148489"}],"curies":[{"name":"wp","href":"https:\/\/api.w.org\/{rel}","templated":true}]}}