{"id":148483,"date":"2022-02-03T13:00:00","date_gmt":"2022-02-03T12:00:00","guid":{"rendered":"http:\/\/www.tucomarca.com\/wordpress\/segunda\/?p=148483"},"modified":"2022-02-03T18:00:55","modified_gmt":"2022-02-03T17:00:55","slug":"turis-installa-enllumenat-public-en-el-cami-macastre","status":"publish","type":"post","link":"https:\/\/tucomarca.whitekongsoftware.com\/ca\/turis-installa-enllumenat-public-en-el-cami-macastre\/","title":{"rendered":"Tur\u00eds instal\u00b7la enllumenat p\u00fablic en el cam\u00ed Macastre"},"content":{"rendered":"\n<p class=\"wp-block-paragraph\">En els \u00faltims dies s&#8217;ha procedit a dotar d&#8217;enllumenat p\u00fablic al cam\u00ed Macastre, que fins ara no disposava de llum.<\/p>\n\n\n\n<p class=\"wp-block-paragraph\">Esta\u00a0via voreja el nucli urb\u00e0 a la seua entrada des d\u2019Alboraig i \u00e9s molt utilitzada tant per vehicles com per vianants. S&#8217;hi han instal\u00b7lat fanals amb les quals es proporcionar\u00e0 el servei p\u00fablic al ve\u00efnat, millorant la visibilitat i fent el tr\u00e0nsit m\u00e9s segur.<\/p>\n","protected":false},"excerpt":{"rendered":"<div class=\"mh-excerpt\">En els \u00faltims dies s&#8217;ha procedit a dotar d&#8217;enllumenat p\u00fablic al cam\u00ed Macastre, que fins ara no disposava de llum. Esta\u00a0via voreja el nucli urb\u00e0 a la seua entrada des d\u2019Alboraig i \u00e9s molt utilitzada <a class=\"mh-excerpt-more\" href=\"https:\/\/tucomarca.whitekongsoftware.com\/ca\/turis-installa-enllumenat-public-en-el-cami-macastre\/\" title=\"Tur\u00eds instal\u00b7la enllumenat p\u00fablic en el cam\u00ed Macastre\">[+] <\/a><\/div>\n","protected":false},"author":12,"featured_media":148482,"comment_status":"open","ping_status":"open","sticky":false,"template":"","format":"standard","meta":{"footnotes":""},"categories":[10948,10894,10902,10947,10896,11047],"tags":[13151,11356,11093],"class_list":["post-148483","post","type-post","status-publish","format-standard","has-post-thumbnail","category-infraestructuras-ca","category-la-comarca-ca","category-la-ribera-ca","category-politica","category-seccion-ca","category-turis-ca","tag-alumbrado-publico-ca","tag-ribera-alta-ca","tag-turis-ca"],"_links":{"self":[{"href":"https:\/\/tucomarca.whitekongsoftware.com\/ca\/wp-json\/wp\/v2\/posts\/148483","targetHints":{"allow":["GET"]}}],"collection":[{"href":"https:\/\/tucomarca.whitekongsoftware.com\/ca\/wp-json\/wp\/v2\/posts"}],"about":[{"href":"https:\/\/tucomarca.whitekongsoftware.com\/ca\/wp-json\/wp\/v2\/types\/post"}],"author":[{"embeddable":true,"href":"https:\/\/tucomarca.whitekongsoftware.com\/ca\/wp-json\/wp\/v2\/users\/12"}],"replies":[{"embeddable":true,"href":"https:\/\/tucomarca.whitekongsoftware.com\/ca\/wp-json\/wp\/v2\/comments?post=148483"}],"version-history":[{"count":0,"href":"https:\/\/tucomarca.whitekongsoftware.com\/ca\/wp-json\/wp\/v2\/posts\/148483\/revisions"}],"wp:featuredmedia":[{"embeddable":true,"href":"https:\/\/tucomarca.whitekongsoftware.com\/ca\/wp-json\/wp\/v2\/media\/148482"}],"wp:attachment":[{"href":"https:\/\/tucomarca.whitekongsoftware.com\/ca\/wp-json\/wp\/v2\/media?parent=148483"}],"wp:term":[{"taxonomy":"category","embeddable":true,"href":"https:\/\/tucomarca.whitekongsoftware.com\/ca\/wp-json\/wp\/v2\/categories?post=148483"},{"taxonomy":"post_tag","embeddable":true,"href":"https:\/\/tucomarca.whitekongsoftware.com\/ca\/wp-json\/wp\/v2\/tags?post=148483"}],"curies":[{"name":"wp","href":"https:\/\/api.w.org\/{rel}","templated":true}]}}