{"id":148476,"date":"2022-02-03T09:10:00","date_gmt":"2022-02-03T08:10:00","guid":{"rendered":"http:\/\/www.tucomarca.com\/wordpress\/segunda\/?p=148476"},"modified":"2022-02-03T10:33:06","modified_gmt":"2022-02-03T09:33:06","slug":"el-ple-de-vilamarxant-aprova-tornar-a-suspendre-la-taxa-docupacio-de-via-publica-de-terrasses-i-mercat-per-a-tot-lany","status":"publish","type":"post","link":"https:\/\/tucomarca.whitekongsoftware.com\/ca\/el-ple-de-vilamarxant-aprova-tornar-a-suspendre-la-taxa-docupacio-de-via-publica-de-terrasses-i-mercat-per-a-tot-lany\/","title":{"rendered":"El ple de Vilamarxant aprova tornar a suspendre la taxa d&#8217;ocupaci\u00f3 de via p\u00fablica de terrasses i mercat per a tot l&#8217;any"},"content":{"rendered":"\n<p class=\"wp-block-paragraph\"><\/p>\n\n\n\n<p class=\"wp-block-paragraph\">El ple de l&#8217;Ajuntament de Vilamarxant va aprovar per unanimitat la suspensi\u00f3 de la taxa d&#8217;ocupaci\u00f3 de via p\u00fablica de terrasses dels locals d&#8217;hostaleria i dels llocs del mercat durant el ple celebrat el dimarts.\u00a0<\/p>\n\n\n\n<p class=\"wp-block-paragraph\">L&#8217;equip de govern pret\u00e9n, amb esta mesura, incentivar l&#8217;\u00fas dels espais oberts per a evitar nous contagis de COVID-19, aix\u00ed com atraure a nous comer\u00e7os i parades de mercat.&nbsp;<\/p>\n\n\n\n<p class=\"wp-block-paragraph\">A m\u00e9s, la reducci\u00f3 d&#8217;impostos i la superaci\u00f3 de la crisi sanit\u00e0ria s\u00f3n unes altres de les metes de l&#8217;Ajuntament durant esta legislatura.&nbsp;<\/p>\n\n\n\n<p class=\"wp-block-paragraph\">D&#8217;altra banda, tamb\u00e9 es va aprovar la creaci\u00f3 del Pla de Subvencions per al present any per a, d&#8217;esta manera, que l&#8217;Ajuntament organitze diligentment la tramitaci\u00f3 de forma m\u00e9s efica\u00e7 i abonar-les dins dels terminis.\u00a0<\/p>\n","protected":false},"excerpt":{"rendered":"<div class=\"mh-excerpt\">El ple de l&#8217;Ajuntament de Vilamarxant va aprovar per unanimitat la suspensi\u00f3 de la taxa d&#8217;ocupaci\u00f3 de via p\u00fablica de terrasses dels locals d&#8217;hostaleria i dels llocs del mercat durant el ple celebrat el dimarts.\u00a0 <a class=\"mh-excerpt-more\" href=\"https:\/\/tucomarca.whitekongsoftware.com\/ca\/el-ple-de-vilamarxant-aprova-tornar-a-suspendre-la-taxa-docupacio-de-via-publica-de-terrasses-i-mercat-per-a-tot-lany\/\" title=\"El ple de Vilamarxant aprova tornar a suspendre la taxa d&#8217;ocupaci\u00f3 de via p\u00fablica de terrasses i mercat per a tot l&#8217;any\">[+] <\/a><\/div>\n","protected":false},"author":1,"featured_media":148474,"comment_status":"open","ping_status":"open","sticky":false,"template":"","format":"standard","meta":{"footnotes":""},"categories":[10892,10948,10894,10947,10896,10927],"tags":[10899,13053,11090],"class_list":["post-148476","post","type-post","status-publish","format-standard","has-post-thumbnail","category-camp-de-turia-ca","category-infraestructuras-ca","category-la-comarca-ca","category-politica","category-seccion-ca","category-vilamarxant-ca","tag-camp-de-turia-ca","tag-pleno-ca","tag-vilamarxant-ca"],"_links":{"self":[{"href":"https:\/\/tucomarca.whitekongsoftware.com\/ca\/wp-json\/wp\/v2\/posts\/148476","targetHints":{"allow":["GET"]}}],"collection":[{"href":"https:\/\/tucomarca.whitekongsoftware.com\/ca\/wp-json\/wp\/v2\/posts"}],"about":[{"href":"https:\/\/tucomarca.whitekongsoftware.com\/ca\/wp-json\/wp\/v2\/types\/post"}],"author":[{"embeddable":true,"href":"https:\/\/tucomarca.whitekongsoftware.com\/ca\/wp-json\/wp\/v2\/users\/1"}],"replies":[{"embeddable":true,"href":"https:\/\/tucomarca.whitekongsoftware.com\/ca\/wp-json\/wp\/v2\/comments?post=148476"}],"version-history":[{"count":0,"href":"https:\/\/tucomarca.whitekongsoftware.com\/ca\/wp-json\/wp\/v2\/posts\/148476\/revisions"}],"wp:featuredmedia":[{"embeddable":true,"href":"https:\/\/tucomarca.whitekongsoftware.com\/ca\/wp-json\/wp\/v2\/media\/148474"}],"wp:attachment":[{"href":"https:\/\/tucomarca.whitekongsoftware.com\/ca\/wp-json\/wp\/v2\/media?parent=148476"}],"wp:term":[{"taxonomy":"category","embeddable":true,"href":"https:\/\/tucomarca.whitekongsoftware.com\/ca\/wp-json\/wp\/v2\/categories?post=148476"},{"taxonomy":"post_tag","embeddable":true,"href":"https:\/\/tucomarca.whitekongsoftware.com\/ca\/wp-json\/wp\/v2\/tags?post=148476"}],"curies":[{"name":"wp","href":"https:\/\/api.w.org\/{rel}","templated":true}]}}