{"id":148432,"date":"2022-02-03T09:00:00","date_gmt":"2022-02-03T08:00:00","guid":{"rendered":"http:\/\/www.tucomarca.com\/wordpress\/segunda\/?p=148432"},"modified":"2022-02-03T10:28:51","modified_gmt":"2022-02-03T09:28:51","slug":"el-govern-municipal-de-ximo-segarra-preveu-arribar-a-maig-de-2022-amb-el-80-dels-seus-compromisos-electorals-amb-la-ciutadania-complets","status":"publish","type":"post","link":"https:\/\/tucomarca.whitekongsoftware.com\/ca\/el-govern-municipal-de-ximo-segarra-preveu-arribar-a-maig-de-2022-amb-el-80-dels-seus-compromisos-electorals-amb-la-ciutadania-complets\/","title":{"rendered":"El Govern municipal de Ximo Segarra preveu arribar a maig de 2022 amb el 80% dels seus compromisos electorals amb la ciutadania complets"},"content":{"rendered":"\n<h4 class=\"wp-block-heading\">Al maig de 2022 es compliran tres anys de legislatura dels quals dues, immersos en la pand\u00e8mia del COVID-19. En els pr\u00f2xims mesos es posaran en marxa iniciatives municipals com el Projecte d&#8217;Intercanvi juvenil a trav\u00e9s de Fons Europeus, el calendari d&#8217;ensinistrament can\u00ed gratu\u00eft en mat\u00e8ria de Benestar Animal, millores en l&#8217;entorn urb\u00e0, la posada en marxa d&#8217;un Pla Local de Seguretat i la licitaci\u00f3 per a la millora del manteniment en zones verdes de la localitat.<\/h4>\n\n\n\n<p class=\"wp-block-paragraph\">Des del Govern Municipal liderat pel alcalde i diputat provincial Ximo Segarra, assenyalen que intensificaran els seus esfor\u00e7os per a intentar malgrat la pand\u00e8mia, arribar al m\u00e0xim grau de compliment dels seus compromisos amb la ciutadania.<\/p>\n\n\n\n<p class=\"wp-block-paragraph\"><strong>Les persones i la qualitat de vida, les prioritats del Govern Municipal<\/strong><\/p>\n\n\n\n<p class=\"wp-block-paragraph\">Al llarg d&#8217;aquesta legislatura ja s&#8217;han posat en marxa la majoria de compromisos que van ser adquirits amb la ciutadania per al per\u00edode 2019-2023.<\/p>\n\n\n\n<p class=\"wp-block-paragraph\">La millora de la seguretat a trav\u00e9s de drons o la instal\u00b7laci\u00f3 de c\u00e0meres de v\u00eddeo vigil\u00e0ncia es completar\u00e0 amb la posada en marxa d&#8217;un Pla Local de Seguretat que harmonitzar\u00e0 les accions amb un increment d&#8217;equips de v\u00eddeo vigil\u00e0ncia, controls policials i campanyes de conscienciaci\u00f3 ciutadana en mat\u00e8ria de civisme, \u00fas de petards, \u00fas de patinets el\u00e8ctrics i tinen\u00e7a d&#8217;animals potencialment perillosos.<\/p>\n\n\n\n<p class=\"wp-block-paragraph\">En mat\u00e8ria agr\u00edcola, s&#8217;han dut a terme des del principi de la legislatura, actuacions de repavimentaci\u00f3 i manteniment de camins rurals i est\u00e0 prevista la inversi\u00f3 de 100.000\u20ac en el Cam\u00ed dels Cuartons en els pr\u00f2xims mesos. Tamb\u00e9 s&#8217;ha posat en funcionament un nou servei integral de manteniment de camins rurals i en el ple ordinari de febrer es va donar llum verda a la posada en marxa d&#8217;ajudes econ\u00f2miques per a les explotacions agr\u00edcoles. A totes aquestes accions, es preveu la col\u00b7laboraci\u00f3 p\u00fablic\/privada a trav\u00e9s de la signatura d&#8217;un conveni perqu\u00e8 els agricultors i agricultores de Benaguasil facin \u00fas d&#8217;una b\u00e0scula situada en el Pol\u00edgon de la Pila.<\/p>\n\n\n\n<p class=\"wp-block-paragraph\">La sostenibilitat \u00e9s una altra de les grans apostes del Govern Municipal de Benaguasil. Des de 2019 s&#8217;ha elaborat el Pla de Mobilitat Urbana Sostenible, s&#8217;han dut a terme campanyes de sensibilitzaci\u00f3 i conscienciaci\u00f3 en mat\u00e8ria de Responsabilitat Social. Benaguasil ha incorporat tamb\u00e9 dues estacions amb punts de rec\u00e0rrega per a vehicles el\u00e8ctrics i s&#8217;ha posat en funcionament un P\u00e0rquing P\u00fablic Comercial al Carrer Palau a la qual est\u00e0 prevista la incorporaci\u00f3 d&#8217;una nova zona d&#8217;aparcament p\u00fablic al Carrer la Basseta.<\/p>\n\n\n\n<p class=\"wp-block-paragraph\">Els Tallers d&#8217;Ocupaci\u00f3, la implantaci\u00f3 de noves empreses en municipi i la captaci\u00f3 d&#8217;inversions per a Benaguasil, s\u00f3n aspectes als quals no renuncia el Govern Municipal encara que la situaci\u00f3 nacional sigui complicada.<br>Per a l&#8217;equip de Ximo Segarra \u201ctenim uns compromisos s\u00f2lids amb la ciutadania i tot aquell que vulgui invertir a Benaguasil sempre tindr\u00e0 en nosaltres un aliat per a aconseguir la creaci\u00f3 de llocs de treball i el creixement del nostre municipi\u201d.<\/p>\n\n\n\n<p class=\"wp-block-paragraph\">Pel que fa a l&#8217;esport, la inversi\u00f3 municipal ha superat els 200.000\u20ac en 2021 amb la renovaci\u00f3 del camp de futbol 7, la reforma de les pistes de tennis, p\u00e0del, la creaci\u00f3 de depend\u00e8ncies per als clubs i millora de l&#8217;accessibilitat per al Complex Esportiu Municipal. Durant 2022 l&#8217;\u00e0rea d&#8217;esport t\u00e9 prevista actuar en una nova fase que permeti accions com la renovaci\u00f3 vestuaris piscina d&#8217;estiu, actuaci\u00f3 en el front\u00f3 municipal, pistes de tennis, p\u00e0del, zona multiesportiva i millora de l&#8217;efici\u00e8ncia energ\u00e8tica.<\/p>\n\n\n\n<p class=\"wp-block-paragraph\">La creaci\u00f3 del Espai de la Dona ha suposat un suport per a les associacions que treballen en pro de la Igualtat del municipi amb la posada en marxa d&#8217;unes instal\u00b7lacions de m\u00e9s de 180m2 destinats integralment per a les dones de Benaguasil. Al llarg de 2021, s&#8217;han posat en marxa programes municipals com Ment Sana de xerrades col\u00b7loqui en mat\u00e8ria de salut mental o la formaci\u00f3 contra viol\u00e8ncia de g\u00e8nere perqu\u00e8 les associacions locals s\u00e0piguen donar resposta precisa davant aquestes situacions.<\/p>\n\n\n\n<p class=\"wp-block-paragraph\">Des del Departament de Benestar Social es preveu en 2022 la posada en funcionament de l&#8217;Equip Base que permetr\u00e0 donar una major i millor atenci\u00f3 a col\u00b7lectius com la inf\u00e0ncia, persones dependents i persones en risc d&#8217;exclusi\u00f3 social.<\/p>\n\n\n\n<p class=\"wp-block-paragraph\">Finalment, la Joventut, el Turisme i la Cultura s\u00f3n unes altres de les grans apostes del Govern Municipal amb la posada en marxa d&#8217;un calendari d&#8217;activitats destinada a la poblaci\u00f3 infantil i juvenil els caps de setmana. Una vegada finalitzi la vacunaci\u00f3 massiva, el Casal de la Joventut recuperar\u00e0 el seu horari d&#8217;obertura i ampliar\u00e0 el mateix amb zona d&#8217;ordinadors, consoles i jocs en equip. En mat\u00e8ria de promoci\u00f3 tur\u00edstica, est\u00e0 prevista l&#8217;ampliaci\u00f3 de la Ruta dels Poesies, la presentaci\u00f3 de la nova web tur\u00edstica aix\u00ed com intensificar la promoci\u00f3 de les rutes saludables i de les festes tradicions de Benaguasil com les nostres Falles, Festes d&#8217;Inter\u00e8s Tur\u00edstic Provincial.<\/p>\n\n\n\n<p class=\"wp-block-paragraph\">Per al govern de Ximo Segarra \u00e9s fonamental ser presents a Europa i per aix\u00f2 s&#8217;ha creat l&#8217;Oficina de Projectes Europeus que ja ha aconseguit l&#8217;obtenci\u00f3 de cinc projectes europeus i que treballa intensament per a la captaci\u00f3 de Fons Next posats en marxa per la Uni\u00f3 Europea conseq\u00fc\u00e8ncia a la crisi del COVID-19.<\/p>\n\n\n\n<p class=\"wp-block-paragraph\">L&#8217;alcalde Ximo Segarra fa un balan\u00e7 positiu malgrat els dif\u00edcils temps de gesti\u00f3 p\u00fablica, \u201caquesta legislatura est\u00e0 marcada per la pand\u00e8mia del COVID-19 i poder arribar al maig de 2022 amb el 80% dels nostres compromisos electorals amb la ciutadania complerts \u00e9s fruit de l&#8217;intens treball de tot l&#8217;equip municipal i de tota la plantilla de l&#8217;Ajuntament de Benaguasil. La nostra intenci\u00f3 \u00e9s continuar construint un municipi de qualitat de vida anteposant sempre a les persones per sobre de les idees\u201d.<\/p>\n","protected":false},"excerpt":{"rendered":"<div class=\"mh-excerpt\">Al maig de 2022 es compliran tres anys de legislatura dels quals dues, immersos en la pand\u00e8mia del COVID-19. En els pr\u00f2xims mesos es posaran en marxa iniciatives municipals com el Projecte d&#8217;Intercanvi juvenil a <a class=\"mh-excerpt-more\" href=\"https:\/\/tucomarca.whitekongsoftware.com\/ca\/el-govern-municipal-de-ximo-segarra-preveu-arribar-a-maig-de-2022-amb-el-80-dels-seus-compromisos-electorals-amb-la-ciutadania-complets\/\" title=\"El Govern municipal de Ximo Segarra preveu arribar a maig de 2022 amb el 80% dels seus compromisos electorals amb la ciutadania complets\">[+] <\/a><\/div>\n","protected":false},"author":1,"featured_media":129228,"comment_status":"open","ping_status":"open","sticky":false,"template":"","format":"standard","meta":{"footnotes":""},"categories":[10952,10892,10948,10894,10947,10896],"tags":[11136,10899,16337,12929],"class_list":["post-148432","post","type-post","status-publish","format-standard","has-post-thumbnail","category-benaguasil-ca","category-camp-de-turia-ca","category-infraestructuras-ca","category-la-comarca-ca","category-politica","category-seccion-ca","tag-benaguasil-ca","tag-camp-de-turia-ca","tag-pp-benaguasil-ca","tag-ximo-segarra-ca"],"_links":{"self":[{"href":"https:\/\/tucomarca.whitekongsoftware.com\/ca\/wp-json\/wp\/v2\/posts\/148432","targetHints":{"allow":["GET"]}}],"collection":[{"href":"https:\/\/tucomarca.whitekongsoftware.com\/ca\/wp-json\/wp\/v2\/posts"}],"about":[{"href":"https:\/\/tucomarca.whitekongsoftware.com\/ca\/wp-json\/wp\/v2\/types\/post"}],"author":[{"embeddable":true,"href":"https:\/\/tucomarca.whitekongsoftware.com\/ca\/wp-json\/wp\/v2\/users\/1"}],"replies":[{"embeddable":true,"href":"https:\/\/tucomarca.whitekongsoftware.com\/ca\/wp-json\/wp\/v2\/comments?post=148432"}],"version-history":[{"count":0,"href":"https:\/\/tucomarca.whitekongsoftware.com\/ca\/wp-json\/wp\/v2\/posts\/148432\/revisions"}],"wp:featuredmedia":[{"embeddable":true,"href":"https:\/\/tucomarca.whitekongsoftware.com\/ca\/wp-json\/wp\/v2\/media\/129228"}],"wp:attachment":[{"href":"https:\/\/tucomarca.whitekongsoftware.com\/ca\/wp-json\/wp\/v2\/media?parent=148432"}],"wp:term":[{"taxonomy":"category","embeddable":true,"href":"https:\/\/tucomarca.whitekongsoftware.com\/ca\/wp-json\/wp\/v2\/categories?post=148432"},{"taxonomy":"post_tag","embeddable":true,"href":"https:\/\/tucomarca.whitekongsoftware.com\/ca\/wp-json\/wp\/v2\/tags?post=148432"}],"curies":[{"name":"wp","href":"https:\/\/api.w.org\/{rel}","templated":true}]}}