{"id":148305,"date":"2022-02-01T13:25:00","date_gmt":"2022-02-01T12:25:00","guid":{"rendered":"http:\/\/www.tucomarca.com\/wordpress\/segunda\/?p=148305"},"modified":"2022-02-01T19:55:47","modified_gmt":"2022-02-01T18:55:47","slug":"la-diputacio-assessora-a-persones-i-empreses-emprenedores-en-municipis-rurals-per-a-potenciar-la-seva-creacio-i-consolidacio","status":"publish","type":"post","link":"https:\/\/tucomarca.whitekongsoftware.com\/ca\/la-diputacio-assessora-a-persones-i-empreses-emprenedores-en-municipis-rurals-per-a-potenciar-la-seva-creacio-i-consolidacio\/","title":{"rendered":"La Diputaci\u00f3 assessora a persones i empreses emprenedores en municipis rurals per a potenciar la seua creaci\u00f3 i consolidaci\u00f3"},"content":{"rendered":"\n<h4 class=\"wp-block-heading\"><strong><strong>A trav\u00e9s de <em>Mentoring Rural<\/em>, es pret\u00e9n potenciar la creaci\u00f3 i consolidaci\u00f3 d&#8217;empreses en entorns rurals i lluitar contra la despoblaci\u00f3<\/strong><\/strong><\/h4>\n\n\n\n<h4 class=\"wp-block-heading\"><strong><strong>El programa est\u00e0 desenvolupat per la delegaci\u00f3 de Desenvolupament Rural i Pol\u00edtiques contra la Despoblaci\u00f3, en col\u00b7laboraci\u00f3 amb CEEI Val\u00e8ncia<\/strong><\/strong><\/h4>\n\n\n\n<p class=\"wp-block-paragraph\">La Diputaci\u00f3 de Val\u00e8ncia ha posat en marxa el programa <em>Mentoring Rural 2022<\/em>, que oferix un servei gratu\u00eft d&#8217;acompanyament i mentoritzaci\u00f3 a persones que vulguen convertir una idea de negoci en un projecte empresarial, aix\u00ed com a empreses de recent creaci\u00f3 que busquen consolidar la seua activitat en els territoris rurals de la prov\u00edncia de Val\u00e8ncia.<\/p>\n\n\n\n<p class=\"wp-block-paragraph\">Es tracta d&#8217;una iniciativa de la delegaci\u00f3 de Desenvolupament Rural i Pol\u00edtiques contra la Despoblaci\u00f3 per la qual, experts del Centre Europeu d&#8217;Empreses Innovadores CEEI de Val\u00e8ncia, oferixen un servei d&#8217;atenci\u00f3 individualitzada per a cobrir les necessitats concretes de cada projecte empresarial, realitzant un seguiment del seu desenvolupament i evoluci\u00f3, i informant-lo de les ajudes i subvencions de les quals puga beneficiar-se.<\/p>\n\n\n\n<p class=\"wp-block-paragraph\">El servei de <em>Mentoring Rural<\/em> de la Diputaci\u00f3 de Val\u00e8ncia es presta en modalitat en l\u00ednia, tant per prevenci\u00f3 davant la COVID-19, com per poder donar cobertura a tots els municipis rurals evitant despla\u00e7aments innecessaris.<\/p>\n\n\n\n<p class=\"wp-block-paragraph\">D&#8217;esta manera, projectes emprenedors i empreses reben suport mitjan\u00e7ant metodologies de mentoritzaci\u00f3 innovadores, aplicant la que millor encaixe al desenvolupament del negoci i les seues necessitats de creixement com \u00e9s el cas de Design thinking o Lean Startup.<\/p>\n\n\n\n<p class=\"wp-block-paragraph\">El Diputat delegat de desenvolupament rural i pol\u00edtiques contra la despoblaci\u00f3, Ramiro Rivera, ha destacat que \u201ceste tipus de serveis complementa en els territoris rurals l&#8217;atenci\u00f3 que les diferents Ag\u00e8ncies de Desenvolupament Local (ADL) oferixen a persones emprenedores i empreses del seu \u00e0mbit d&#8217;actuaci\u00f3\u201d. En eixe sentit, la Diputaci\u00f3 de Val\u00e8ncia impulsa una xarxa d\u2019ADLs en la qual participen m\u00e9s de 170 entitats locals, tant d&#8217;entorns rurals com urbans, a les quals s&#8217;oferix gratu\u00eftament formaci\u00f3, assessorament i eines telem\u00e0tiques de gesti\u00f3.<\/p>\n\n\n\n<p class=\"wp-block-paragraph\">En esta primera convocat\u00f2ria del programa <em>Mentoring Rural 2022<\/em> poden presentar-se sol\u00b7licituds de tutoria i assessorament fins al pr\u00f2xim 28 de febrer.<\/p>\n\n\n\n<p class=\"wp-block-paragraph\"><strong>42 iniciatives en 2021<\/strong><\/p>\n\n\n\n<p class=\"wp-block-paragraph\">La primera edici\u00f3 del programa <em>Mentoring Rural<\/em>, que es va dur a terme en el segon semestre de 2021, va rebre un total de 42 iniciatives empresarials en municipis rurals i en risc de despoblaci\u00f3, i es van realitzar 163 consultes al servei, que van suposar m\u00e9s de 600 hores de treball t\u00e8cnic per al seu tractament, assessorament i seguiment.<\/p>\n\n\n\n<p class=\"wp-block-paragraph\">La distribuci\u00f3 geogr\u00e0fica de les empreses participants se centra sobretot en municipis de les comarques de la Vall d&#8217;Albaida, la Vall d&#8217;Ayora-Cofrentes, la Serran\u00eda, la Hoya de Bu\u00f1ol, la Canal de Navarr\u00e9s o l&#8217;interior del Camp de Morvedre.<\/p>\n\n\n\n<p class=\"wp-block-paragraph\">Entre els sectors d&#8217;activitat d&#8217;estes empreses trobem l&#8217;allotjament i l\u2019hostaleria, ramaderia i agricultura, producci\u00f3 agroaliment\u00e0ria (oli, mel), cosm\u00e8tica natural, plantes medicinals, puericultura, formaci\u00f3, fotografia activitats d&#8217;oci, consultoria o artesania, entre altres.<\/p>\n\n\n\n<p class=\"wp-block-paragraph\"><strong>Altres ajudes a emprenedors<\/strong><\/p>\n\n\n\n<p class=\"wp-block-paragraph\">Una de les l\u00ednies essencials del programa <em>Mentoring Rural<\/em> \u00e9s informar i facilitar l&#8217;acc\u00e9s a persones i empreses emprenedores a ajudes i subvencions que s&#8217;estan duent a terme des de diferents administracions.<\/p>\n\n\n\n<p class=\"wp-block-paragraph\">En eixe sentit \u2013entre altres\u2013 cal citar les recentment publicades ajudes de la Generalitat a l&#8217;emprenedoria en municipis en risc de despoblaci\u00f3, les oferides pels Grups d&#8217;Acci\u00f3 Local (GAL) en el marc de les seues estrat\u00e8gies de desenvolupament participatiu, o altres iniciatives com les ajudes a l&#8217;emprenedoria juvenil EMP-POEJ que gestionen en el seu territori entitats com la Mancomunitat de la Ribera Alta a trav\u00e9s del seu programa <em>Empoblar<\/em>.<\/p>\n","protected":false},"excerpt":{"rendered":"<div class=\"mh-excerpt\">A trav\u00e9s de Mentoring Rural, es pret\u00e9n potenciar la creaci\u00f3 i consolidaci\u00f3 d&#8217;empreses en entorns rurals i lluitar contra la despoblaci\u00f3 El programa est\u00e0 desenvolupat per la delegaci\u00f3 de Desenvolupament Rural i Pol\u00edtiques contra la <a class=\"mh-excerpt-more\" href=\"https:\/\/tucomarca.whitekongsoftware.com\/ca\/la-diputacio-assessora-a-persones-i-empreses-emprenedores-en-municipis-rurals-per-a-potenciar-la-seva-creacio-i-consolidacio\/\" title=\"La Diputaci\u00f3 assessora a persones i empreses emprenedores en municipis rurals per a potenciar la seua creaci\u00f3 i consolidaci\u00f3\">[+] <\/a><\/div>\n","protected":false},"author":1,"featured_media":148310,"comment_status":"open","ping_status":"open","sticky":false,"template":"","format":"standard","meta":{"footnotes":""},"categories":[10951,11046,10898,10948,10963,10894,10904,10912,10947,10896],"tags":[11216,11246,11094,10914,16324],"class_list":["post-148305","post","type-post","status-publish","format-standard","has-post-thumbnail","category-ayora-cofrentes-ca","category-los-serranos-ca","category-ventana-ca","category-infraestructuras-ca","category-la-canal-de-navarres-ca","category-la-comarca-ca","category-sin-categorizar-ca","category-la-hoya-ca","category-politica","category-seccion-ca","tag-ayora-cofrentes-ca","tag-diputacio-de-valencia-ca","tag-la-canal-de-navarres","tag-la-hoya-de-bunol-chiva-ca","tag-serrania-2-ca"],"_links":{"self":[{"href":"https:\/\/tucomarca.whitekongsoftware.com\/ca\/wp-json\/wp\/v2\/posts\/148305","targetHints":{"allow":["GET"]}}],"collection":[{"href":"https:\/\/tucomarca.whitekongsoftware.com\/ca\/wp-json\/wp\/v2\/posts"}],"about":[{"href":"https:\/\/tucomarca.whitekongsoftware.com\/ca\/wp-json\/wp\/v2\/types\/post"}],"author":[{"embeddable":true,"href":"https:\/\/tucomarca.whitekongsoftware.com\/ca\/wp-json\/wp\/v2\/users\/1"}],"replies":[{"embeddable":true,"href":"https:\/\/tucomarca.whitekongsoftware.com\/ca\/wp-json\/wp\/v2\/comments?post=148305"}],"version-history":[{"count":0,"href":"https:\/\/tucomarca.whitekongsoftware.com\/ca\/wp-json\/wp\/v2\/posts\/148305\/revisions"}],"wp:featuredmedia":[{"embeddable":true,"href":"https:\/\/tucomarca.whitekongsoftware.com\/ca\/wp-json\/wp\/v2\/media\/148310"}],"wp:attachment":[{"href":"https:\/\/tucomarca.whitekongsoftware.com\/ca\/wp-json\/wp\/v2\/media?parent=148305"}],"wp:term":[{"taxonomy":"category","embeddable":true,"href":"https:\/\/tucomarca.whitekongsoftware.com\/ca\/wp-json\/wp\/v2\/categories?post=148305"},{"taxonomy":"post_tag","embeddable":true,"href":"https:\/\/tucomarca.whitekongsoftware.com\/ca\/wp-json\/wp\/v2\/tags?post=148305"}],"curies":[{"name":"wp","href":"https:\/\/api.w.org\/{rel}","templated":true}]}}