{"id":148141,"date":"2022-01-28T18:09:00","date_gmt":"2022-01-28T17:09:00","guid":{"rendered":"http:\/\/www.tucomarca.com\/wordpress\/segunda\/?p=148141"},"modified":"2022-01-28T19:50:27","modified_gmt":"2022-01-28T18:50:27","slug":"sanitat-notifica-23-716-nous-casos-de-coronavirus-15-defuncions-i-21-640-altes-en-la-comunitat-valenciana","status":"publish","type":"post","link":"https:\/\/tucomarca.whitekongsoftware.com\/ca\/sanitat-notifica-23-716-nous-casos-de-coronavirus-15-defuncions-i-21-640-altes-en-la-comunitat-valenciana\/","title":{"rendered":"Sanitat notifica 23.716 nous casos de coronavirus, 15 defuncions i 21.640 altes en la Comunitat Valenciana"},"content":{"rendered":"\n<p class=\"wp-block-paragraph\"><strong>Per prov\u00edncies, s&#8217;han registrat 3.104 a Castell\u00f3, 8.740 a Alacant i 11.872 a Val\u00e8ncia<\/strong><\/p>\n\n\n\n<p class=\"wp-block-paragraph\"><strong>Els hospitals valencians tenen a 1.800 persones ingressades amb COVID-19, 195 d&#8217;elles en l&#8217;UCI<\/strong><\/p>\n\n\n\n<p class=\"wp-block-paragraph\">La Conselleria de Sanitat Universal i Salut P\u00fablica ha notificat un total de 23.716 nous casos de coronavirus confirmats per prova *PCR o a trav\u00e9s de test d&#8217;ant\u00edgens. Amb aquesta actualitzaci\u00f3, la xifra total de positius se situa en 1.096.269 persones. Els nous casos per prov\u00edncies s\u00f3n 3.104 a Castell\u00f3 (136.866 en total), 8.740 a Alacant (389.614) i 11.872 a Val\u00e8ncia (569.786). La xifra total de casos sense assignar es mant\u00e9 en 3.<\/p>\n\n\n\n<p class=\"wp-block-paragraph\">D&#8217;altra banda, s&#8217;han registrat 21.640 altes a pacients amb coronavirus. D&#8217;aquesta manera, el nombre de persones que han superat la malaltia des que va comen\u00e7ar la pand\u00e8mia en la Comunitat Valenciana ascendeix a 881.167 persones. Per prov\u00edncies, les altes es distribueixen aix\u00ed: 104.906 a Castell\u00f3, 316.378 a Alacant i 459.826 a Val\u00e8ncia. El total d&#8217;altes no assignades es mant\u00e9 en 57.<\/p>\n\n\n\n<p class=\"wp-block-paragraph\">Els hospitals valencians tenen, actualment, a 1.800 persones ingressades amb COVID-19, 195 d&#8217;elles en l&#8217;UCI: 252 a la prov\u00edncia de Castell\u00f3, 23 en UCI; 583 a la prov\u00edncia d&#8217;Alacant, 65 d&#8217;elles en l&#8217;UCI; i 965 a la prov\u00edncia de Val\u00e8ncia, 107 en UCI.<\/p>\n\n\n\n<p class=\"wp-block-paragraph\">S&#8217;han notificat 15 defuncions per coronavirus des de l&#8217;\u00faltima actualitzaci\u00f3. Es tracta de 7 dones, d&#8217;entre 83 i 91 anys, i 8 homes, d&#8217;entre 68 i 91 anys. Es tracta de persones mortes en l&#8217;\u00faltima setmana i notificades despr\u00e9s de l&#8217;actualitzaci\u00f3 d&#8217;ahir. El total de decessos des de l&#8217;inici de la pand\u00e8mia ascendeix a 8.508: 969 a la prov\u00edncia de Castell\u00f3, 3.267 en la d&#8217;Alacant i 4.272 en la de Val\u00e8ncia.<\/p>\n\n\n\n<p class=\"wp-block-paragraph\">D&#8217;acord amb les dades registrades, en aquests moments hi ha 218.035 casos actius, la qual cosa suposa un 19,68% del total de positius.<\/p>\n","protected":false},"excerpt":{"rendered":"<div class=\"mh-excerpt\">Per prov\u00edncies, s&#8217;han registrat 3.104 a Castell\u00f3, 8.740 a Alacant i 11.872 a Val\u00e8ncia Els hospitals valencians tenen a 1.800 persones ingressades amb COVID-19, 195 d&#8217;elles en l&#8217;UCI La Conselleria de Sanitat Universal i Salut <a class=\"mh-excerpt-more\" href=\"https:\/\/tucomarca.whitekongsoftware.com\/ca\/sanitat-notifica-23-716-nous-casos-de-coronavirus-15-defuncions-i-21-640-altes-en-la-comunitat-valenciana\/\" title=\"Sanitat notifica 23.716 nous casos de coronavirus, 15 defuncions i 21.640 altes en la Comunitat Valenciana\">[+] <\/a><\/div>\n","protected":false},"author":1,"featured_media":148070,"comment_status":"open","ping_status":"open","sticky":false,"template":"","format":"standard","meta":{"footnotes":""},"categories":[11010,12202,10898,10948,10894,10904,10903,10947,10896,10897],"tags":[11939,11940,16164,16215,13963,13932],"class_list":["post-148141","post","type-post","status-publish","format-standard","has-post-thumbnail","category-canal-salud","category-covid-19-ca","category-ventana-ca","category-infraestructuras-ca","category-la-comarca-ca","category-sin-categorizar-ca","category-medio-ambiente-la-comarca-ca","category-politica","category-seccion-ca","category-sucesos-la-comarca-ca","tag-coronavirus-ca","tag-covid-19-ca","tag-sexta-ca","tag-sexta-ola-ca","tag-vacunacion-ca","tag-vacunas-ca"],"_links":{"self":[{"href":"https:\/\/tucomarca.whitekongsoftware.com\/ca\/wp-json\/wp\/v2\/posts\/148141","targetHints":{"allow":["GET"]}}],"collection":[{"href":"https:\/\/tucomarca.whitekongsoftware.com\/ca\/wp-json\/wp\/v2\/posts"}],"about":[{"href":"https:\/\/tucomarca.whitekongsoftware.com\/ca\/wp-json\/wp\/v2\/types\/post"}],"author":[{"embeddable":true,"href":"https:\/\/tucomarca.whitekongsoftware.com\/ca\/wp-json\/wp\/v2\/users\/1"}],"replies":[{"embeddable":true,"href":"https:\/\/tucomarca.whitekongsoftware.com\/ca\/wp-json\/wp\/v2\/comments?post=148141"}],"version-history":[{"count":0,"href":"https:\/\/tucomarca.whitekongsoftware.com\/ca\/wp-json\/wp\/v2\/posts\/148141\/revisions"}],"wp:featuredmedia":[{"embeddable":true,"href":"https:\/\/tucomarca.whitekongsoftware.com\/ca\/wp-json\/wp\/v2\/media\/148070"}],"wp:attachment":[{"href":"https:\/\/tucomarca.whitekongsoftware.com\/ca\/wp-json\/wp\/v2\/media?parent=148141"}],"wp:term":[{"taxonomy":"category","embeddable":true,"href":"https:\/\/tucomarca.whitekongsoftware.com\/ca\/wp-json\/wp\/v2\/categories?post=148141"},{"taxonomy":"post_tag","embeddable":true,"href":"https:\/\/tucomarca.whitekongsoftware.com\/ca\/wp-json\/wp\/v2\/tags?post=148141"}],"curies":[{"name":"wp","href":"https:\/\/api.w.org\/{rel}","templated":true}]}}