{"id":148053,"date":"2022-01-27T15:16:19","date_gmt":"2022-01-27T14:16:19","guid":{"rendered":"http:\/\/www.tucomarca.com\/wordpress\/segunda\/?p=148053"},"modified":"2022-01-27T15:16:23","modified_gmt":"2022-01-27T14:16:23","slug":"les-noves-xifres-de-contagis-per-covid-en-la-foia-gairebe-dupliquen-les-de-lanterior-actualitzacio-de-sanitat","status":"publish","type":"post","link":"https:\/\/tucomarca.whitekongsoftware.com\/ca\/les-noves-xifres-de-contagis-per-covid-en-la-foia-gairebe-dupliquen-les-de-lanterior-actualitzacio-de-sanitat\/","title":{"rendered":"Les noves xifres de contagis per Covid en la Foia gaireb\u00e9 dupliquen les de l&#8217;anterior actualitzaci\u00f3 de Sanitat"},"content":{"rendered":"\n<h4 class=\"wp-block-heading\">Els pobles de Xest, Xiva i Bunyol segueixen al capdavant de contagis a la comarca. Concretament, Xest continua liderant la incid\u00e8ncia acumulada en La Foia, despr\u00e9s de les \u00faltimes xifres facilitades per la Conselleria de Sanitat Universal i Salut P\u00fablica.<\/h4>\n\n\n\n<p class=\"wp-block-paragraph\">El municipi de <strong>Xest<\/strong>, amb un cens de poblaci\u00f3 de 8.494 habitants, ha passat de 478 contagis confirmats per PCR a 518 positius i una incid\u00e8ncia acumulada de 5.930, 17 per cada cent mil habitants, per la qual cosa actualment \u00e9s el poble que m\u00e9s incid\u00e8ncia acumulada de la comarca registra despr\u00e9s de l&#8217;\u00faltima actualitzaci\u00f3 realitzada per la Conselleria de Sanitat Universal i Salut P\u00fablica.<\/p>\n\n\n\n<p class=\"wp-block-paragraph\">No obstant aix\u00f2, \u00e9s el poble de <strong>Bunyol<\/strong> on la incid\u00e8ncia ha pujat d&#8217;una manera m\u00e9s alarmant, gaireb\u00e9 doblegant el nombre de positius registrats anteriorment. Amb una poblaci\u00f3 9.408 habitants, Bunyol ha passat de 240 casos confirmats per PCR a 419 positius i una incid\u00e8ncia acumulada en els \u00faltims 14 dies de 4.411,46 casos, segons es reflecteix en l&#8217;\u00faltim monitoratge de la poblaci\u00f3 que consta en la web de la Conselleria de Sanitat.<\/p>\n\n\n\n<p class=\"wp-block-paragraph\">Per part seva, el municipi de <strong>Xiva<\/strong>, amb un cens de poblaci\u00f3 de 15.123 habitants, ha passat de 362 casos confirmats per PCR a 399 positius, amb una incid\u00e8ncia acumulada de 2.348,51 casos per cent mil habitants.<\/p>\n\n\n\n<p class=\"wp-block-paragraph\">Les dades registrades dels contagis i de la incid\u00e8ncia acumulada en altres poblacions amb menys habitants de la comarca segueixen tamb\u00e9 a l&#8217;al\u00e7a, duplicant-se en gaireb\u00e9 tots ells a excepci\u00f3 de Macastre, que nom\u00e9s augmenta en un cas :<\/p>\n\n\n\n<ul class=\"wp-block-list\"><li><strong>Alboraig<\/strong>, que puja a 40 positius i una incid\u00e8ncia acumulada de 3.254,28 casos per cada cent mil habitants.<\/li><li><strong>Dosaig\u00fces<\/strong>, que puja a 12 positius i una incid\u00e8ncia acumulada de 3.669,72.<\/li><li><strong>Godelleta<\/strong>, que puja a 87 positius i una incid\u00e8ncia acumulada de 2.427,46 casos.<\/li><li><strong>Macastre<\/strong>, puja a 11 positius i una incid\u00e8ncia acumulada de 546,15.<\/li><li><strong>Setaig\u00fces<\/strong>, puja a 31 positius i una incid\u00e8ncia acumulada de 2.674,72.<\/li><li><strong>I\u00e0tova<\/strong>, puja amb 40 positius i una incid\u00e8ncia acumulada de 1.924,00.<\/li><\/ul>\n\n\n\n<p class=\"wp-block-paragraph\">En poblacions ve\u00efnes a la comarca de la Foia de Bunyol-Xiva com <strong>Tur\u00eds<\/strong> (La Ribera Alta), tamb\u00e9 puja la incid\u00e8ncia i els contagis ascendeixen a 425 amb una incid\u00e8ncia de 6.322,52; i de 28 positius i una incid\u00e8ncia de 3.631,65 a <strong>Cortes de Pall\u00e0s<\/strong> (La Vall d&#8217;Aiora-Cofrents).<\/p>\n","protected":false},"excerpt":{"rendered":"<div class=\"mh-excerpt\">Els pobles de Xest, Xiva i Bunyol segueixen al capdavant de contagis a la comarca. Concretament, Xest continua liderant la incid\u00e8ncia acumulada en La Foia, despr\u00e9s de les \u00faltimes xifres facilitades per la Conselleria de <a class=\"mh-excerpt-more\" href=\"https:\/\/tucomarca.whitekongsoftware.com\/ca\/les-noves-xifres-de-contagis-per-covid-en-la-foia-gairebe-dupliquen-les-de-lanterior-actualitzacio-de-sanitat\/\" title=\"Les noves xifres de contagis per Covid en la Foia gaireb\u00e9 dupliquen les de l&#8217;anterior actualitzaci\u00f3 de Sanitat\">[+] <\/a><\/div>\n","protected":false},"author":12,"featured_media":148046,"comment_status":"open","ping_status":"open","sticky":false,"template":"","format":"standard","meta":{"footnotes":""},"categories":[10951,10973,10911,11010,10953,12202,10976,10898,10977,10980,10894,10912,10902,10978,10896,10979,10897,11047,10974,10975],"tags":[11939,11940,13477,15059,10914],"class_list":["post-148053","post","type-post","status-publish","format-standard","has-post-thumbnail","category-ayora-cofrentes-ca","category-alborache-ca","category-bunol-ca","category-canal-salud","category-cortes-de-pallas-ca","category-covid-19-ca","category-dos-aguas-ca","category-ventana-ca","category-godelleta-ca","category-yatova-ca","category-la-comarca-ca","category-la-hoya-ca","category-la-ribera-ca","category-macastre-ca","category-seccion-ca","category-siete-aguas-ca","category-sucesos-la-comarca-ca","category-turis-ca","category-cheste-ca","category-chiva-ca","tag-coronavirus-ca","tag-covid-19-ca","tag-datos-de-contagios-ca","tag-incidencia-acumulada-ca","tag-la-hoya-de-bunol-chiva-ca"],"_links":{"self":[{"href":"https:\/\/tucomarca.whitekongsoftware.com\/ca\/wp-json\/wp\/v2\/posts\/148053","targetHints":{"allow":["GET"]}}],"collection":[{"href":"https:\/\/tucomarca.whitekongsoftware.com\/ca\/wp-json\/wp\/v2\/posts"}],"about":[{"href":"https:\/\/tucomarca.whitekongsoftware.com\/ca\/wp-json\/wp\/v2\/types\/post"}],"author":[{"embeddable":true,"href":"https:\/\/tucomarca.whitekongsoftware.com\/ca\/wp-json\/wp\/v2\/users\/12"}],"replies":[{"embeddable":true,"href":"https:\/\/tucomarca.whitekongsoftware.com\/ca\/wp-json\/wp\/v2\/comments?post=148053"}],"version-history":[{"count":0,"href":"https:\/\/tucomarca.whitekongsoftware.com\/ca\/wp-json\/wp\/v2\/posts\/148053\/revisions"}],"wp:featuredmedia":[{"embeddable":true,"href":"https:\/\/tucomarca.whitekongsoftware.com\/ca\/wp-json\/wp\/v2\/media\/148046"}],"wp:attachment":[{"href":"https:\/\/tucomarca.whitekongsoftware.com\/ca\/wp-json\/wp\/v2\/media?parent=148053"}],"wp:term":[{"taxonomy":"category","embeddable":true,"href":"https:\/\/tucomarca.whitekongsoftware.com\/ca\/wp-json\/wp\/v2\/categories?post=148053"},{"taxonomy":"post_tag","embeddable":true,"href":"https:\/\/tucomarca.whitekongsoftware.com\/ca\/wp-json\/wp\/v2\/tags?post=148053"}],"curies":[{"name":"wp","href":"https:\/\/api.w.org\/{rel}","templated":true}]}}