{"id":147941,"date":"2022-01-26T12:00:00","date_gmt":"2022-01-26T11:00:00","guid":{"rendered":"http:\/\/www.tucomarca.com\/wordpress\/segunda\/?p=147941"},"modified":"2022-01-26T12:57:08","modified_gmt":"2022-01-26T11:57:08","slug":"investiguen-a-un-jove-de-21-anys-per-ocultar-a-la-seua-casa-de-requena-a-una-menor-de-13-anys-fugida-del-centre-tutelat-dalboraig","status":"publish","type":"post","link":"https:\/\/tucomarca.whitekongsoftware.com\/ca\/investiguen-a-un-jove-de-21-anys-per-ocultar-a-la-seua-casa-de-requena-a-una-menor-de-13-anys-fugida-del-centre-tutelat-dalboraig\/","title":{"rendered":"Investiguen a un jove de 21 anys per ocultar a la seua casa de Requena a una menor de 13 anys fugida del centre tutelat d&#8217;Alboraig"},"content":{"rendered":"\n<p class=\"wp-block-paragraph\">La Gu\u00e0rdia Civil ha obert una recerca a un jove de 21 anys, de nacionalitat espanyola, per un presumpte delicte d&#8217;inducci\u00f3 a l&#8217;aband\u00f3 de domicili, despr\u00e9s de localitzar a una menor de 13 anys desapareguda fa una setmana del centre de menors tutelats d&#8217;Alboraig.<\/p>\n\n\n\n<p class=\"wp-block-paragraph\">Tal com han informat fonts de la Comand\u00e0ncia de la Gu\u00e0rdia Civil de Val\u00e8ncia, &#8220;el passat dia 19 de gener el lloc de la Gu\u00e0rdia Civil de Bunyol va recepcionar una den\u00fancia per desaparici\u00f3 per part dels responsables del Centre de Recepci\u00f3 de Menors La Torre d&#8217;Alboraig. Els denunciants van manifestar que la menor, de 13 anys d&#8217;edat, despr\u00e9s de finalitzar les seves classes en l&#8217;Institut d&#8217;Educaci\u00f3 Secund\u00e0ria de Bunyol, no va tornar al centre&#8221;.<\/p>\n\n\n\n<p class=\"wp-block-paragraph\">La menor est\u00e0 tutelada pel Servei d&#8217;Inf\u00e0ncia, Adolesc\u00e8ncia i Fam\u00edlia de la Direcci\u00f3 Territorial de Val\u00e8ncia dependent de la Vicepresid\u00e8ncia i Conselleria d&#8217;Igualtat i Pol\u00edtiques Inclusives de la Generalitat Valenciana.<\/p>\n\n\n\n<p class=\"wp-block-paragraph\">&#8220;En el dia d&#8217;ahir, despr\u00e9s de la recerca duta a terme per components de la Gu\u00e0rdia Civil de Bunyol i Requena, la menor va ser localitzada, en perfecte estat de salut, en un domicili d&#8217;un home de 21 anys, de la localitat de Requena, que sabent l&#8217;exist\u00e8ncia de la den\u00fancia per desaparici\u00f3 i de l&#8217;activaci\u00f3 del dispositiu de cerca per part de la Gu\u00e0rdia Civil, va col\u00b7laborar en l&#8217;ocultaci\u00f3 de la menor, ja que va estar pernoctant en el seu habitatge durant diversos dies&#8221;, han afegit fonts de la Gu\u00e0rdia Civil.<\/p>\n\n\n\n<p class=\"wp-block-paragraph\">Els investigadors van aconseguir esclarir &#8220;que la menor s&#8217;havia despla\u00e7at, volunt\u00e0riament, al municipi de Requena amb la intenci\u00f3 d&#8217;ocultar-se en aquesta localitat&#8221;.<\/p>\n","protected":false},"excerpt":{"rendered":"<div class=\"mh-excerpt\">La Gu\u00e0rdia Civil ha obert una recerca a un jove de 21 anys, de nacionalitat espanyola, per un presumpte delicte d&#8217;inducci\u00f3 a l&#8217;aband\u00f3 de domicili, despr\u00e9s de localitzar a una menor de 13 anys desapareguda <a class=\"mh-excerpt-more\" href=\"https:\/\/tucomarca.whitekongsoftware.com\/ca\/investiguen-a-un-jove-de-21-anys-per-ocultar-a-la-seua-casa-de-requena-a-una-menor-de-13-anys-fugida-del-centre-tutelat-dalboraig\/\" title=\"Investiguen a un jove de 21 anys per ocultar a la seua casa de Requena a una menor de 13 anys fugida del centre tutelat d&#8217;Alboraig\">[+] <\/a><\/div>\n","protected":false},"author":1,"featured_media":81964,"comment_status":"open","ping_status":"open","sticky":false,"template":"","format":"standard","meta":{"footnotes":""},"categories":[10973,10911,10898,10894,10904,10912,10908,10909,10896,10897],"tags":[11224,12470,11193,11118,10914,16279,11099,10910],"class_list":["post-147941","post","type-post","status-publish","format-standard","has-post-thumbnail","category-alborache-ca","category-bunol-ca","category-ventana-ca","category-la-comarca-ca","category-sin-categorizar-ca","category-la-hoya-ca","category-requena-ca","category-requena-utiel-ca","category-seccion-ca","category-sucesos-la-comarca-ca","tag-alborache-ca","tag-centro-de-atencion-a-menores-de-alborache-ca","tag-centro-de-menores-ca","tag-guardia-civil-ca","tag-la-hoya-de-bunol-chiva-ca","tag-menores-ca","tag-requena-ca","tag-requena-utiel-ca"],"_links":{"self":[{"href":"https:\/\/tucomarca.whitekongsoftware.com\/ca\/wp-json\/wp\/v2\/posts\/147941","targetHints":{"allow":["GET"]}}],"collection":[{"href":"https:\/\/tucomarca.whitekongsoftware.com\/ca\/wp-json\/wp\/v2\/posts"}],"about":[{"href":"https:\/\/tucomarca.whitekongsoftware.com\/ca\/wp-json\/wp\/v2\/types\/post"}],"author":[{"embeddable":true,"href":"https:\/\/tucomarca.whitekongsoftware.com\/ca\/wp-json\/wp\/v2\/users\/1"}],"replies":[{"embeddable":true,"href":"https:\/\/tucomarca.whitekongsoftware.com\/ca\/wp-json\/wp\/v2\/comments?post=147941"}],"version-history":[{"count":0,"href":"https:\/\/tucomarca.whitekongsoftware.com\/ca\/wp-json\/wp\/v2\/posts\/147941\/revisions"}],"wp:featuredmedia":[{"embeddable":true,"href":"https:\/\/tucomarca.whitekongsoftware.com\/ca\/wp-json\/wp\/v2\/media\/81964"}],"wp:attachment":[{"href":"https:\/\/tucomarca.whitekongsoftware.com\/ca\/wp-json\/wp\/v2\/media?parent=147941"}],"wp:term":[{"taxonomy":"category","embeddable":true,"href":"https:\/\/tucomarca.whitekongsoftware.com\/ca\/wp-json\/wp\/v2\/categories?post=147941"},{"taxonomy":"post_tag","embeddable":true,"href":"https:\/\/tucomarca.whitekongsoftware.com\/ca\/wp-json\/wp\/v2\/tags?post=147941"}],"curies":[{"name":"wp","href":"https:\/\/api.w.org\/{rel}","templated":true}]}}