{"id":147933,"date":"2022-01-26T11:55:00","date_gmt":"2022-01-26T10:55:00","guid":{"rendered":"http:\/\/www.tucomarca.com\/wordpress\/segunda\/?p=147933"},"modified":"2022-01-26T13:13:09","modified_gmt":"2022-01-26T12:13:09","slug":"la-regidoria-de-cultura-el-conservatori-linstitut-i-neomusica-organitzen-el-vi-concurs-de-musica-de-cambra-ies-la-foia-de-bunyol","status":"publish","type":"post","link":"https:\/\/tucomarca.whitekongsoftware.com\/ca\/la-regidoria-de-cultura-el-conservatori-linstitut-i-neomusica-organitzen-el-vi-concurs-de-musica-de-cambra-ies-la-foia-de-bunyol\/","title":{"rendered":"La Regidoria de Cultura, el conservatori, l&#8217;institut i NeoM\u00fasica organitzen el VI Concurs de M\u00fasica de Cambra IES la Foia de Bunyol"},"content":{"rendered":"\n<h4 class=\"wp-block-heading\">La Regidoria de Cultura, el Conservatori de Bunyol, l&#8217;IES La Foia de Bunyol i NEOm\u00fasica organitzen el VI Concurs de M\u00fasica de Cambra IES la Foia de Bunyol, que tindr\u00e0 lloc els pr\u00f2xims 11 i 12 d&#8217;abril.<\/h4>\n\n\n\n<p class=\"wp-block-paragraph\">Les inscripcions podran realitzar-se fins al 25 de febrer a trav\u00e9s de la p\u00e0gina Web de l&#8217;IES la Foia de Bunyol: <a href=\"https:\/\/portal.edu.gva.es\/ieslahoyadebunyol\/centro-2\/actividades-y-proyectos\/concurso-ensayo-breve\/v-concurso-musica-de-camara\/\">https:\/\/portal.edu.gva.es\/ieslahoyadebunyol\/centro-2\/actividades-y-proyectos\/concurso-ensayo-breve\/v-concurso-musica-de-camara\/<\/a><\/p>\n\n\n\n<p class=\"wp-block-paragraph\">En aquest podran participar grups d&#8217;entre 2 i 14 components, dels quals almenys, un d&#8217;ells ha de ser alumne de l&#8217;IES o del Conservatori de Bunyol.<br>Cada grup haur\u00e0 d&#8217;interpretar dos o m\u00e9s peces, la duraci\u00f3 total de les quals ser\u00e0 aproximadament de 15 minuts, amb un marge de desviaci\u00f3 perm\u00e9s de 5 minuts. Les obres, podran ser originals i\/o arranjaments, podent variar la formaci\u00f3 del grup en les diferents obres.<br>El concurs es desenvolupar\u00e0 el dimarts 12 d&#8217;abril en una \u00fanica sessi\u00f3, encara que si hi ha m\u00e9s de sis grups, tamb\u00e9 el dilluns 11 d&#8217;abril.<br>Posteriorment, se celebrar\u00e0 el concert de clausura, amb la participaci\u00f3 dels grups premiats dins del marc de la XVI Biennal de M\u00fasica de Bunyol, sent la participaci\u00f3 en aquesta obligat\u00f2ria i es far\u00e0 lliurament dels premis.<br>A m\u00e9s, els grups participants intervindran en el Recital Po\u00e8tic que es realitzar\u00e0 en l&#8217;institut en els mesos d&#8217;abril o maig.<br>Tots els participants obtindran un certificat, a m\u00e9s dels seg\u00fcents premis:<br>1r premi: 350\u20ac<br>2n premi: 200\u20ac<br>3er premi: 100\u20ac<br>4 Acc\u00e8ssits de 50\u20ac<br>S&#8217;estableix tamb\u00e9 el Premi Especial Futur, de 100\u20ac, atorgat per NEOm\u00fasica (Botiga d&#8217;Instruments Musicals) per al grup que obtinga major puntuaci\u00f3 entre els quals tinguen almenys la meitat dels seus membres en 1r, 2n o 3r d&#8217;ESO (aquest premi podr\u00e0 ser acumulat als anteriors).<\/p>\n\n\n\n<p class=\"wp-block-paragraph\"><\/p>\n","protected":false},"excerpt":{"rendered":"<div class=\"mh-excerpt\">La Regidoria de Cultura, el Conservatori de Bunyol, l&#8217;IES La Foia de Bunyol i NEOm\u00fasica organitzen el VI Concurs de M\u00fasica de Cambra IES la Foia de Bunyol, que tindr\u00e0 lloc els pr\u00f2xims 11 i <a class=\"mh-excerpt-more\" href=\"https:\/\/tucomarca.whitekongsoftware.com\/ca\/la-regidoria-de-cultura-el-conservatori-linstitut-i-neomusica-organitzen-el-vi-concurs-de-musica-de-cambra-ies-la-foia-de-bunyol\/\" title=\"La Regidoria de Cultura, el conservatori, l&#8217;institut i NeoM\u00fasica organitzen el VI Concurs de M\u00fasica de Cambra IES la Foia de Bunyol\">[+] <\/a><\/div>\n","protected":false},"author":12,"featured_media":147931,"comment_status":"open","ping_status":"open","sticky":false,"template":"","format":"standard","meta":{"footnotes":""},"categories":[11019,10911,11005,10894,10912,11007,10896],"tags":[10913,13056,11219,10914,14522],"class_list":["post-147933","post","type-post","status-publish","format-standard","has-post-thumbnail","category-agenda-ca","category-bunol-ca","category-canal-musica","category-la-comarca-ca","category-la-hoya-ca","category-ocio-y-cultura-ca","category-seccion-ca","tag-bunol-ca","tag-concejalia-de-cultura-ca","tag-ies-la-hoya-de-bunol-ca","tag-la-hoya-de-bunol-chiva-ca","tag-neomusica-2-ca"],"_links":{"self":[{"href":"https:\/\/tucomarca.whitekongsoftware.com\/ca\/wp-json\/wp\/v2\/posts\/147933","targetHints":{"allow":["GET"]}}],"collection":[{"href":"https:\/\/tucomarca.whitekongsoftware.com\/ca\/wp-json\/wp\/v2\/posts"}],"about":[{"href":"https:\/\/tucomarca.whitekongsoftware.com\/ca\/wp-json\/wp\/v2\/types\/post"}],"author":[{"embeddable":true,"href":"https:\/\/tucomarca.whitekongsoftware.com\/ca\/wp-json\/wp\/v2\/users\/12"}],"replies":[{"embeddable":true,"href":"https:\/\/tucomarca.whitekongsoftware.com\/ca\/wp-json\/wp\/v2\/comments?post=147933"}],"version-history":[{"count":0,"href":"https:\/\/tucomarca.whitekongsoftware.com\/ca\/wp-json\/wp\/v2\/posts\/147933\/revisions"}],"wp:featuredmedia":[{"embeddable":true,"href":"https:\/\/tucomarca.whitekongsoftware.com\/ca\/wp-json\/wp\/v2\/media\/147931"}],"wp:attachment":[{"href":"https:\/\/tucomarca.whitekongsoftware.com\/ca\/wp-json\/wp\/v2\/media?parent=147933"}],"wp:term":[{"taxonomy":"category","embeddable":true,"href":"https:\/\/tucomarca.whitekongsoftware.com\/ca\/wp-json\/wp\/v2\/categories?post=147933"},{"taxonomy":"post_tag","embeddable":true,"href":"https:\/\/tucomarca.whitekongsoftware.com\/ca\/wp-json\/wp\/v2\/tags?post=147933"}],"curies":[{"name":"wp","href":"https:\/\/api.w.org\/{rel}","templated":true}]}}