{"id":147801,"date":"2022-01-24T10:45:00","date_gmt":"2022-01-24T09:45:00","guid":{"rendered":"http:\/\/www.tucomarca.com\/wordpress\/segunda\/?p=147801"},"modified":"2022-01-24T21:03:30","modified_gmt":"2022-01-24T20:03:30","slug":"carlos-martinez-i-elisabet-lopez-sadjudiquen-la-prova-regna-del-trail-3-pics-les-rodanes-de-vilamarxant","status":"publish","type":"post","link":"https:\/\/tucomarca.whitekongsoftware.com\/ca\/carlos-martinez-i-elisabet-lopez-sadjudiquen-la-prova-regna-del-trail-3-pics-les-rodanes-de-vilamarxant\/","title":{"rendered":"Carlos Mart\u00ednez i Elisabet L\u00f3pez s&#8217;adjudiquen la prova regna del Trail 3 Pics Les Rodanes de Vilamarxant"},"content":{"rendered":"\n<p class=\"wp-block-paragraph\">L&#8217;independent Carlos Mart\u00ednez i Elisabet L\u00f3pez, del Trail Morvedre, es van adjudicar el triomf en la prova regna del Trail 3 Pics Les Rodanes de Vilamarxant, que va resultar un \u00e8xit de participaci\u00f3 amb tots els dorsals esgotats des de fa setmanes.<\/p>\n\n\n\n<p class=\"wp-block-paragraph\">La cita esportiva va ser retransmesa, per primera vegada, en directe a trav\u00e9s dels canals oficials de l&#8217;Ajuntament de Vilamarxant perqu\u00e8 familiars, amics i ve\u00efns disfrutaren d&#8217;una de les grans proves de trail de la Comunitat Valenciana.<\/p>\n\n\n\n<p class=\"wp-block-paragraph\">En la prova de 28 quil\u00f2metres, Carlos Mart\u00ednez va emprar 2 hores, 25 minuts i 19 segons per a emportar-se el triomf en esta competici\u00f3, que recorre el Paratge Natural de Les Rodanes, un dels grans pulmons de la prov\u00edncia de Val\u00e8ncia. Alejandro Ju\u00e1rez, del CE Outdoor Natura Moncada, i Santiago Carner, del Trail Morvedre, van completar el podi en categoria masculina.&nbsp;<\/p>\n\n\n\n<p class=\"wp-block-paragraph\">Mentrestant, en la general femenina, Elisabet L\u00f3pez, que va marcar un temps de 2 hores, 49 minuts i 52 segons, va avantatjar en quasi dos minuts a la seua perseguidora Saleta Castro. Eva Mar\u00eda Garc\u00eda, del Green Power Sports Team, va completar el podi.<\/p>\n\n\n\n<p class=\"wp-block-paragraph\">D&#8217;altra banda, en el Rapittrail, de 14 quil\u00f2metres, Francesc Cabrero, de la Universitat Polit\u00e8cnica de Val\u00e8ncia, es va emportar el t\u00edtol en la cita organitzada pel Club d&#8217;Atletisme de Vilamarxant en col\u00b7laboraci\u00f3 amb l&#8217;Ajuntament. Cabrero, que va entrar en meta despr\u00e9s de 50 minuts i 43 segons, va superar a Francisco Luis Rizo, de la Universitat Miguel Hern\u00e1ndez, i Arnau Rosaleny, de la Universitat de Val\u00e8ncia.<\/p>\n\n\n\n<p class=\"wp-block-paragraph\">En categoria femenina, Mar\u00eda \u00c1ngeles Aguilar, de la Universitat Polit\u00e8cnica de Val\u00e8ncia, va aconseguir el primer lloc amb un temps d&#8217;1 hora, 18 minuts i 11 segons. Marta Ferriol, del Paterna Runners Club, i Ana Ortega, del Lobos Trail Valencia, van entrar a un i dos minuts, respectivament, de la guanyadora.<\/p>\n\n\n\n<p class=\"wp-block-paragraph\">Finalment, Julio Zarzo, del CA Vilamarxant, va ser profeta en la seua terra per a emportar-se el triomf en la prova d&#8217;iniciaci\u00f3 de huit quil\u00f2metres despr\u00e9s de 34 minuts i 5 segons. Zarzo, despr\u00e9s d&#8217;una carrera espectacular, va batre a \u00c1ngel Nogales, del Green Power Sports Team, i Francisco Mata, de l&#8217;\u00c1lex Campos Team, que es van veure superats per la seua fortalesa.<\/p>\n\n\n\n<p class=\"wp-block-paragraph\">Mentrestant, en dones, The Kenyan Urban Way va ser el club protagonista, ja que els dos primers llocs van ser per a les seues atletes M\u00f3nica Vivo i M\u00f3nica Pilco. Sonia Collado, del Club de Muntanya CXM Val\u00e8ncia, va ser tercera.<\/p>\n\n\n\n<p class=\"wp-block-paragraph\"><\/p>\n","protected":false},"excerpt":{"rendered":"<div class=\"mh-excerpt\">L&#8217;independent Carlos Mart\u00ednez i Elisabet L\u00f3pez, del Trail Morvedre, es van adjudicar el triomf en la prova regna del Trail 3 Pics Les Rodanes de Vilamarxant, que va resultar un \u00e8xit de participaci\u00f3 amb tots <a class=\"mh-excerpt-more\" href=\"https:\/\/tucomarca.whitekongsoftware.com\/ca\/carlos-martinez-i-elisabet-lopez-sadjudiquen-la-prova-regna-del-trail-3-pics-les-rodanes-de-vilamarxant\/\" title=\"Carlos Mart\u00ednez i Elisabet L\u00f3pez s&#8217;adjudiquen la prova regna del Trail 3 Pics Les Rodanes de Vilamarxant\">[+] <\/a><\/div>\n","protected":false},"author":12,"featured_media":147800,"comment_status":"open","ping_status":"open","sticky":false,"template":"","format":"standard","meta":{"footnotes":""},"categories":[11018,10892,11003,10896,10927],"tags":[10899,16268,11090],"class_list":["post-147801","post","type-post","status-publish","format-standard","has-post-thumbnail","category-atletisme","category-camp-de-turia-ca","category-sports","category-seccion-ca","category-vilamarxant-ca","tag-camp-de-turia-ca","tag-trail-3-pics-les-rodanes-ca","tag-vilamarxant-ca"],"_links":{"self":[{"href":"https:\/\/tucomarca.whitekongsoftware.com\/ca\/wp-json\/wp\/v2\/posts\/147801","targetHints":{"allow":["GET"]}}],"collection":[{"href":"https:\/\/tucomarca.whitekongsoftware.com\/ca\/wp-json\/wp\/v2\/posts"}],"about":[{"href":"https:\/\/tucomarca.whitekongsoftware.com\/ca\/wp-json\/wp\/v2\/types\/post"}],"author":[{"embeddable":true,"href":"https:\/\/tucomarca.whitekongsoftware.com\/ca\/wp-json\/wp\/v2\/users\/12"}],"replies":[{"embeddable":true,"href":"https:\/\/tucomarca.whitekongsoftware.com\/ca\/wp-json\/wp\/v2\/comments?post=147801"}],"version-history":[{"count":0,"href":"https:\/\/tucomarca.whitekongsoftware.com\/ca\/wp-json\/wp\/v2\/posts\/147801\/revisions"}],"wp:featuredmedia":[{"embeddable":true,"href":"https:\/\/tucomarca.whitekongsoftware.com\/ca\/wp-json\/wp\/v2\/media\/147800"}],"wp:attachment":[{"href":"https:\/\/tucomarca.whitekongsoftware.com\/ca\/wp-json\/wp\/v2\/media?parent=147801"}],"wp:term":[{"taxonomy":"category","embeddable":true,"href":"https:\/\/tucomarca.whitekongsoftware.com\/ca\/wp-json\/wp\/v2\/categories?post=147801"},{"taxonomy":"post_tag","embeddable":true,"href":"https:\/\/tucomarca.whitekongsoftware.com\/ca\/wp-json\/wp\/v2\/tags?post=147801"}],"curies":[{"name":"wp","href":"https:\/\/api.w.org\/{rel}","templated":true}]}}