{"id":147715,"date":"2022-01-22T20:00:00","date_gmt":"2022-01-22T19:00:00","guid":{"rendered":"http:\/\/www.tucomarca.com\/wordpress\/segunda\/?p=147715"},"modified":"2022-01-23T00:14:11","modified_gmt":"2022-01-22T23:14:11","slug":"opinio-a-boca-de-cano-per-joseh-larrazabal-5","status":"publish","type":"post","link":"https:\/\/tucomarca.whitekongsoftware.com\/ca\/opinio-a-boca-de-cano-per-joseh-larrazabal-5\/","title":{"rendered":"Opini\u00f3: &#8220;A boca de can\u00f3&#8221;, per J\u00f3seh Larraz\u00e1bal"},"content":{"rendered":"\n<figure class=\"wp-block-image size-large is-resized\"><img loading=\"lazy\" decoding=\"async\" src=\"http:\/\/www.tucomarca.com\/wordpress\/segunda\/wp-content\/uploads\/2021\/07\/JoseLarrazabal-1024x1024.jpg\" alt=\"\" class=\"wp-image-136627\" width=\"185\" height=\"185\" srcset=\"https:\/\/tucomarca.whitekongsoftware.com\/wp-content\/uploads\/2021\/07\/JoseLarrazabal-1024x1024.jpg 1024w, https:\/\/tucomarca.whitekongsoftware.com\/wp-content\/uploads\/2021\/07\/JoseLarrazabal-300x300.jpg 300w, https:\/\/tucomarca.whitekongsoftware.com\/wp-content\/uploads\/2021\/07\/JoseLarrazabal-290x290.jpg 290w, https:\/\/tucomarca.whitekongsoftware.com\/wp-content\/uploads\/2021\/07\/JoseLarrazabal-768x768.jpg 768w, https:\/\/tucomarca.whitekongsoftware.com\/wp-content\/uploads\/2021\/07\/JoseLarrazabal.jpg 1086w\" sizes=\"auto, (max-width: 185px) 100vw, 185px\" \/><\/figure>\n\n\n\n<p class=\"wp-block-paragraph\">Lim no ha comprat el club per amor a l&#8217;entitat.<br>Per aix\u00f2 les r\u00e8pliques que puguem fer a la seua gesti\u00f3, si s\u00f3n des del sentiment, no serveixen per a res. A ell nom\u00e9s l&#8217;afecten les iniciatives que li toquen la butxaca.<br>I si els mitjans de comunicaci\u00f3 inculquen sentiment a la seua audi\u00e8ncia \u00e9s nom\u00e9s per una ra\u00f3: la seua pr\u00f2pia conveni\u00e8ncia.<br>Si alg\u00fa interpreta el que dic com una refer\u00e8ncia a la inutilitat d&#8217;anar a MESTALLA &#8220;a cantar Peter Vete ja,&#8221; a l&#8217;escassa repercussi\u00f3 de l&#8217;\u00faltima manifestaci\u00f3, i a la falta d&#8217;iniciatives realment corrosives contra la gesti\u00f3 de Lim, nom\u00e9s puc dir-los que si, que encerten, que ho dic per aix\u00f2.<br>I a m\u00e9s no serveix ni servir\u00e0 per a res. De seguir aix\u00ed, Merit\u00f3n nom\u00e9s al\u00e7ar\u00e0 el campament quan a Lim li de la gana. Les pressions de l&#8217;Afici\u00f3 del vcf no li arriben, no l&#8217;afecten, li s\u00f3n indiferents.Per qu\u00e8? Per qu\u00e8 estan fetes des del cor i els sentiments.<br>Des de les institucions valencianes se&#8217;ls pot ajudar a prendre aqueixa<br>decisi\u00f3 i marxar-se.<br>Com? Estrenyent-li el coll, posant-li traves, i indicant-los la porta d&#8217;eixida. EXIT<br>Entre tots es pot aconseguir per\u00f2 nom\u00e9s si es fan les coses b\u00e9, si estem units.<br>Lim no acabar\u00e0 el Nou Mestalla. Per a qu\u00e8?<br>A la seua edat no est\u00e0 per a projectes a llarg termini.<br>Si volguera obtindre abundants beneficis del camp nou ja estaria acabat i en funcionament.<br>I comparant la inversi\u00f3 del Singapur\u00e9s amb les del Madrid i Bar\u00e7a queda clar quines s\u00f3n les seues pretensions.<br>Fer un cataplasma de camp, que en teoria ha de durar 100, anys \u00e9s una aberraci\u00f3.<br>Sr Lim no pose vd ni una rajola.<br>El dia que es vaja apareixer\u00e0 un altre inversor, jove, ambici\u00f3s i entusiasta i aqueix, aqueix i no vd, ser\u00e0 el nostre home.<\/p>\n\n\n\n<ul class=\"wp-block-list\"><li>Reformes del Bernab\u00e9u: 750 m d&#8217;euros.<\/li><li>Reformes del Camp Nou: 900 m d&#8217;euros.<\/li><li>Nou Mestalla: 84 m d&#8217;euros. Sobren les paraules.<\/li><\/ul>\n\n\n\n<p class=\"wp-block-paragraph\">Poques ambicions i intencions de creixement porta aquest nefast propietari, que a m\u00e9s pret\u00e9n 46.000 seients.<br>Sens dubte insuficient per a un estadi i una gran ciutat que pot i deu acollir grans esdeveniments esportius, culturals, musicals&#8230;<br>\u00c9s aqueix el creixement que es pret\u00e9n?<br>84 m d&#8217;inversi\u00f3 i 46.000 seients de capacitat?<br>Jutgen vost\u00e9s.<br>Als quals vagen a Mestalla a animar als xics de Lim davant el Cadis els dir\u00e9 que s&#8217;equivoquen.<br>Un vcLim en semis de la Copa del Rei nom\u00e9s pot valdre perqu\u00e8 els comprats, els sectaris, i els manipulats, ajuden a blanquejar la nefasta gesti\u00f3 del Singapur\u00e9s i a allargar la trista i depriment agonia d&#8217;aquest VCLim que no ent\u00e9n d&#8217;Hist\u00f2ria, de sentiments, ni d&#8217;ambici\u00f3. Nom\u00e9s ent\u00e9n de negoci i vist el vist, ni fins i tot d&#8217;aix\u00f2 estic segur.<br>On estan els Senadors, els hist\u00f2rics, els que acumulen experi\u00e8ncia, els que han viscut descensos i ascensos, t\u00edtols de Lliga, finals de Champions, t\u00edtols UEFA&#8230;, on estan?.<br>Si ens deixem portar pel primer manipulador que predique fals sentiment, passi\u00f3 i sectarisme malament anem.<br>Amb aqueixos arguments Peter Lim &#8220;Balla amb els llops.&#8221;<br>Els sectors m\u00e9s joves de l&#8217;Afici\u00f3 s\u00f3n el present i futur del vcf. Per\u00f2 nom\u00e9s aquells que s\u00f3n capa\u00e7os de desmarcar-se de la marabunta, d&#8217;alliberar-se de sectarismes i de pensar per si mateixos.<br>Aqueixos i els de tota la vida, units tindrem m\u00e9s for\u00e7a.<br>Si ens posem en mans dels Vendesentimientos, els Manipuladors i els Comprats, millor ser\u00e0 que l&#8217;\u00faltim apague la llum.<\/p>\n","protected":false},"excerpt":{"rendered":"<div class=\"mh-excerpt\">Lim no ha comprat el club per amor a l&#8217;entitat.Per aix\u00f2 les r\u00e8pliques que puguem fer a la seua gesti\u00f3, si s\u00f3n des del sentiment, no serveixen per a res. A ell nom\u00e9s l&#8217;afecten les <a class=\"mh-excerpt-more\" href=\"https:\/\/tucomarca.whitekongsoftware.com\/ca\/opinio-a-boca-de-cano-per-joseh-larrazabal-5\/\" title=\"Opini\u00f3: &#8220;A boca de can\u00f3&#8221;, per J\u00f3seh Larraz\u00e1bal\">[+] <\/a><\/div>\n","protected":false},"author":12,"featured_media":136628,"comment_status":"open","ping_status":"open","sticky":false,"template":"","format":"standard","meta":{"footnotes":""},"categories":[10911,11014,11003,10912,11020,11021,10896],"tags":[10913,10914,16251,11958,12606,15380],"class_list":["post-147715","post","type-post","status-publish","format-standard","has-post-thumbnail","category-bunol-ca","category-canal-valencia-cf-ca","category-sports","category-la-hoya-ca","category-opinion-ca","category-opinion-ca-2","category-seccion-ca","tag-bunol-ca","tag-la-hoya-de-bunol-chiva-ca","tag-lim-ca","tag-opinion-3-ca","tag-valencia-cf-ca","tag-vcf-ca"],"_links":{"self":[{"href":"https:\/\/tucomarca.whitekongsoftware.com\/ca\/wp-json\/wp\/v2\/posts\/147715","targetHints":{"allow":["GET"]}}],"collection":[{"href":"https:\/\/tucomarca.whitekongsoftware.com\/ca\/wp-json\/wp\/v2\/posts"}],"about":[{"href":"https:\/\/tucomarca.whitekongsoftware.com\/ca\/wp-json\/wp\/v2\/types\/post"}],"author":[{"embeddable":true,"href":"https:\/\/tucomarca.whitekongsoftware.com\/ca\/wp-json\/wp\/v2\/users\/12"}],"replies":[{"embeddable":true,"href":"https:\/\/tucomarca.whitekongsoftware.com\/ca\/wp-json\/wp\/v2\/comments?post=147715"}],"version-history":[{"count":0,"href":"https:\/\/tucomarca.whitekongsoftware.com\/ca\/wp-json\/wp\/v2\/posts\/147715\/revisions"}],"wp:featuredmedia":[{"embeddable":true,"href":"https:\/\/tucomarca.whitekongsoftware.com\/ca\/wp-json\/wp\/v2\/media\/136628"}],"wp:attachment":[{"href":"https:\/\/tucomarca.whitekongsoftware.com\/ca\/wp-json\/wp\/v2\/media?parent=147715"}],"wp:term":[{"taxonomy":"category","embeddable":true,"href":"https:\/\/tucomarca.whitekongsoftware.com\/ca\/wp-json\/wp\/v2\/categories?post=147715"},{"taxonomy":"post_tag","embeddable":true,"href":"https:\/\/tucomarca.whitekongsoftware.com\/ca\/wp-json\/wp\/v2\/tags?post=147715"}],"curies":[{"name":"wp","href":"https:\/\/api.w.org\/{rel}","templated":true}]}}