{"id":147696,"date":"2022-01-22T08:12:00","date_gmt":"2022-01-22T07:12:00","guid":{"rendered":"http:\/\/www.tucomarca.com\/wordpress\/segunda\/?p=147696"},"modified":"2022-01-22T12:30:35","modified_gmt":"2022-01-22T11:30:35","slug":"el-partit-de-requena-i-llogarets-dona-suport-a-la-manifestacio-del-mon-rural","status":"publish","type":"post","link":"https:\/\/tucomarca.whitekongsoftware.com\/ca\/el-partit-de-requena-i-llogarets-dona-suport-a-la-manifestacio-del-mon-rural\/","title":{"rendered":"El Partit de Requena i Llogarets dona suport a la manifestaci\u00f3 del m\u00f3n rural"},"content":{"rendered":"\n<p class=\"wp-block-paragraph\"><strong>La manifestaci\u00f3, coordinada per&nbsp;&nbsp;\u00c0nima Rural&nbsp;(Associaci\u00f3 per al desenvolupament i defensa del m\u00f3n rural i el medi ambient), es realitzar\u00e0 en el Passeig de la Castellana de Madrid.<\/strong><br><\/p>\n\n\n\n<p class=\"wp-block-paragraph\">Fonts del PRy A, a trav\u00e9s d&#8217;una nota de premsa han manifestat que &#8220;esperem i desitgem que sigui multitudin\u00e0ria per a donar tot el suport de la societat espanyola enfront dels atacs que tots els sectors relacionats amb el m\u00f3n rural estan sofrint&#8221;. &#8220;Des de la nostra posici\u00f3 com a partit pol\u00edtic d&#8217;\u00e0mbit local i exclusiu de Requena i com no podria ser d&#8217;una altra manera, volem aportar el nostre esfor\u00e7 a aquestes reivindicacions del camp. Som conscients que la situaci\u00f3 que travessa el sector rural \u00e9s&nbsp;ru\u00efnosa&nbsp;i, davant aquest panorama, hem de&nbsp;conjuminar esfor\u00e7os&nbsp;perqu\u00e8 les administracions europea, nacional i auton\u00f2mica es comprometin a implantar quantes mesures siguin necess\u00e0ries per a garantir la rendibilitat del nostre camp&#8221; afegeixen.<br>Des de el&nbsp;Partit de Requena i Llogarets han deixat clar que &#8220;estarem fent costat al sector rural i tamb\u00e9 fem una crida a la resta de formacions pol\u00edtiques de la comarca perqu\u00e8 siguin presents el pr\u00f2xim dia&nbsp;23 de gener al costat del m\u00f3n del camp, sense lemes i sense banderes, ja que l&#8217;objectiu de tots els assistents a la mateixa ha de ser el suport al m\u00f3n rural i amb l&#8217;\u00fanic prop\u00f2sit de sumar esfor\u00e7os per a aconseguir els objectius de la manifestaci\u00f3&#8221;.&nbsp;Cal destacar que &#8220;cap partit pol\u00edtic amb representaci\u00f3 a l&#8217;Ajuntament de Requena ha expressat el seu suport a la citada manifestaci\u00f3, alguna cosa que resulta com a poc, curi\u00f3s, tenint en compte la crisi del sector agrari, el proc\u00e9s de despoblaci\u00f3 que estan sofrint els nostres llogarets i la crisi de tot el nostre medi rural en general &#8220;asseguren des de la formaci\u00f3 pol\u00edtica.<br>El desig del Partit de Requena i Llogarets &#8220;\u00e9s que el pr\u00f2xim dia 23 de gener a Madrid sigui un \u00e8xit total, per la qual cosa animem, una vegada m\u00e9s, a tota la societat requenense a sumar-se a la manifestaci\u00f3&#8221; conclouen. Informa, Luis Ib\u00e1\u00f1ez.<\/p>\n\n\n\n<p class=\"wp-block-paragraph\"> <\/p>\n\n\n\n<p class=\"wp-block-paragraph\">El des cluyen. <strong>Informa, Luis Ib\u00e1\u00f1ez<\/strong>.<\/p>\n","protected":false},"excerpt":{"rendered":"<div class=\"mh-excerpt\">La manifestaci\u00f3, coordinada per&nbsp;&nbsp;\u00c0nima Rural&nbsp;(Associaci\u00f3 per al desenvolupament i defensa del m\u00f3n rural i el medi ambient), es realitzar\u00e0 en el Passeig de la Castellana de Madrid. Fonts del PRy A, a trav\u00e9s d&#8217;una nota <a class=\"mh-excerpt-more\" href=\"https:\/\/tucomarca.whitekongsoftware.com\/ca\/el-partit-de-requena-i-llogarets-dona-suport-a-la-manifestacio-del-mon-rural\/\" title=\"El Partit de Requena i Llogarets dona suport a la manifestaci\u00f3 del m\u00f3n rural\">[+] <\/a><\/div>\n","protected":false},"author":1,"featured_media":147693,"comment_status":"open","ping_status":"open","sticky":false,"template":"","format":"standard","meta":{"footnotes":""},"categories":[11019,10905,10948,10894,10903,10947,10908,10909,10896],"tags":[11309,12796,10910],"class_list":["post-147696","post","type-post","status-publish","format-standard","has-post-thumbnail","category-agenda-ca","category-agricultura-la-comarca-ca","category-infraestructuras-ca","category-la-comarca-ca","category-medio-ambiente-la-comarca-ca","category-politica","category-requena-ca","category-requena-utiel-ca","category-seccion-ca","tag-agricultura-ca","tag-prya-ca","tag-requena-utiel-ca"],"_links":{"self":[{"href":"https:\/\/tucomarca.whitekongsoftware.com\/ca\/wp-json\/wp\/v2\/posts\/147696","targetHints":{"allow":["GET"]}}],"collection":[{"href":"https:\/\/tucomarca.whitekongsoftware.com\/ca\/wp-json\/wp\/v2\/posts"}],"about":[{"href":"https:\/\/tucomarca.whitekongsoftware.com\/ca\/wp-json\/wp\/v2\/types\/post"}],"author":[{"embeddable":true,"href":"https:\/\/tucomarca.whitekongsoftware.com\/ca\/wp-json\/wp\/v2\/users\/1"}],"replies":[{"embeddable":true,"href":"https:\/\/tucomarca.whitekongsoftware.com\/ca\/wp-json\/wp\/v2\/comments?post=147696"}],"version-history":[{"count":0,"href":"https:\/\/tucomarca.whitekongsoftware.com\/ca\/wp-json\/wp\/v2\/posts\/147696\/revisions"}],"wp:featuredmedia":[{"embeddable":true,"href":"https:\/\/tucomarca.whitekongsoftware.com\/ca\/wp-json\/wp\/v2\/media\/147693"}],"wp:attachment":[{"href":"https:\/\/tucomarca.whitekongsoftware.com\/ca\/wp-json\/wp\/v2\/media?parent=147696"}],"wp:term":[{"taxonomy":"category","embeddable":true,"href":"https:\/\/tucomarca.whitekongsoftware.com\/ca\/wp-json\/wp\/v2\/categories?post=147696"},{"taxonomy":"post_tag","embeddable":true,"href":"https:\/\/tucomarca.whitekongsoftware.com\/ca\/wp-json\/wp\/v2\/tags?post=147696"}],"curies":[{"name":"wp","href":"https:\/\/api.w.org\/{rel}","templated":true}]}}