{"id":147677,"date":"2022-01-21T20:00:00","date_gmt":"2022-01-21T19:00:00","guid":{"rendered":"http:\/\/www.tucomarca.com\/wordpress\/segunda\/?p=147677"},"modified":"2022-01-21T21:50:19","modified_gmt":"2022-01-21T20:50:19","slug":"xest-encapcala-el-nombre-de-positius-en-la-foia-amb-una-incidencia-acumulada-de-5-47224-casos-per-cent-mil-habitants","status":"publish","type":"post","link":"https:\/\/tucomarca.whitekongsoftware.com\/ca\/xest-encapcala-el-nombre-de-positius-en-la-foia-amb-una-incidencia-acumulada-de-5-47224-casos-per-cent-mil-habitants\/","title":{"rendered":"Xest encap\u00e7ala el nombre de positius en La Foia amb una incid\u00e8ncia acumulada de 5.472,24 casos per cent mil habitants"},"content":{"rendered":"\n<h4 class=\"wp-block-heading\">El municipi de Xest ha superat quant a incid\u00e8ncia acumulada i nombre de casos als de Bunyol i Xiva en La Foia despr\u00e9s de l&#8217;\u00faltima actualitzaci\u00f3 realitzada per la Conselleria de Sanitat en la qual els positius pugen en tota la comarca menys a Bunyol.<\/h4>\n\n\n\n<p class=\"wp-block-paragraph\">Els pobles amb major poblaci\u00f3 de la Foia, Xest, Xiva i Bunyol, s\u00f3n tamb\u00e9 els municipis al capdavant de contagis a la comarca. Concretament, a Xest el nombre de positius ha pujat al doble despr\u00e9s de l&#8217;\u00faltima actualitzaci\u00f3 de Sanitat pel que lidera en La Foia en incid\u00e8ncia acumulada despr\u00e9s de les \u00faltimes xifres facilitades per la Conselleria de Sanitat Universal i Salut P\u00fablica.<\/p>\n\n\n\n<p class=\"wp-block-paragraph\"><strong>Xest<\/strong>, amb un cens de poblaci\u00f3 de 8.494 habitants, registra 478 contagis confirmats per PCR i una incid\u00e8ncia acumulada de 5.472,24 casos per cada cent mil habitants, per la qual cosa resulta el municipi amb m\u00e9s incid\u00e8ncia acumulada de la comarca despr\u00e9s de l&#8217;\u00faltima actualitzaci\u00f3 del 19 de gener.<\/p>\n\n\n\n<p class=\"wp-block-paragraph\">El municipi de <strong>Xiva<\/strong>, amb un cens de poblaci\u00f3 de 15.123 habitants, compta actualment amb 362 casos confirmats per PCR en els \u00faltims 14 dies, amb una incid\u00e8ncia acumulada de 2.348,51 casos per cent mil habitants.<\/p>\n\n\n\n<p class=\"wp-block-paragraph\">\u00c9s en canvi <strong>Bunyol<\/strong>, que compta amb una poblaci\u00f3 9.408 habitants, la que compta amb 240 casos confirmats per PCR i una incid\u00e8ncia acumulada en els \u00faltims 14 dies de 2.526,85, l&#8217;\u00fanica poblaci\u00f3 que ha vist redu\u00efts el nombre de positius des del seu m\u00e0xim de 326 casos que va aconseguir dies enrere.<\/p>\n\n\n\n<p class=\"wp-block-paragraph\">Les dades registrades dels contagis i de la incid\u00e8ncia acumulada en altres poblacions amb menys habitants de la comarca segueixen tamb\u00e9 a l&#8217;al\u00e7a. \u00c9s el cas de:<\/p>\n\n\n\n<ul class=\"wp-block-list\"><li><strong>Alboraig<\/strong>, que puja amb 21 positius i una incid\u00e8ncia acumulada de 1.708,71 casos per cada cent mil habitants.<\/li><li><strong>Dosaig\u00fces<\/strong>, que puja amb 9 positius i una incid\u00e8ncia acumulada de 2.752,29.<\/li><li><strong>Godelleta<\/strong>, puja a 76 positius i una incid\u00e8ncia acumulada de 2.120,54.<\/li><li><strong>Macastre<\/strong>, puja a 10 positius i una incid\u00e8ncia acumulada de 538,46.<\/li><li><strong>Setaig\u00fces<\/strong>, puja a 12 positius i una incid\u00e8ncia acumulada de 1.035,38.<\/li><li><strong>I\u00e0tova<\/strong>, compta amb 20 positius i una incid\u00e8ncia acumulada de 962,00.<\/li><\/ul>\n\n\n\n<p class=\"wp-block-paragraph\">En poblacions ve\u00efnes a la comarca de la Foia de Bunyol-Xiva com <strong>Tur\u00eds<\/strong> (La Ribera Alta), tamb\u00e9 puja la incid\u00e8ncia i els contagis ascendeixen a 291 amb una incid\u00e8ncia de 4.329,07 i de 13 positius i una incid\u00e8ncia de 1.686,12 a <strong>Cortes de Pall\u00e0s<\/strong> (La Vall d&#8217;Aiora-Cofrents).<\/p>\n","protected":false},"excerpt":{"rendered":"<div class=\"mh-excerpt\">El municipi de Xest ha superat quant a incid\u00e8ncia acumulada i nombre de casos als de Bunyol i Xiva en La Foia despr\u00e9s de l&#8217;\u00faltima actualitzaci\u00f3 realitzada per la Conselleria de Sanitat en la qual <a class=\"mh-excerpt-more\" href=\"https:\/\/tucomarca.whitekongsoftware.com\/ca\/xest-encapcala-el-nombre-de-positius-en-la-foia-amb-una-incidencia-acumulada-de-5-47224-casos-per-cent-mil-habitants\/\" title=\"Xest encap\u00e7ala el nombre de positius en La Foia amb una incid\u00e8ncia acumulada de 5.472,24 casos per cent mil habitants\">[+] <\/a><\/div>\n","protected":false},"author":12,"featured_media":147676,"comment_status":"open","ping_status":"open","sticky":false,"template":"","format":"standard","meta":{"footnotes":""},"categories":[10973,10911,11010,10953,12202,10976,10898,10977,10980,10948,10894,10904,10912,10978,10947,10896,10979,10897,11047,10974,10975],"tags":[12165,11939,11940,13477,15059,10914],"class_list":["post-147677","post","type-post","status-publish","format-standard","has-post-thumbnail","category-alborache-ca","category-bunol-ca","category-canal-salud","category-cortes-de-pallas-ca","category-covid-19-ca","category-dos-aguas-ca","category-ventana-ca","category-godelleta-ca","category-yatova-ca","category-infraestructuras-ca","category-la-comarca-ca","category-sin-categorizar-ca","category-la-hoya-ca","category-macastre-ca","category-politica","category-seccion-ca","category-siete-aguas-ca","category-sucesos-la-comarca-ca","category-turis-ca","category-cheste-ca","category-chiva-ca","tag-conselleria-de-sanitat-ca","tag-coronavirus-ca","tag-covid-19-ca","tag-datos-de-contagios-ca","tag-incidencia-acumulada-ca","tag-la-hoya-de-bunol-chiva-ca"],"_links":{"self":[{"href":"https:\/\/tucomarca.whitekongsoftware.com\/ca\/wp-json\/wp\/v2\/posts\/147677","targetHints":{"allow":["GET"]}}],"collection":[{"href":"https:\/\/tucomarca.whitekongsoftware.com\/ca\/wp-json\/wp\/v2\/posts"}],"about":[{"href":"https:\/\/tucomarca.whitekongsoftware.com\/ca\/wp-json\/wp\/v2\/types\/post"}],"author":[{"embeddable":true,"href":"https:\/\/tucomarca.whitekongsoftware.com\/ca\/wp-json\/wp\/v2\/users\/12"}],"replies":[{"embeddable":true,"href":"https:\/\/tucomarca.whitekongsoftware.com\/ca\/wp-json\/wp\/v2\/comments?post=147677"}],"version-history":[{"count":0,"href":"https:\/\/tucomarca.whitekongsoftware.com\/ca\/wp-json\/wp\/v2\/posts\/147677\/revisions"}],"wp:featuredmedia":[{"embeddable":true,"href":"https:\/\/tucomarca.whitekongsoftware.com\/ca\/wp-json\/wp\/v2\/media\/147676"}],"wp:attachment":[{"href":"https:\/\/tucomarca.whitekongsoftware.com\/ca\/wp-json\/wp\/v2\/media?parent=147677"}],"wp:term":[{"taxonomy":"category","embeddable":true,"href":"https:\/\/tucomarca.whitekongsoftware.com\/ca\/wp-json\/wp\/v2\/categories?post=147677"},{"taxonomy":"post_tag","embeddable":true,"href":"https:\/\/tucomarca.whitekongsoftware.com\/ca\/wp-json\/wp\/v2\/tags?post=147677"}],"curies":[{"name":"wp","href":"https:\/\/api.w.org\/{rel}","templated":true}]}}