{"id":147613,"date":"2022-01-21T12:15:00","date_gmt":"2022-01-21T11:15:00","guid":{"rendered":"http:\/\/www.tucomarca.com\/wordpress\/segunda\/?p=147613"},"modified":"2022-01-21T12:58:54","modified_gmt":"2022-01-21T11:58:54","slug":"lajuntament-de-benaguasil-participara-aquest-2022-en-quatre-nous-projectes-europeus","status":"publish","type":"post","link":"https:\/\/tucomarca.whitekongsoftware.com\/ca\/lajuntament-de-benaguasil-participara-aquest-2022-en-quatre-nous-projectes-europeus\/","title":{"rendered":"L&#8217;ajuntament de Benaguasil participar\u00e0 aquest 2022 en quatre nous projectes europeus"},"content":{"rendered":"\n<h4 class=\"wp-block-heading\"><strong>Benaguasil liderar\u00e0 un projecte europeu i participar\u00e0 com a soci en altres tres<\/strong><\/h4>\n\n\n\n<h4 class=\"wp-block-heading\"><strong>Aquests projectes europeus estan relacionats amb la pol\u00edtica europea, l&#8217;ocupaci\u00f3 juvenil, la solidaritat transfronterera, la formaci\u00f3, la digitalitzaci\u00f3 de l&#8217;agricultura i la creaci\u00f3 d&#8217;ocupaci\u00f3 en el sector<\/strong><\/h4>\n\n\n\n<p class=\"wp-block-paragraph\">L&#8217;ajuntament de Benaguasil continua sumant experi\u00e8ncies en aquest any 2022 en liderar un projecte europeu sobre joventut i participar com a soci en altres tres projectes a nivell europeu. Amb aix\u00f2, el municipi demostra el seu inter\u00e8s en assumptes europeus al mateix temps que pret\u00e9n centrar-se en les necessitats i formaci\u00f3 de la ciutadania.<br>Aquestes iniciatives se centren en l&#8217;acostament a les pol\u00edtiques europees, la socialitzaci\u00f3 i solidaritat entre pa\u00efsos europeus, la digitalitzaci\u00f3 i immersi\u00f3 dels m\u00e9s joves en el sector de l&#8217;agricultura, aix\u00ed com la formaci\u00f3 davant futures crisis i emerg\u00e8ncies.<br>BRIDGE2030, un acostament a la pol\u00edtica europea per als joves<br>El projecte BRIDGE2030, cofinan\u00e7at per la Uni\u00f3 Europea, en el marc de les Activitats de Participaci\u00f3 Juvenil del Programa Erasmus+ est\u00e0 liderat per l&#8217;ajuntament de Benaguasil i pret\u00e9n acostar l&#8217;Agenda 2030 a la joventut d&#8217;aquest municipi valenci\u00e0. Per a aix\u00f2, es realitzaran diverses activitats encaminades a debatre sobre el futur que desitgen per al seu municipi juntament amb experts i prenedors de decisions a nivell local, regional, nacional i europeu.<br>Al mateix temps, BRIDGE2030 t\u00e9 com a objectiu implicar la joventut en la vida pol\u00edtica del municipi per a crear un Consell de la Joventut o una organitzaci\u00f3 juvenil que promogui activitats que defensin els drets i objectius dels joves de la zona.<br>Aquesta iniciativa tindr\u00e0 la seva primera activitat al febrer i durar\u00e0 6 mesos. Al seu torn, compta amb un pressupost total d&#8217;uns 16.000 euros integrat sota el paraigua de les Activitats de Participaci\u00f3 Juvenil del Programa Erasmus+.<br><em>REU-<\/em>discovery, socialitzaci\u00f3 entre la joventut<br>Benaguasil participar\u00e0 tamb\u00e9 com a soci en el projecte <em>REU-<\/em>discovery, en el marc de les convocat\u00f2ries Town Twinning del Programa Ciutadans, Igualtat, Drets i Valors al costat d&#8217;altres organitzacions de la UE. La finalitat d&#8217;aquest \u00e9s recuperar processos de solidaritat i socialitzaci\u00f3 entre els pa\u00efsos europeus que es van detenir durant els \u00faltims anys a causa de la pand\u00e8mia. Aix\u00ed, se centrar\u00e0 en els joves que van perdre oportunitats d&#8217;aprendre amb els seus companys i de millorar habilitats laborals per a brindar-los la possibilitat d&#8217;entaular un di\u00e0leg directe amb altres companys de pa\u00efsos de la Uni\u00f3 Europea com It\u00e0lia, Portugal, Espanya i Cro\u00e0cia.<br>Aquesta iniciativa compta amb un pressupost de 23.255 euros i tindr\u00e0 una durada de 12 mesos.<br>SET-<em>OFF, preparaci\u00f3 contra futures crisi Altra de les iniciatives en les quals participa el municipi com a soci \u00e9s SET-<\/em>OFF, dins de la convocat\u00f2ria Associacions per a la Cooperaci\u00f3 en Formaci\u00f3 Professional en col\u00b7laboraci\u00f3 amb altres pa\u00efsos com Gr\u00e8cia, B\u00e8lgica, Maced\u00f2nia del Nord i Espanya La seva intenci\u00f3 \u00e9s millorar la preparaci\u00f3 i seguretat ocupacional del Personal de Protecci\u00f3 Civil tant p\u00fablic com privat contra futures crisis i emerg\u00e8ncies mitjan\u00e7ant el desenvolupament d&#8217;un innovador pla d&#8217;estudis de capacitaci\u00f3 en l\u00ednia basat en un model de simulaci\u00f3 provat i implementat amb \u00e8xit combinat amb els \u00faltims coneixements cient\u00edfics, aix\u00ed com en una an\u00e0lisi integral de necessitats.<br>La iniciativa arrencar\u00e0 pr\u00f2ximament amb un pressupost de 312.300 euros i una durada de 36 mesos.<br>Smart and Digital Agriculture, digitalitzaci\u00f3 del sector<br>Dins de la convocat\u00f2ria Associacions per a la Cooperaci\u00f3 en Formaci\u00f3 Professional, el municipi valenci\u00e0 participar\u00e0 com a soci en el projecte Smart and Digital Agriculture al costat d&#8217;institucions internacionals de B\u00e8lgica, Bulg\u00e0ria, Maced\u00f2nia, Espanya i Turquia per a prevenir la desocupaci\u00f3 juvenil secundant nous llocs en el sector de l&#8217;agricultura mitjan\u00e7ant l&#8217;\u00fas i estudi de plantes medicinals i arom\u00e0tiques d&#8217;alt valor afegit.<br>D&#8217;aquesta manera, l&#8217;objecte d&#8217;aquesta idea \u00e9s crear una consci\u00e8ncia contra les activitats agr\u00edcoles inconscients, fer costat a la digitalitzaci\u00f3 del sector i desenvolupar pr\u00e0ctiques agr\u00edcoles virtuals intel\u00b7ligents, aix\u00ed com programes de capacitaci\u00f3.<br>La Fundaci\u00f3 Finnova, en col\u00b7laboraci\u00f3 amb l&#8217;Ajuntament de Benaguasil, fa costat al municipi en la seva participaci\u00f3 en aquesta mena de projectes europeus.<\/p>\n","protected":false},"excerpt":{"rendered":"<div class=\"mh-excerpt\">Benaguasil liderar\u00e0 un projecte europeu i participar\u00e0 com a soci en altres tres Aquests projectes europeus estan relacionats amb la pol\u00edtica europea, l&#8217;ocupaci\u00f3 juvenil, la solidaritat transfronterera, la formaci\u00f3, la digitalitzaci\u00f3 de l&#8217;agricultura i la <a class=\"mh-excerpt-more\" href=\"https:\/\/tucomarca.whitekongsoftware.com\/ca\/lajuntament-de-benaguasil-participara-aquest-2022-en-quatre-nous-projectes-europeus\/\" title=\"L&#8217;ajuntament de Benaguasil participar\u00e0 aquest 2022 en quatre nous projectes europeus\">[+] <\/a><\/div>\n","protected":false},"author":1,"featured_media":144795,"comment_status":"open","ping_status":"open","sticky":false,"template":"","format":"standard","meta":{"footnotes":""},"categories":[10952,10892,10948,10894,10947,10896],"tags":[11136,10899],"class_list":["post-147613","post","type-post","status-publish","format-standard","has-post-thumbnail","category-benaguasil-ca","category-camp-de-turia-ca","category-infraestructuras-ca","category-la-comarca-ca","category-politica","category-seccion-ca","tag-benaguasil-ca","tag-camp-de-turia-ca"],"_links":{"self":[{"href":"https:\/\/tucomarca.whitekongsoftware.com\/ca\/wp-json\/wp\/v2\/posts\/147613","targetHints":{"allow":["GET"]}}],"collection":[{"href":"https:\/\/tucomarca.whitekongsoftware.com\/ca\/wp-json\/wp\/v2\/posts"}],"about":[{"href":"https:\/\/tucomarca.whitekongsoftware.com\/ca\/wp-json\/wp\/v2\/types\/post"}],"author":[{"embeddable":true,"href":"https:\/\/tucomarca.whitekongsoftware.com\/ca\/wp-json\/wp\/v2\/users\/1"}],"replies":[{"embeddable":true,"href":"https:\/\/tucomarca.whitekongsoftware.com\/ca\/wp-json\/wp\/v2\/comments?post=147613"}],"version-history":[{"count":0,"href":"https:\/\/tucomarca.whitekongsoftware.com\/ca\/wp-json\/wp\/v2\/posts\/147613\/revisions"}],"wp:featuredmedia":[{"embeddable":true,"href":"https:\/\/tucomarca.whitekongsoftware.com\/ca\/wp-json\/wp\/v2\/media\/144795"}],"wp:attachment":[{"href":"https:\/\/tucomarca.whitekongsoftware.com\/ca\/wp-json\/wp\/v2\/media?parent=147613"}],"wp:term":[{"taxonomy":"category","embeddable":true,"href":"https:\/\/tucomarca.whitekongsoftware.com\/ca\/wp-json\/wp\/v2\/categories?post=147613"},{"taxonomy":"post_tag","embeddable":true,"href":"https:\/\/tucomarca.whitekongsoftware.com\/ca\/wp-json\/wp\/v2\/tags?post=147613"}],"curies":[{"name":"wp","href":"https:\/\/api.w.org\/{rel}","templated":true}]}}