{"id":147571,"date":"2022-01-20T12:00:00","date_gmt":"2022-01-20T11:00:00","guid":{"rendered":"http:\/\/www.tucomarca.com\/wordpress\/segunda\/?p=147571"},"modified":"2022-01-20T16:35:21","modified_gmt":"2022-01-20T15:35:21","slug":"la-piscina-municipal-el-museu-el-centre-dinterpretacio-i-el-condicionament-de-lajuntament-entre-les-majors-inversions-previstes-a-cortes-de-pallas-per-a-2022","status":"publish","type":"post","link":"https:\/\/tucomarca.whitekongsoftware.com\/ca\/la-piscina-municipal-el-museu-el-centre-dinterpretacio-i-el-condicionament-de-lajuntament-entre-les-majors-inversions-previstes-a-cortes-de-pallas-per-a-2022\/","title":{"rendered":"La piscina municipal, el museu, el centre d&#8217;interpretaci\u00f3 i el condicionament de l&#8217;ajuntament, entre les majors inversions previstes a Cortes de Pall\u00e0s per a 2022"},"content":{"rendered":"\n<p class=\"wp-block-paragraph\">La construcci\u00f3 d&#8217;una piscina municipal i el condicionament del poliesportiu; la construcci\u00f3 del museu i centre d&#8217;interpretaci\u00f3; aix\u00ed com el condicionament de l&#8217;edifici de l&#8217;ajuntament en la Pla\u00e7a de l&#8217;Esgl\u00e9sia s\u00f3n els projectes que compten amb una major dotaci\u00f3 pressupost\u00e0ria que es preveu finalitzar en aquest exercici 2022.<\/p>\n\n\n\n<p class=\"wp-block-paragraph\">Concretament, la construcci\u00f3 de la piscina municipal al costat del condicionament del poliesportiu compta amb un pressupost que ascendeix a 730.000 euros; la construcci\u00f3 del museu i centre d&#8217;interpretaci\u00f3 disposa d&#8217;un pressupost de 259.182 euros; i al condicionament de l&#8217;edifici de l&#8217;ajuntament situat en la Pla\u00e7a de l&#8217;Esgl\u00e9sia s&#8217;ha previst una inversi\u00f3 de 374.170,59 euros.<\/p>\n\n\n\n<p class=\"wp-block-paragraph\">El regidor d&#8217;Hisenda de l&#8217;Ajuntament de Cortes de Pall\u00e0s, David Gras, ha volgut subratllar que aquest 2022 &#8220;\u00e9s un any en qu\u00e8 diversos projectes veuran la llum&#8221;, projectes entre els quals ha destacat &#8220;la construcci\u00f3 de la piscina municipal i el condicionament del poliesportiu per a d&#8217;aquesta manera dotar a Corts d&#8217;un espai per al gaudi de tota la poblaci\u00f3&#8221;.<\/p>\n\n\n\n<p class=\"wp-block-paragraph\">A aquestes inversions se sumen unes altres a desenvolupar tamb\u00e9 en llogarets com Vi\u00f1uelas, on s&#8217;ha projectat la rehabilitaci\u00f3 del consultori m\u00e8dic i que compta amb un pressupost de 91.386,07 euros; o en Castilblanques amb 12.738,31 euros destinats a l&#8217;ampliaci\u00f3 del magatzem municipal; aix\u00ed com el condicionament de la font de les Cabanyes en el llogaret de l&#8217;Or, que compta amb un pressupost de 7.502 euros.<\/p>\n\n\n\n<p class=\"wp-block-paragraph\">A aquests projectes la finalitzaci\u00f3 dels quals est\u00e0 prevista aquest exercici 2022, David Gras tamb\u00e9 ha sumat el condicionament de la zona tur\u00edstica de l&#8217;embarcador, la construcci\u00f3 d&#8217;un gimn\u00e0s municipal, aix\u00ed com la millora dels parcs infantils que tamb\u00e9 compten amb una partida per a la seva renovaci\u00f3.<\/p>\n","protected":false},"excerpt":{"rendered":"<div class=\"mh-excerpt\">La construcci\u00f3 d&#8217;una piscina municipal i el condicionament del poliesportiu; la construcci\u00f3 del museu i centre d&#8217;interpretaci\u00f3; aix\u00ed com el condicionament de l&#8217;edifici de l&#8217;ajuntament en la Pla\u00e7a de l&#8217;Esgl\u00e9sia s\u00f3n els projectes que compten <a class=\"mh-excerpt-more\" href=\"https:\/\/tucomarca.whitekongsoftware.com\/ca\/la-piscina-municipal-el-museu-el-centre-dinterpretacio-i-el-condicionament-de-lajuntament-entre-les-majors-inversions-previstes-a-cortes-de-pallas-per-a-2022\/\" title=\"La piscina municipal, el museu, el centre d&#8217;interpretaci\u00f3 i el condicionament de l&#8217;ajuntament, entre les majors inversions previstes a Cortes de Pall\u00e0s per a 2022\">[+] <\/a><\/div>\n","protected":false},"author":12,"featured_media":110101,"comment_status":"open","ping_status":"open","sticky":false,"template":"","format":"standard","meta":{"footnotes":""},"categories":[10951,10953,10898,10948,10894,10912,10947,10896],"tags":[11230,13317,12220,15891,11440],"class_list":["post-147571","post","type-post","status-publish","format-standard","has-post-thumbnail","category-ayora-cofrentes-ca","category-cortes-de-pallas-ca","category-ventana-ca","category-infraestructuras-ca","category-la-comarca-ca","category-la-hoya-ca","category-politica","category-seccion-ca","tag-cortes-de-pallas-ca","tag-inversiones-municipales-ca","tag-piscina-municipal-ca","tag-presupuestos-municipales-2022-ca","tag-valle-de-ayora-cofrentes-ca"],"_links":{"self":[{"href":"https:\/\/tucomarca.whitekongsoftware.com\/ca\/wp-json\/wp\/v2\/posts\/147571","targetHints":{"allow":["GET"]}}],"collection":[{"href":"https:\/\/tucomarca.whitekongsoftware.com\/ca\/wp-json\/wp\/v2\/posts"}],"about":[{"href":"https:\/\/tucomarca.whitekongsoftware.com\/ca\/wp-json\/wp\/v2\/types\/post"}],"author":[{"embeddable":true,"href":"https:\/\/tucomarca.whitekongsoftware.com\/ca\/wp-json\/wp\/v2\/users\/12"}],"replies":[{"embeddable":true,"href":"https:\/\/tucomarca.whitekongsoftware.com\/ca\/wp-json\/wp\/v2\/comments?post=147571"}],"version-history":[{"count":0,"href":"https:\/\/tucomarca.whitekongsoftware.com\/ca\/wp-json\/wp\/v2\/posts\/147571\/revisions"}],"wp:featuredmedia":[{"embeddable":true,"href":"https:\/\/tucomarca.whitekongsoftware.com\/ca\/wp-json\/wp\/v2\/media\/110101"}],"wp:attachment":[{"href":"https:\/\/tucomarca.whitekongsoftware.com\/ca\/wp-json\/wp\/v2\/media?parent=147571"}],"wp:term":[{"taxonomy":"category","embeddable":true,"href":"https:\/\/tucomarca.whitekongsoftware.com\/ca\/wp-json\/wp\/v2\/categories?post=147571"},{"taxonomy":"post_tag","embeddable":true,"href":"https:\/\/tucomarca.whitekongsoftware.com\/ca\/wp-json\/wp\/v2\/tags?post=147571"}],"curies":[{"name":"wp","href":"https:\/\/api.w.org\/{rel}","templated":true}]}}