{"id":147520,"date":"2022-01-19T18:15:00","date_gmt":"2022-01-19T17:15:00","guid":{"rendered":"http:\/\/www.tucomarca.com\/wordpress\/segunda\/?p=147520"},"modified":"2022-01-19T20:25:19","modified_gmt":"2022-01-19T19:25:19","slug":"la-comunitat-valenciana-corregeix-en-els-ultims-4-anys-mes-de-10-000-suports-electrics-considerats-perillosos-per-a-ocells","status":"publish","type":"post","link":"https:\/\/tucomarca.whitekongsoftware.com\/ca\/la-comunitat-valenciana-corregeix-en-els-ultims-4-anys-mes-de-10-000-suports-electrics-considerats-perillosos-per-a-ocells\/","title":{"rendered":"La Comunitat Valenciana corregeix en els \u00faltims 4 anys m\u00e9s de 10.000 suports el\u00e8ctrics considerats perillosos per a ocells"},"content":{"rendered":"\n<h4 class=\"wp-block-heading\">L&#8217;increment de les correccions s&#8217;emmarca en el treball de mediaci\u00f3 i negociaci\u00f3 de la Conselleria d&#8217;Agricultura i Transici\u00f3 Ecol\u00f2gica, que sobre el terreny ha suposat un descens en la mortalitat interanual per damunt del 25%.<\/h4>\n\n\n\n<p class=\"wp-block-paragraph\">El director general de Medi natural, Julio G\u00f3mez, ha assenyalat la labor de l&#8217;Administraci\u00f3 que inclou expedients de responsabilitat mediambiental, acords amb empreses el\u00e8ctriques, convenis amb el Ministeri d&#8217;agricultura i correccions realitzades per la Generalitat per a revertir l&#8217;impacte de les esteses sobre l&#8217;avifauna. En aquest sentit, a la intensificaci\u00f3 de les correccions s&#8217;ha unit la instal\u00b7laci\u00f3 de salvaocells, senyalitzant uns 150 km de l\u00ednia en el per\u00edode 2021-2023 per a evitar possibles col\u00b7lisions de l&#8217;avifauna. D&#8217;altra banda, la Conselleria, a m\u00e9s, continua determinant prioritats de correcci\u00f3 assumint amb pressupost propi correccions en suports de titularitat particular, i amb especial atenci\u00f3 i actuaci\u00f3 en la Marjal de Pego-Oliva.<br>El director general ha posat en relleu el treball en l&#8217;Albufera, una de les zones preferents d&#8217;actuaci\u00f3 on s&#8217;han adaptat un miler de suports, fent de l&#8217;ecosistema un espai significativament m\u00e9s segur.<br>L&#8217;actuaci\u00f3 s&#8217;est\u00e9n tamb\u00e9 al marc normatiu amb una nova resoluci\u00f3 de 6 de juliol de 2021 de la Consellera d&#8217;Agricultura, Desenvolupament Rural, Emerg\u00e8ncia Clim\u00e0tica i Transici\u00f3 Ecol\u00f2gica, que amplia les zones de protecci\u00f3 del 35% al 87% del territori valenci\u00e0. &#8220;Aquesta ampliaci\u00f3 implica un repte i una necess\u00e0ria tutela ambiental amb un objectiu clar: buscar i posar solucions per a acabar amb aquest impacte invisibilitzat fins a 2007&#8221;, ha afirmat el director general. En concret, el Reial decret 1432\/2008, de mesures per a la protecci\u00f3 de l&#8217;avifauna contra la col\u00b7lisi\u00f3 i l&#8217;electrocuci\u00f3 en l\u00ednies el\u00e8ctriques, suposa l&#8217;inici de les obligacions legals de correcci\u00f3 de l\u00ednies el\u00e8ctriques a Espanya. Informa, <strong>Luis Ib\u00e1\u00f1ez.<\/strong><\/p>\n\n\n\n<p class=\"wp-block-paragraph\"><\/p>\n","protected":false},"excerpt":{"rendered":"<div class=\"mh-excerpt\">L&#8217;increment de les correccions s&#8217;emmarca en el treball de mediaci\u00f3 i negociaci\u00f3 de la Conselleria d&#8217;Agricultura i Transici\u00f3 Ecol\u00f2gica, que sobre el terreny ha suposat un descens en la mortalitat interanual per damunt del 25%. <a class=\"mh-excerpt-more\" href=\"https:\/\/tucomarca.whitekongsoftware.com\/ca\/la-comunitat-valenciana-corregeix-en-els-ultims-4-anys-mes-de-10-000-suports-electrics-considerats-perillosos-per-a-ocells\/\" title=\"La Comunitat Valenciana corregeix en els \u00faltims 4 anys m\u00e9s de 10.000 suports el\u00e8ctrics considerats perillosos per a ocells\">[+] <\/a><\/div>\n","protected":false},"author":12,"featured_media":147519,"comment_status":"open","ping_status":"open","sticky":false,"template":"","format":"standard","meta":{"footnotes":""},"categories":[10890,10905,10951,11046,10898,10948,10963,10894,10904,10903,10947,10896],"tags":[16237,12856,12166,16238],"class_list":["post-147520","post","type-post","status-publish","format-standard","has-post-thumbnail","category-ademus","category-agricultura-la-comarca-ca","category-ayora-cofrentes-ca","category-los-serranos-ca","category-ventana-ca","category-infraestructuras-ca","category-la-canal-de-navarres-ca","category-la-comarca-ca","category-sin-categorizar-ca","category-medio-ambiente-la-comarca-ca","category-politica","category-seccion-ca","tag-aves-ca","tag-conselleria-de-agricultura-ca","tag-medio-ambiente-ca","tag-medio-natural-ca"],"_links":{"self":[{"href":"https:\/\/tucomarca.whitekongsoftware.com\/ca\/wp-json\/wp\/v2\/posts\/147520","targetHints":{"allow":["GET"]}}],"collection":[{"href":"https:\/\/tucomarca.whitekongsoftware.com\/ca\/wp-json\/wp\/v2\/posts"}],"about":[{"href":"https:\/\/tucomarca.whitekongsoftware.com\/ca\/wp-json\/wp\/v2\/types\/post"}],"author":[{"embeddable":true,"href":"https:\/\/tucomarca.whitekongsoftware.com\/ca\/wp-json\/wp\/v2\/users\/12"}],"replies":[{"embeddable":true,"href":"https:\/\/tucomarca.whitekongsoftware.com\/ca\/wp-json\/wp\/v2\/comments?post=147520"}],"version-history":[{"count":0,"href":"https:\/\/tucomarca.whitekongsoftware.com\/ca\/wp-json\/wp\/v2\/posts\/147520\/revisions"}],"wp:featuredmedia":[{"embeddable":true,"href":"https:\/\/tucomarca.whitekongsoftware.com\/ca\/wp-json\/wp\/v2\/media\/147519"}],"wp:attachment":[{"href":"https:\/\/tucomarca.whitekongsoftware.com\/ca\/wp-json\/wp\/v2\/media?parent=147520"}],"wp:term":[{"taxonomy":"category","embeddable":true,"href":"https:\/\/tucomarca.whitekongsoftware.com\/ca\/wp-json\/wp\/v2\/categories?post=147520"},{"taxonomy":"post_tag","embeddable":true,"href":"https:\/\/tucomarca.whitekongsoftware.com\/ca\/wp-json\/wp\/v2\/tags?post=147520"}],"curies":[{"name":"wp","href":"https:\/\/api.w.org\/{rel}","templated":true}]}}