{"id":147458,"date":"2022-01-19T08:00:00","date_gmt":"2022-01-19T07:00:00","guid":{"rendered":"http:\/\/www.tucomarca.com\/wordpress\/segunda\/?p=147458"},"modified":"2022-01-19T10:40:53","modified_gmt":"2022-01-19T09:40:53","slug":"la-diputacio-presenta-a-fitur-els-atractius-turistics-de-la-provincia-com-a-vacuna-emocional-contra-els-efectes-de-la-pandemia","status":"publish","type":"post","link":"https:\/\/tucomarca.whitekongsoftware.com\/ca\/la-diputacio-presenta-a-fitur-els-atractius-turistics-de-la-provincia-com-a-vacuna-emocional-contra-els-efectes-de-la-pandemia\/","title":{"rendered":"La Diputaci\u00f3 presenta a Fitur els atractius tur\u00edstics de la prov\u00edncia com a vacuna emocional contra els efectes de la pand\u00e8mia"},"content":{"rendered":"\n<h4 class=\"wp-block-heading\"><strong><strong>La corporaci\u00f3, a trav\u00e9s de la seua marca Val\u00e8ncia Turisme, s&#8217;integra un any m\u00e9s en l&#8217;estand de la Generalitat oferint una vintena de productes i destins de la prov\u00edncia<\/strong><\/strong><\/h4>\n\n\n\n<h4 class=\"wp-block-heading\"><strong><strong>El diputat de Turisme, Jordi Mayor, confia que esta edici\u00f3 supose la recuperaci\u00f3 definitiva d&#8217;un sector clau per al nostre territori<\/strong><\/strong><\/h4>\n\n\n\n<h4 class=\"wp-block-heading\"><strong><strong>L\u2019acte central, en el qual es presentaran totes les novetats de la campanya 2022, t\u00e9 lloc este dimecres a les 17 h.<\/strong><\/strong><\/h4>\n\n\n\n<p class=\"wp-block-paragraph\">La Diputaci\u00f3 de Val\u00e8ncia torna a una nova edici\u00f3 de la Feria Internacional de Turismo (FITUR) de Madrid, que se celebra del 19 al 23 de gener, amb l&#8217;objectiu de mostrar al m\u00f3n l&#8217;\u00e0mplia i variada oferta d&#8217;atractius tur\u00edstics que oferix la prov\u00edncia. Amb el nou esl\u00f2gan de la campanya promocional <em>\u00bfVienes?<\/em>, la marca Val\u00e8ncia Turisme crida a gaudir del nostre territori centrant-se en tres vessants: la naturalesa, la cultura i la gastronomia.<\/p>\n\n\n\n<p class=\"wp-block-paragraph\">Des d&#8217;este mateix dimecres i fins al pr\u00f2xim 21 de gener, la corporaci\u00f3 provincial participar\u00e0 en el certamen internacional de la capital donant suport als municipis, empreses i professionals del sector, en el marc de l&#8217;estrat\u00e8gia de l\u2019Ag\u00e8ncia Valenciana de Turisme de la Generalitat i el seu modern estand.<\/p>\n\n\n\n<p class=\"wp-block-paragraph\">Per al diputat de Turisme, Jordi Mayor, no es tracta d&#8217;una edici\u00f3 m\u00e9s, ja que la d&#8217;enguany \u201cha de servir per a superar definitivament les dificultats originades per la pand\u00e8mia; esperem que siga el principi de l&#8217;anhelada recuperaci\u00f3 del sector, i que durant la campanya tornem a les xifres pr\u00e8vies a 2020\u201d.<\/p>\n\n\n\n<p class=\"wp-block-paragraph\">Aix\u00ed mateix, Jordi Mayor insistix que el turisme no sols servix com un dinamitzador econ\u00f2mic per a la prov\u00edncia, sin\u00f3 que \u00e9s, a m\u00e9s \u201cuna de les millors vacunes contra els efectes emocionals d&#8217;esta situaci\u00f3\u201d.<\/p>\n\n\n\n<p class=\"wp-block-paragraph\">A partir de dimecres, a les 11 h., s&#8217;aniran succeint les 22 presentacions organitzades per Val\u00e8ncia Turisme en l&#8217;estand de 205 metres quadrats situat al Pavell\u00f3 7 del Parque Ferial Juan Carlos I de Madrid. Destaquen les dels municipis de Gandia, Cullera, Oliva, Sagunt i Canet d&#8217;en Berenguer, doncs s\u00f3n els municipis de la prov\u00edncia de major refer\u00e8ncia en el mercat emissor nacional per la seua capacitat d&#8217;allotjament i oferta tur\u00edstica.<\/p>\n\n\n\n<p class=\"wp-block-paragraph\">Tamb\u00e9 les localitats d&#8217;Alfafar, el Perell\u00f3, Tavernes de la Valldigna, Riba-roja de T\u00faria, X\u00e0tiva, Ontinyent, Sueca, Xeraco, Algemes\u00ed, Ll\u00edria, Cheste i Utiel presentaran els seus productes tur\u00edstics sota el paraigua de la Diputaci\u00f3.<\/p>\n\n\n\n<p class=\"wp-block-paragraph\"><strong>Presentacions institucionals, showcooking i tastos<\/strong><\/p>\n\n\n\n<p class=\"wp-block-paragraph\">L&#8217;acte central de la Diputaci\u00f3 de Val\u00e8ncia tindr\u00e0 lloc dimecres a les 17 h. en la Pla\u00e7a Central de l&#8217;estand de la Comunitat Valenciana. El president Toni Gaspar i el diputat de Turisme, Jordi Mayor, presentaran les novetats de Val\u00e8ncia Turisme per a 2022.<\/p>\n\n\n\n<p class=\"wp-block-paragraph\">Per a esta campanya l&#8217;estrat\u00e8gia de la instituci\u00f3 se centrar\u00e0 en tres eixos: Ajudes \u2018Impulsem Turisme\u2019, Fons de Cooperaci\u00f3 per a municipis tur\u00edstics i Plans de Dinamitzaci\u00f3 i Governan\u00e7a de les destinacions tur\u00edstiques. Al mateix acte es presentar\u00e0 la \u2018Ruta d&#8217;Art Urb\u00e0 del Val\u00e8ncia C.F.\u2019, de la m\u00e0 de la Fundaci\u00f3 del Val\u00e8ncia C.F.<\/p>\n\n\n\n<p class=\"wp-block-paragraph\">A m\u00e9s, en esta edici\u00f3 tamb\u00e9 es duran a terme presentacions institucionals de diferents municipis en la Pla\u00e7a Central. Dimecres ser\u00e0 el torn d&#8217;Oliva (11 h.), Paterna (14.15 h.) i Gandia (17.30 h.); mentre que dijous seran Manises (16 h.), Cullera (16.30 h.) i Alboraia (17 h.) els que donen a con\u00e9ixer les seues novetats en mat\u00e8ria de turisme.<\/p>\n\n\n\n<p class=\"wp-block-paragraph\">Com en edicions anteriors, una de les majors atraccions per al p\u00fablic seran els tastos i les demostracions gastron\u00f2miques o <em>showcookings<\/em>, que s&#8217;estendran fins diumenge 23 de gener. En elles les localitats podran acostar la seua riquesa culin\u00e0ria i el m\u00e9s destacat de la seua gastronomia local als assistents, com \u00e9s el cas de la fideu\u00e0 de Gandia, el cremaet de Xeraco, la paella de Cullera, o les maneres de menjar-se un all i pebre d&#8217;anguila de Sagunt, a m\u00e9s dels famosos caves i vins d&#8217;Utiel i de Requena.<\/p>\n","protected":false},"excerpt":{"rendered":"<div class=\"mh-excerpt\">La corporaci\u00f3, a trav\u00e9s de la seua marca Val\u00e8ncia Turisme, s&#8217;integra un any m\u00e9s en l&#8217;estand de la Generalitat oferint una vintena de productes i destins de la prov\u00edncia El diputat de Turisme, Jordi Mayor, <a class=\"mh-excerpt-more\" href=\"https:\/\/tucomarca.whitekongsoftware.com\/ca\/la-diputacio-presenta-a-fitur-els-atractius-turistics-de-la-provincia-com-a-vacuna-emocional-contra-els-efectes-de-la-pandemia\/\" title=\"La Diputaci\u00f3 presenta a Fitur els atractius tur\u00edstics de la prov\u00edncia com a vacuna emocional contra els efectes de la pand\u00e8mia\">[+] <\/a><\/div>\n","protected":false},"author":1,"featured_media":147144,"comment_status":"open","ping_status":"open","sticky":false,"template":"","format":"standard","meta":{"footnotes":""},"categories":[10983,10892,10898,10948,10894,10904,10912,10902,10928,10947,10909,10906,10896,11059,10974],"tags":[11246,11441,16175],"class_list":["post-147458","post","type-post","status-publish","format-standard","has-post-thumbnail","category-algemesi-ca","category-camp-de-turia-ca","category-ventana-ca","category-infraestructuras-ca","category-la-comarca-ca","category-sin-categorizar-ca","category-la-hoya-ca","category-la-ribera-ca","category-lliria-ca","category-politica","category-requena-utiel-ca","category-riba-roja-ca","category-seccion-ca","category-utiel-ca","category-cheste-ca","tag-diputacio-de-valencia-ca","tag-fitur-ca","tag-fitur-2022-ca"],"_links":{"self":[{"href":"https:\/\/tucomarca.whitekongsoftware.com\/ca\/wp-json\/wp\/v2\/posts\/147458","targetHints":{"allow":["GET"]}}],"collection":[{"href":"https:\/\/tucomarca.whitekongsoftware.com\/ca\/wp-json\/wp\/v2\/posts"}],"about":[{"href":"https:\/\/tucomarca.whitekongsoftware.com\/ca\/wp-json\/wp\/v2\/types\/post"}],"author":[{"embeddable":true,"href":"https:\/\/tucomarca.whitekongsoftware.com\/ca\/wp-json\/wp\/v2\/users\/1"}],"replies":[{"embeddable":true,"href":"https:\/\/tucomarca.whitekongsoftware.com\/ca\/wp-json\/wp\/v2\/comments?post=147458"}],"version-history":[{"count":0,"href":"https:\/\/tucomarca.whitekongsoftware.com\/ca\/wp-json\/wp\/v2\/posts\/147458\/revisions"}],"wp:featuredmedia":[{"embeddable":true,"href":"https:\/\/tucomarca.whitekongsoftware.com\/ca\/wp-json\/wp\/v2\/media\/147144"}],"wp:attachment":[{"href":"https:\/\/tucomarca.whitekongsoftware.com\/ca\/wp-json\/wp\/v2\/media?parent=147458"}],"wp:term":[{"taxonomy":"category","embeddable":true,"href":"https:\/\/tucomarca.whitekongsoftware.com\/ca\/wp-json\/wp\/v2\/categories?post=147458"},{"taxonomy":"post_tag","embeddable":true,"href":"https:\/\/tucomarca.whitekongsoftware.com\/ca\/wp-json\/wp\/v2\/tags?post=147458"}],"curies":[{"name":"wp","href":"https:\/\/api.w.org\/{rel}","templated":true}]}}