{"id":147223,"date":"2022-01-15T13:00:00","date_gmt":"2022-01-15T12:00:00","guid":{"rendered":"http:\/\/www.tucomarca.com\/wordpress\/segunda\/?p=147223"},"modified":"2022-01-17T12:11:02","modified_gmt":"2022-01-17T11:11:02","slug":"lajuntament-de-leliana-va-destinar-en-2021-mes-de-800-000-euros-a-millores-en-el-seu-poliesportiu","status":"publish","type":"post","link":"https:\/\/tucomarca.whitekongsoftware.com\/ca\/lajuntament-de-leliana-va-destinar-en-2021-mes-de-800-000-euros-a-millores-en-el-seu-poliesportiu\/","title":{"rendered":"L&#8217;Ajuntament de L&#8217;Eliana va destinar en 2021 m\u00e9s de 800.000 euros a millores en el seu poliesportiu"},"content":{"rendered":"\n<p class=\"wp-block-paragraph\"><strong><strong>L&#8217;Ajuntament ha executat diverses obres d&#8217;acondicionament en pr\u00e0cticament totes les seues instal\u00b7lacions esportives.\u00a0<\/strong><\/strong><\/p>\n\n\n\n<p class=\"wp-block-paragraph\">El Poliesportiu Municipal de l&#8217;Eliana ha patit, des de finals de 2020 i durant tot l&#8217;any 2021, la major transformaci\u00f3 de la seua hist\u00f2ria gr\u00e0cies a la inversi\u00f3 de l&#8217;Ajuntament en diverses obres de millora i manteniment de les seues instal\u00b7lacions, que han ascendit a m\u00e9s de 800.000 euros. Tot aix\u00f2 amb l&#8217;objectiu d&#8217;adequar els seus prop de 15.000 metres quadrats de superf\u00edcie a les necessitats reals i millorar el servei que presta, cada dia, a les 6.000 persones usu\u00e0ries a trav\u00e9s de les seues 14 escoles esportives, 11 clubs federats i l&#8217;oferta d&#8217;un total de 18 disciplines esportives.<\/p>\n\n\n\n<p class=\"wp-block-paragraph\">Sens dubte la transformaci\u00f3 m\u00e9s important ha sigut la del Camp de Futbol 11. Gr\u00e0cies a una subvenci\u00f3 de 298.200 euros de la Diputaci\u00f3 de Val\u00e8ncia s&#8217;ha substitu\u00eft la gespa artificial professional, aix\u00ed com la coberta de tribuna i les graderies, les banquetes, banderoles de&nbsp;<em>corner<\/em>&nbsp;i porteries. Per a completar la inversi\u00f3 el Consistori ha destinat altres 24.200 euros a la instal\u00b7laci\u00f3 d&#8217;un v\u00eddeo-marcador electr\u00f2nic per als partits.<\/p>\n\n\n\n<p class=\"wp-block-paragraph\">Una altra de les grans inversions s&#8217;ha centrat en els m\u00e9s de 3.000 m\u00b2 que sumen les cinc pistes de tennis del Poliesportiu. Amb un import total de 49.700 euros s&#8217;ha restaurat el paviment per a millorar les prestacions que ofereixen les \u00e0rees de joc, aix\u00ed com dut a terme tasques de neteja, escatat i diamantat de la superf\u00edcie, pintura o senyalitzaci\u00f3 de les l\u00ednies de joc.&nbsp;<\/p>\n\n\n\n<p class=\"wp-block-paragraph\">El tancament de la pista multiesportiva (patinatge art\u00edstic, futbol sala, handbol, b\u00e0squet) amb lona i raspat i pintat del s\u00f2l ha suposat una inversi\u00f3 de 96.000 euros, als quals se sumen 3.400 euros de la reparaci\u00f3 de canastres i el poliment del s\u00f2l, que s&#8217;executar\u00e0 en aquest any 2022, per un import de 11.700 euros.<\/p>\n\n\n\n<p class=\"wp-block-paragraph\">Les obres d&#8217;insonoritzaci\u00f3 i ventilaci\u00f3 de les sales multiusos de la planta baixa del pavell\u00f3 central, que es van iniciar a la fi de 2020, van ascendir a 84.500 euros. A m\u00e9s, l&#8217;Ajuntament ha reparat la coberta del pavell\u00f3 amb 38.500 euros, ha substitu\u00eft les antigues canastres per unes abatibles que han ascendit a 35.000 euros i s&#8217;ha substitu\u00eft, en 2021, el parquet de la pista. Per la seua part el pavell\u00f3 auxiliar, amb una inversi\u00f3 de 36.700 euros, ha substitu\u00eft el seu antic s\u00f2l de lin\u00f2leum per parquet.<\/p>\n\n\n\n<p class=\"wp-block-paragraph\">Mentrestant, els amants de la pilota valenciana han gaudit ja durant aquest passat any d&#8217;un trinquet amb la coberta reparada, en la qual es van invertir 12.000 euros. La mateixa quantitat es va destinar a la nova pintura de la instal\u00b7laci\u00f3 esportiva i a la de la pista de galotxa.<\/p>\n\n\n\n<p class=\"wp-block-paragraph\">Entretant, la pista de v\u00f2lei es va millorar amb 8.500 euros destinats al seu tancament i amb altres 10.700 euros per a la renovaci\u00f3 de les seues graderies. El front\u00f3 tamb\u00e9 va recobrar la seua esplendor gr\u00e0cies a la nova pintura que va ascendir a 2.800 euros.<\/p>\n\n\n\n<p class=\"wp-block-paragraph\">A m\u00e9s de totes aquestes actuacions en 2021 s&#8217;ha executat una rampa d&#8217;acc\u00e9s al magatzem de la pista d&#8217;atletisme per un import de 38.600 euros, als quals se sumen altres 24.000 destinats a la reparaci\u00f3 de closos del Poliesportiu i altres 15.000 per a l&#8217;adequaci\u00f3 de les instal\u00b7lacions.<\/p>\n\n\n\n<p class=\"wp-block-paragraph\">La Regidoria d&#8217;Esports va destinar, addicionalment, altres 14.000 euros a nou equipament esportiu, del pressupost de 2020, per a la substituci\u00f3 del tatami de karate i la moqueta de gimn\u00e0stica r\u00edtmica.<\/p>\n\n\n\n<p class=\"wp-block-paragraph\">Tal com ha recordat l&#8217;edil d&#8217;Esports, Concha Montaner, aquesta ha suposat la major inversi\u00f3 p\u00fablica des de la construcci\u00f3 del Poliesportiu, la qual cosa dona compte de l&#8217;enorme aposta d&#8217;aquest Ajuntament per l&#8217;esport. A m\u00e9s, ha recordat, en 2021 la zona esportiva de Les Taules ha millorat tamb\u00e9 amb la creaci\u00f3 del parc de Calistenia i l&#8217;adequaci\u00f3 del Camp de Futbol 8, al que ha destinat altres 90.900 euros que es completen amb altres 6.000 de la redacci\u00f3 d&#8217;un projecte d&#8217;ampliaci\u00f3 per a la zona.<\/p>\n","protected":false},"excerpt":{"rendered":"<div class=\"mh-excerpt\">L&#8217;Ajuntament ha executat diverses obres d&#8217;acondicionament en pr\u00e0cticament totes les seues instal\u00b7lacions esportives.\u00a0 El Poliesportiu Municipal de l&#8217;Eliana ha patit, des de finals de 2020 i durant tot l&#8217;any 2021, la major transformaci\u00f3 de la <a class=\"mh-excerpt-more\" href=\"https:\/\/tucomarca.whitekongsoftware.com\/ca\/lajuntament-de-leliana-va-destinar-en-2021-mes-de-800-000-euros-a-millores-en-el-seu-poliesportiu\/\" title=\"L&#8217;Ajuntament de L&#8217;Eliana va destinar en 2021 m\u00e9s de 800.000 euros a millores en el seu poliesportiu\">[+] <\/a><\/div>\n","protected":false},"author":1,"featured_media":147221,"comment_status":"open","ping_status":"open","sticky":false,"template":"","format":"standard","meta":{"footnotes":""},"categories":[10892,11015,11003,10948,10894,10893,10896],"tags":[10899,16192,16193],"class_list":["post-147223","post","type-post","status-publish","format-standard","has-post-thumbnail","category-camp-de-turia-ca","category-canal-futbol","category-sports","category-infraestructuras-ca","category-la-comarca-ca","category-leliana-ca","category-seccion-ca","tag-camp-de-turia-ca","tag-campo-de-futbol-ca","tag-gradas-ca"],"_links":{"self":[{"href":"https:\/\/tucomarca.whitekongsoftware.com\/ca\/wp-json\/wp\/v2\/posts\/147223","targetHints":{"allow":["GET"]}}],"collection":[{"href":"https:\/\/tucomarca.whitekongsoftware.com\/ca\/wp-json\/wp\/v2\/posts"}],"about":[{"href":"https:\/\/tucomarca.whitekongsoftware.com\/ca\/wp-json\/wp\/v2\/types\/post"}],"author":[{"embeddable":true,"href":"https:\/\/tucomarca.whitekongsoftware.com\/ca\/wp-json\/wp\/v2\/users\/1"}],"replies":[{"embeddable":true,"href":"https:\/\/tucomarca.whitekongsoftware.com\/ca\/wp-json\/wp\/v2\/comments?post=147223"}],"version-history":[{"count":0,"href":"https:\/\/tucomarca.whitekongsoftware.com\/ca\/wp-json\/wp\/v2\/posts\/147223\/revisions"}],"wp:featuredmedia":[{"embeddable":true,"href":"https:\/\/tucomarca.whitekongsoftware.com\/ca\/wp-json\/wp\/v2\/media\/147221"}],"wp:attachment":[{"href":"https:\/\/tucomarca.whitekongsoftware.com\/ca\/wp-json\/wp\/v2\/media?parent=147223"}],"wp:term":[{"taxonomy":"category","embeddable":true,"href":"https:\/\/tucomarca.whitekongsoftware.com\/ca\/wp-json\/wp\/v2\/categories?post=147223"},{"taxonomy":"post_tag","embeddable":true,"href":"https:\/\/tucomarca.whitekongsoftware.com\/ca\/wp-json\/wp\/v2\/tags?post=147223"}],"curies":[{"name":"wp","href":"https:\/\/api.w.org\/{rel}","templated":true}]}}