{"id":147150,"date":"2022-01-14T12:05:00","date_gmt":"2022-01-14T11:05:00","guid":{"rendered":"http:\/\/www.tucomarca.com\/wordpress\/segunda\/?p=147150"},"modified":"2022-01-14T15:23:04","modified_gmt":"2022-01-14T14:23:04","slug":"la-diputacio-de-valencia-assistix-a-fitur-2022-amb-el-maxim-suport-a-municipis-empreses-i-professionals-del-sector","status":"publish","type":"post","link":"https:\/\/tucomarca.whitekongsoftware.com\/ca\/la-diputacio-de-valencia-assistix-a-fitur-2022-amb-el-maxim-suport-a-municipis-empreses-i-professionals-del-sector\/","title":{"rendered":"La Diputaci\u00f3 de Val\u00e8ncia assistix a Fitur 2022 amb el m\u00e0xim suport a municipis, empreses i professionals del sector"},"content":{"rendered":"\n<figure class=\"wp-block-image size-large\"><img loading=\"lazy\" decoding=\"async\" width=\"1000\" height=\"563\" src=\"http:\/\/www.tucomarca.com\/wordpress\/segunda\/wp-content\/uploads\/2022\/01\/Fitur2022.jpg\" alt=\"\" class=\"wp-image-147143\" srcset=\"https:\/\/tucomarca.whitekongsoftware.com\/wp-content\/uploads\/2022\/01\/Fitur2022.jpg 1000w, https:\/\/tucomarca.whitekongsoftware.com\/wp-content\/uploads\/2022\/01\/Fitur2022-300x169.jpg 300w, https:\/\/tucomarca.whitekongsoftware.com\/wp-content\/uploads\/2022\/01\/Fitur2022-768x432.jpg 768w, https:\/\/tucomarca.whitekongsoftware.com\/wp-content\/uploads\/2022\/01\/Fitur2022-678x381.jpg 678w\" sizes=\"auto, (max-width: 1000px) 100vw, 1000px\" \/><\/figure>\n\n\n\n<h4 class=\"wp-block-heading\">La corporaci\u00f3, a trav\u00e9s de la seua marca Val\u00e8ncia Turisme, oferir\u00e0 22 presentacions professionals de productes i destinacions tur\u00edstiques de la prov\u00edncia al certamen internacional<\/h4>\n\n\n\n<h4 class=\"wp-block-heading\">Gandia, Cullera, Oliva, Sagunt i Canet d\u2019en Berenguer tindran una pres\u00e8ncia m\u00e9s destacada en l&#8217;estand com a localitats referents de la prov\u00edncia al mercat emissor nacional<\/h4>\n\n\n\n<h4 class=\"wp-block-heading\">Tamb\u00e9 participar\u00e0 als espais Fitur LGTB+ i Fitur Screen<\/h4>\n\n\n\n<p class=\"wp-block-paragraph\">La Diputaci\u00f3 de Val\u00e8ncia i la seua marca Val\u00e8ncia Turisme participaran en una nova edici\u00f3 de la Feria Internacional de Turismo (FITUR) de Madrid, que se celebrar\u00e0 del 19 al 23 de gener, brindant el m\u00e0xim suport a municipis, empreses i professionals del sector tur\u00edstic de la prov\u00edncia, i llan\u00e7ant un reclam directe a gaudir del nostre territori mitjan\u00e7ant l&#8217;esl\u00f2gan&nbsp;<em>\u00bfVienes?<\/em>&nbsp;que protagonitza la seua nova campanya promocional.<\/p>\n\n\n\n<p class=\"wp-block-paragraph\">\u201cTornem amb ganes a Fitur perqu\u00e8, amb la pand\u00e8mia que vivim, hem apr\u00e9s que el turisme \u00e9s una de les millors vacunes contra els efectes emocionals d&#8217;esta situaci\u00f3. Retrobar-nos amb la terra, socialitzar, (re)descobrir-nos, integrar-nos en el territori, en definitiva, viure la vida amb intensitat, s\u00f3n elements que contribuixen a la recuperaci\u00f3 emocional tan necess\u00e0ria per a la reactivaci\u00f3 d&#8217;un sector clau en la nostra economia\u201d, ha explicat el diputat de Turisme, Jordi Mayor.<\/p>\n\n\n\n<p class=\"wp-block-paragraph\">\u201cA la prov\u00edncia de Val\u00e8ncia podem oferir tots eixos elements juntament amb una \u00e0mplia i variada oferta d&#8217;experi\u00e8ncies tur\u00edstiques, i volem mostrar-ho al m\u00f3n en esta cita internacional\u201d, ha destacat.<\/p>\n\n\n\n<p class=\"wp-block-paragraph\">El diputat ha agregat que \u201cdurant les dos \u00faltimes temporades tur\u00edstiques altes, Val\u00e8ncia ha sabut combatre amb efectivitat els desastrosos efectes econ\u00f2mics que el turisme ha patit. En molts destins ja comencem a reprendre els nivells de visitants prepand\u00e8mia, i hem d&#8217;aprofitar esdeveniments tan rellevants com Fitur per a millorar la nostra promoci\u00f3, saber atraure l&#8217;atenci\u00f3 del turista i preparar el futur d&#8217;un dels puntals de la nostra economia\u201d.<\/p>\n\n\n\n<p class=\"wp-block-paragraph\"><strong>Una prov\u00edncia en 205 metres quadrats<\/strong><\/p>\n\n\n\n<p class=\"wp-block-paragraph\">Val\u00e8ncia Turisme ser\u00e0 present al certamen tur\u00edstic internacional, que se celebrar\u00e0 al Parque Ferial Juan Carlos I de Madrid, amb un estand de 205 metres quadrats al Pavell\u00f3 7 de la fira. Al mateix tindran una pres\u00e8ncia destacada els municipis de Gandia, Cullera, Oliva, Sagunt i Canet d&#8217;en Berenguer, ja que s\u00f3n els municipis de la prov\u00edncia de major refer\u00e8ncia en el mercat emissor nacional per la seua capacitat d&#8217;allotjament i oferta tur\u00edstica.<\/p>\n\n\n\n<p class=\"wp-block-paragraph\">La corporaci\u00f3 participar\u00e0 tamb\u00e9 als espais Fitur LGTB+ i Fitur Screen, este \u00faltim dedicat a la promoci\u00f3 del territori com a escenari de possibles rodatges entre els agents de la ind\u00fastria cinematogr\u00e0fica i un p\u00fablic m\u00e9s segmentat, a trav\u00e9s de Film Val\u00e8ncia.<\/p>\n\n\n\n<p class=\"wp-block-paragraph\">A m\u00e9s, les localitats de Requena, Utiel, Riba-roja de T\u00faria, la Vall d&#8217;Albaida, Sueca, Xeraco, Alboraia i Tavernes de la Valldigna disposaran d&#8217;espai en l&#8217;estand de Val\u00e8ncia Turisme per a celebrar reunions professionals, mentre que Algemes\u00ed, Paterna i Tierra Bobal comptaran amb una \u00e0rea promocional dirigida al p\u00fablic general durant el cap de setmana.<\/p>\n\n\n\n<p class=\"wp-block-paragraph\">D&#8217;altra banda, en esta edici\u00f3 i de manera extraordin\u00e0ria, s&#8217;ha habilitat en la zona central de l&#8217;estand un espai expositiu per a les dos ciutats de la prov\u00edncia qualificades com a creatives per la UNESCO, Ll\u00edria (m\u00fasica) i Manises (artesania i arts populars).<\/p>\n\n\n\n<p class=\"wp-block-paragraph\">X\u00e0tiva, Ontinyent, la Canal de Navarr\u00e9s, Cheste, el Carraixet, Catadau, Alzira, el Perell\u00f3 i Alfafar participaran en la fira mitjan\u00e7ant la realitzaci\u00f3 d&#8217;alguna activitat com presentacions, demostracions gastron\u00f2miques o tastos.<\/p>\n\n\n\n<p class=\"wp-block-paragraph\">Aix\u00ed mateix, l&#8217;estand de la Diputaci\u00f3 de Val\u00e8ncia disposar\u00e0 d&#8217;un aparador i una pantalla t\u00e0ctil amb informaci\u00f3 general de la prov\u00edncia, i tres aparadors espec\u00edfics de turisme gastron\u00f2mic, cultural i de naturalesa.<\/p>\n\n\n\n<p class=\"wp-block-paragraph\">La distribuci\u00f3 de tota la zona expositiva provincial estar\u00e0 marcada per les restriccions i mesures de seguretat que requerix l&#8217;actual situaci\u00f3 sanit\u00e0ria, amb senyalitzaci\u00f3 d&#8217;accessos i eixides, i mobilitat limitada.<\/p>\n\n\n\n<p class=\"wp-block-paragraph\"><strong>Presentacions de productes i destins<\/strong><\/p>\n\n\n\n<p class=\"wp-block-paragraph\">Val\u00e8ncia Turisme ha organitzat un total de 22 presentacions professionals en Fitur 2022. Totes elles tindran lloc a les sales de premsa i la pla\u00e7a central de l&#8217;estand de la Comunitat Valenciana entre els dies 19 i 21 de gener, en els quals els diferents destins donaran a con\u00e9ixer les seues propostes tur\u00edstiques relacionades amb zones naturals i rutes, activitats locals i culturals, la gastronomia local o projectes tur\u00edstics futurs, entre altres.<\/p>\n\n\n\n<p class=\"wp-block-paragraph\">Amb estes presentacions es busca dinamitzar, promocionar i donar a con\u00e9ixer l&#8217;oferta tur\u00edstica de la prov\u00edncia, en col\u00b7laboraci\u00f3 amb els municipis.<\/p>\n\n\n\n<p class=\"wp-block-paragraph\">Durant la setmana de celebraci\u00f3 de Fitur tamb\u00e9 es realitzaran una gran varietat de demostracions gastron\u00f2miques o&nbsp;<em>showcookings<\/em>, on les localitats podran acostar la seua riquesa culin\u00e0ria i el m\u00e9s destacat de la seua gastronomia local al p\u00fablic assistent.<\/p>\n\n\n\n<p class=\"wp-block-paragraph\">A m\u00e9s, Val\u00e8ncia Turisme col\u00b7labora amb empreses especialitzades en la creaci\u00f3 i comercialitzaci\u00f3 de productes tur\u00edstics en l&#8217;estand de la Comunitat Valenciana, amb l\u2019objectiu de recolzar els empresaris del sector a la prov\u00edncia.<\/p>\n\n\n\n<p class=\"wp-block-paragraph\"><strong>Novetats editorials en Fitur<\/strong><\/p>\n\n\n\n<p class=\"wp-block-paragraph\">Val\u00e8ncia Turisme portar\u00e0 a Fitur tamb\u00e9 enguany el&nbsp;<em>Cat\u00e0leg de productes tur\u00edstics 2022<\/em>, que compta amb vora 100 propostes dirigides a diferents segments tur\u00edstics com el turisme cultural, gastron\u00f2mic i actiu.<\/p>\n\n\n\n<p class=\"wp-block-paragraph\">D&#8217;altra banda, en la fira es presentar\u00e0 la guia&nbsp;<em>Cicloturisme a Val\u00e8ncia<\/em>, elaborada per Jos\u00e9 Manuel Almerich per a Val\u00e8ncia Turisme. Es tracta d&#8217;una completa publicaci\u00f3 de m\u00e9s de 200 p\u00e0gines amb els principals itineraris per a fer turisme amb bicicleta, amb recomanacions i suggeriments per als usuaris.<\/p>\n\n\n\n<p class=\"wp-block-paragraph\">A m\u00e9s, s&#8217;han reeditat els cat\u00e0legs de Film Val\u00e8ncia per a promoure els rodatges audiovisuals a la prov\u00edncia, i de Turisme LGBT+ en territori valenci\u00e0.<\/p>\n\n\n\n<p class=\"wp-block-paragraph\"><strong>Presentaci\u00f3 dels projectes de Val\u00e8ncia Turisme per a 2022<\/strong><\/p>\n\n\n\n<p class=\"wp-block-paragraph\">La Diputaci\u00f3 de Val\u00e8ncia presentar\u00e0 el contingut dels seus nous projectes tur\u00edstics per a 2022 dimecres 19 de gener, a les 17 hores, en la pla\u00e7a central de l&#8217;estand de la Comunitat Valenciana.<\/p>\n","protected":false},"excerpt":{"rendered":"<div class=\"mh-excerpt\">La corporaci\u00f3, a trav\u00e9s de la seua marca Val\u00e8ncia Turisme, oferir\u00e0 22 presentacions professionals de productes i destinacions tur\u00edstiques de la prov\u00edncia al certamen internacional Gandia, Cullera, Oliva, Sagunt i Canet d\u2019en Berenguer tindran una <a class=\"mh-excerpt-more\" href=\"https:\/\/tucomarca.whitekongsoftware.com\/ca\/la-diputacio-de-valencia-assistix-a-fitur-2022-amb-el-maxim-suport-a-municipis-empreses-i-professionals-del-sector\/\" title=\"La Diputaci\u00f3 de Val\u00e8ncia assistix a Fitur 2022 amb el m\u00e0xim suport a municipis, empreses i professionals del sector\">[+] <\/a><\/div>\n","protected":false},"author":1,"featured_media":132925,"comment_status":"open","ping_status":"open","sticky":false,"template":"","format":"standard","meta":{"footnotes":""},"categories":[11019,10889,10892,10991,10898,10948,10963,10894,10904,10912,10902,10928,11007,10947,10908,10909,10906,10896,11059,10974],"tags":[16182,11246,11441,16175,11404],"class_list":["post-147150","post","type-post","status-publish","format-standard","has-post-thumbnail","category-agenda-ca","category-alzira-cat","category-camp-de-turia-ca","category-catadau-ca","category-ventana-ca","category-infraestructuras-ca","category-la-canal-de-navarres-ca","category-la-comarca-ca","category-sin-categorizar-ca","category-la-hoya-ca","category-la-ribera-ca","category-lliria-ca","category-ocio-y-cultura-ca","category-politica","category-requena-ca","category-requena-utiel-ca","category-riba-roja-ca","category-seccion-ca","category-utiel-ca","category-cheste-ca","tag-2022-ca","tag-diputacio-de-valencia-ca","tag-fitur-ca","tag-fitur-2022-ca","tag-valencia-turisme-ca"],"_links":{"self":[{"href":"https:\/\/tucomarca.whitekongsoftware.com\/ca\/wp-json\/wp\/v2\/posts\/147150","targetHints":{"allow":["GET"]}}],"collection":[{"href":"https:\/\/tucomarca.whitekongsoftware.com\/ca\/wp-json\/wp\/v2\/posts"}],"about":[{"href":"https:\/\/tucomarca.whitekongsoftware.com\/ca\/wp-json\/wp\/v2\/types\/post"}],"author":[{"embeddable":true,"href":"https:\/\/tucomarca.whitekongsoftware.com\/ca\/wp-json\/wp\/v2\/users\/1"}],"replies":[{"embeddable":true,"href":"https:\/\/tucomarca.whitekongsoftware.com\/ca\/wp-json\/wp\/v2\/comments?post=147150"}],"version-history":[{"count":0,"href":"https:\/\/tucomarca.whitekongsoftware.com\/ca\/wp-json\/wp\/v2\/posts\/147150\/revisions"}],"wp:featuredmedia":[{"embeddable":true,"href":"https:\/\/tucomarca.whitekongsoftware.com\/ca\/wp-json\/wp\/v2\/media\/132925"}],"wp:attachment":[{"href":"https:\/\/tucomarca.whitekongsoftware.com\/ca\/wp-json\/wp\/v2\/media?parent=147150"}],"wp:term":[{"taxonomy":"category","embeddable":true,"href":"https:\/\/tucomarca.whitekongsoftware.com\/ca\/wp-json\/wp\/v2\/categories?post=147150"},{"taxonomy":"post_tag","embeddable":true,"href":"https:\/\/tucomarca.whitekongsoftware.com\/ca\/wp-json\/wp\/v2\/tags?post=147150"}],"curies":[{"name":"wp","href":"https:\/\/api.w.org\/{rel}","templated":true}]}}