{"id":146988,"date":"2022-01-12T15:00:00","date_gmt":"2022-01-12T14:00:00","guid":{"rendered":"http:\/\/www.tucomarca.com\/wordpress\/segunda\/?p=146988"},"modified":"2022-01-12T15:12:39","modified_gmt":"2022-01-12T14:12:39","slug":"utiel-amb-una-incidencia-acumulada-de-4-53831-se-situa-al-capdavant-de-casos-de-covid-a-la-comarca","status":"publish","type":"post","link":"https:\/\/tucomarca.whitekongsoftware.com\/ca\/utiel-amb-una-incidencia-acumulada-de-4-53831-se-situa-al-capdavant-de-casos-de-covid-a-la-comarca\/","title":{"rendered":"Utiel, amb una incid\u00e8ncia acumulada de 4.538,31, se situa al capdavant de casos de Covid a la comarca"},"content":{"rendered":"\n<p class=\"wp-block-paragraph\">El municipi d&#8217;<strong>Utiel<\/strong>, amb una incid\u00e8ncia acumulada de 4.538,31 casos per cada cent mil habitants se situa al capdavant de casos de Covid a la comarca de Requena-Utiel; seguit per la poblaci\u00f3 de Sinarques amb una incid\u00e8ncia acumulada a 14 dies de 3.891,40 contagis per cent mil habitants i 43 casos.<\/p>\n\n\n\n<p class=\"wp-block-paragraph\">Per part seua, <strong>Requena<\/strong> despr\u00e9s de l&#8217;\u00faltima actualitzaci\u00f3 de la Conselleria de Sanitat Universal i Salut P\u00fablica compta amb una incid\u00e8ncia acumulada de 2.729,72 casos per cent mil habitants.<\/p>\n\n\n\n<p class=\"wp-block-paragraph\">Utiel, amb una poblaci\u00f3 de 11.531 habitants, compte segons l&#8217;\u00faltima actualitzaci\u00f3 amb una quantitat de 520 casos de Covid diagnosticats mitjan\u00e7ant PCR, la qual cosa la situa al capdavant de contagiats en aquesta comarca; mentre que Requena, amb gaireb\u00e9 el doble de poblaci\u00f3, 20.254 habitants, registra 557 casos per PCR.<\/p>\n\n\n\n<p class=\"wp-block-paragraph\">A aquests municipis se sumen uns altres com <strong>Fuenterrobles<\/strong> amb una incid\u00e8ncia acumulada per PCR a 14 dies de 3.458,21 casos i 24 contagis; <strong>Xera<\/strong> amb una incid\u00e8ncia acumulada de 3.411,51 i 16 casos; <strong>Camporrobles<\/strong> amb una incid\u00e8ncia acumulada per PCR a 14 dies de 2.921,54 contagis i 35 casos; <strong>Caudete de las Fuentes<\/strong> amb una incid\u00e8ncia acumulada de 2.391,00 i 17 casos actius; <strong>Villargordo del Cabriel <\/strong>amb 6 casos i una incid\u00e8ncia acumulada de 1.030,93 casos per cada cent mil habitants; <strong>Venta del Moro<\/strong> (amb 6 casos) i una incid\u00e8ncia de 500,83 casos.<\/p>\n","protected":false},"excerpt":{"rendered":"<div class=\"mh-excerpt\">El municipi d&#8217;Utiel, amb una incid\u00e8ncia acumulada de 4.538,31 casos per cada cent mil habitants se situa al capdavant de casos de Covid a la comarca de Requena-Utiel; seguit per la poblaci\u00f3 de Sinarques amb <a class=\"mh-excerpt-more\" href=\"https:\/\/tucomarca.whitekongsoftware.com\/ca\/utiel-amb-una-incidencia-acumulada-de-4-53831-se-situa-al-capdavant-de-casos-de-covid-a-la-comarca\/\" title=\"Utiel, amb una incid\u00e8ncia acumulada de 4.538,31, se situa al capdavant de casos de Covid a la comarca\">[+] <\/a><\/div>\n","protected":false},"author":12,"featured_media":146987,"comment_status":"open","ping_status":"open","sticky":false,"template":"","format":"standard","meta":{"footnotes":""},"categories":[11030,11031,11010,11032,11054,12202,10898,11055,10948,10894,11056,10947,10908,10909,11057,10896,11058,11059,11060,11061],"tags":[11939,11940,15059,10910],"class_list":["post-146988","post","type-post","status-publish","format-standard","has-post-thumbnail","category-campo-arcis-ca","category-camporrobles-ca","category-canal-salud","category-caudete-ca","category-chera-ca","category-covid-19-ca","category-ventana-ca","category-fuenterrobles-ca","category-infraestructuras-ca","category-la-comarca-ca","category-las-cuevas-ca","category-politica","category-requena-ca","category-requena-utiel-ca","category-san-antonio-ca","category-seccion-ca","category-sinarcas-ca","category-utiel-ca","category-venta-del-moro-ca","category-villargordo-del-cabriel-ca","tag-coronavirus-ca","tag-covid-19-ca","tag-incidencia-acumulada-ca","tag-requena-utiel-ca"],"_links":{"self":[{"href":"https:\/\/tucomarca.whitekongsoftware.com\/ca\/wp-json\/wp\/v2\/posts\/146988","targetHints":{"allow":["GET"]}}],"collection":[{"href":"https:\/\/tucomarca.whitekongsoftware.com\/ca\/wp-json\/wp\/v2\/posts"}],"about":[{"href":"https:\/\/tucomarca.whitekongsoftware.com\/ca\/wp-json\/wp\/v2\/types\/post"}],"author":[{"embeddable":true,"href":"https:\/\/tucomarca.whitekongsoftware.com\/ca\/wp-json\/wp\/v2\/users\/12"}],"replies":[{"embeddable":true,"href":"https:\/\/tucomarca.whitekongsoftware.com\/ca\/wp-json\/wp\/v2\/comments?post=146988"}],"version-history":[{"count":0,"href":"https:\/\/tucomarca.whitekongsoftware.com\/ca\/wp-json\/wp\/v2\/posts\/146988\/revisions"}],"wp:featuredmedia":[{"embeddable":true,"href":"https:\/\/tucomarca.whitekongsoftware.com\/ca\/wp-json\/wp\/v2\/media\/146987"}],"wp:attachment":[{"href":"https:\/\/tucomarca.whitekongsoftware.com\/ca\/wp-json\/wp\/v2\/media?parent=146988"}],"wp:term":[{"taxonomy":"category","embeddable":true,"href":"https:\/\/tucomarca.whitekongsoftware.com\/ca\/wp-json\/wp\/v2\/categories?post=146988"},{"taxonomy":"post_tag","embeddable":true,"href":"https:\/\/tucomarca.whitekongsoftware.com\/ca\/wp-json\/wp\/v2\/tags?post=146988"}],"curies":[{"name":"wp","href":"https:\/\/api.w.org\/{rel}","templated":true}]}}