{"id":146924,"date":"2022-01-11T18:14:00","date_gmt":"2022-01-11T17:14:00","guid":{"rendered":"http:\/\/www.tucomarca.com\/wordpress\/segunda\/?p=146924"},"modified":"2022-01-11T20:59:39","modified_gmt":"2022-01-11T19:59:39","slug":"csif-denuncia-la-perdua-de-44-efectius-en-la-plantilla-de-transit-a-valencia-i-alzira-i-reclama-reforcos-de-personal","status":"publish","type":"post","link":"https:\/\/tucomarca.whitekongsoftware.com\/ca\/csif-denuncia-la-perdua-de-44-efectius-en-la-plantilla-de-transit-a-valencia-i-alzira-i-reclama-reforcos-de-personal\/","title":{"rendered":"CSIF denuncia la p\u00e8rdua de 44 efectius en la plantilla de Tr\u00e0nsit a Val\u00e8ncia i Alzira i reclama refor\u00e7os de personal"},"content":{"rendered":"\n<h4 class=\"wp-block-heading\">El sindicat exigeix a la DGT que cobrisca amb urg\u00e8ncia les vacants existents i adverteix de la deterioraci\u00f3 del servei<\/h4>\n\n\n\n<figure class=\"wp-block-image size-large\"><img loading=\"lazy\" decoding=\"async\" width=\"1024\" height=\"768\" src=\"http:\/\/www.tucomarca.com\/wordpress\/segunda\/wp-content\/uploads\/2022\/01\/TraficoValencia-1024x768.jpeg\" alt=\"\" class=\"wp-image-146921\" srcset=\"https:\/\/tucomarca.whitekongsoftware.com\/wp-content\/uploads\/2022\/01\/TraficoValencia-1024x768.jpeg 1024w, https:\/\/tucomarca.whitekongsoftware.com\/wp-content\/uploads\/2022\/01\/TraficoValencia-300x225.jpeg 300w, https:\/\/tucomarca.whitekongsoftware.com\/wp-content\/uploads\/2022\/01\/TraficoValencia-768x576.jpeg 768w, https:\/\/tucomarca.whitekongsoftware.com\/wp-content\/uploads\/2022\/01\/TraficoValencia-1536x1152.jpeg 1536w, https:\/\/tucomarca.whitekongsoftware.com\/wp-content\/uploads\/2022\/01\/TraficoValencia-678x509.jpeg 678w, https:\/\/tucomarca.whitekongsoftware.com\/wp-content\/uploads\/2022\/01\/TraficoValencia-326x245.jpeg 326w, https:\/\/tucomarca.whitekongsoftware.com\/wp-content\/uploads\/2022\/01\/TraficoValencia-80x60.jpeg 80w, https:\/\/tucomarca.whitekongsoftware.com\/wp-content\/uploads\/2022\/01\/TraficoValencia.jpeg 1984w\" sizes=\"auto, (max-width: 1024px) 100vw, 1024px\" \/><\/figure>\n\n\n\n<p class=\"wp-block-paragraph\">El sindicat CSIF denuncia la p\u00e8rdua de 44 efectius en les plantilles de Tr\u00e0nsit a Val\u00e8ncia, entre la Prefectura Provincial i l&#8217;Oficina Local d&#8217;Alzira, des de 2016 fins a l&#8217;actualitat. La central sindical exigeix a la Direcci\u00f3 General de Tr\u00e0nsit (DGT) que cobrisca amb urg\u00e8ncia les vacants existents amb la finalitat de refor\u00e7ar unes plantilles minvades per a oferir l&#8217;atenci\u00f3 adequada a la ciutadania.<br>La Central Sindical Independent i de Funcionaris (CSIF) adverteix de la deterioraci\u00f3 que s&#8217;est\u00e0 produint per la cont\u00ednua p\u00e8rdua de personal en les depend\u00e8ncies de Tr\u00e0nsit a la prov\u00edncia de Val\u00e8ncia. En la Prefectura Provincial s&#8217;ha passat d&#8217;una plantilla de 211 empleats al tancament de 2012, a 188 en 2016 i a 153 en l&#8217;actualitat. Aquesta circumst\u00e0ncia suposa la disminuci\u00f3 de 58 efectius en menys d&#8217;una d\u00e8cada.<br>El sindicat continua relatant que en l&#8217;Oficina Local d&#8217;Alzira, que at\u00e9n comarques tan populoses com la Ribera, la Safor o la Vall d\u00b4Albaida, el declivi ha sigut fins i tot proporcionalment major, ja que ha passat de 32 professionals en 2012 a 30 en 2016 i a 21 en l&#8217;actualitat. Aix\u00f2 suposa que ha vist redu\u00eft el seu personal en al voltant d&#8217;un 35% en una d\u00e8cada.<br>La central sindical assenyala que aquesta situaci\u00f3 es deu principalment a la falta de cobertura de vacants, encara que tamb\u00e9 a l&#8217;amortitzaci\u00f3 de places. En la Prefectura Provincial de Val\u00e8ncia existeixen 18 vacants d&#8217;operador d&#8217;informaci\u00f3 sense cobrir, tres d&#8217;operador i una de cap d&#8217;explotaci\u00f3 en el Centre de Gesti\u00f3 de Tr\u00e0nsit (CGT), dues de caps de negociat i una, respectivament, de coordinador d&#8217;examen, cap de secci\u00f3, examinador i investigador de seguretat vi\u00e0ria. El cas del CGT resulta especialment greu, ja que t\u00e9 un 30% del total de places de la plantilla sense cobrir malgrat ser considerat servei essencial.&nbsp;<br>CSIF explica que en l&#8217;Oficina Local d&#8217;Alzira la situaci\u00f3 resulta similar, amb sis vacants d&#8217;operador d&#8217;informaci\u00f3 sense cobrir, una d&#8217;examinador, una altra de cap de negociat i una novena d&#8217;operador de suport t\u00e8cnic. El sindicat recalca que aquesta p\u00e8rdua de personal constitueix una mostra m\u00e9s del \u201caband\u00f3\u201d de l&#8217;Oficina Local de Tr\u00e0nsit d&#8217;Alzira, la qual cosa redunda en \u201cdesmoralitzaci\u00f3\u201d i el \u201cestr\u00e9s\u201d entre els treballadors restants per aqueixa manca de recursos amb la qual han d&#8217;afrontar la seua tasca.<br>El sindicat, a m\u00e9s, adverteix que la greu situaci\u00f3 actual pot empitjorar m\u00e9s en els pr\u00f2xims anys a causa de la mitjana d&#8217;edat avan\u00e7ada del personal, que suposar\u00e0 jubilacions que reduiran en major mesura la plantilla si aquests treballadors no s\u00f3n reempla\u00e7ats.<br>La central sindical, davant aquesta situaci\u00f3, exigeix a la Direcci\u00f3 General de Tr\u00e0nsit que, amb urg\u00e8ncia, oferisca les vacants a concurs. De la mateixa manera demana un increment de la plantilla de jornada continuada per a atendre el p\u00fablic a la vesprada i reduir en la mesura que siga possible el perjudici a la ciutadania per la falta d&#8217;efectius.<\/p>\n\n\n\n<p class=\"wp-block-paragraph\"><\/p>\n","protected":false},"excerpt":{"rendered":"<div class=\"mh-excerpt\">El sindicat exigeix a la DGT que cobrisca amb urg\u00e8ncia les vacants existents i adverteix de la deterioraci\u00f3 del servei El sindicat CSIF denuncia la p\u00e8rdua de 44 efectius en les plantilles de Tr\u00e0nsit a <a class=\"mh-excerpt-more\" href=\"https:\/\/tucomarca.whitekongsoftware.com\/ca\/csif-denuncia-la-perdua-de-44-efectius-en-la-plantilla-de-transit-a-valencia-i-alzira-i-reclama-reforcos-de-personal\/\" title=\"CSIF denuncia la p\u00e8rdua de 44 efectius en la plantilla de Tr\u00e0nsit a Val\u00e8ncia i Alzira i reclama refor\u00e7os de personal\">[+] <\/a><\/div>\n","protected":false},"author":12,"featured_media":146919,"comment_status":"open","ping_status":"open","sticky":false,"template":"","format":"standard","meta":{"footnotes":""},"categories":[10889,10898,10948,10894,10902,10947,10896],"tags":[11192,11345,16152,11356],"class_list":["post-146924","post","type-post","status-publish","format-standard","has-post-thumbnail","category-alzira-cat","category-ventana-ca","category-infraestructuras-ca","category-la-comarca-ca","category-la-ribera-ca","category-politica","category-seccion-ca","tag-alzira-ca","tag-csif-ca","tag-jefatura-provincial-de-trafico-ca","tag-ribera-alta-ca"],"_links":{"self":[{"href":"https:\/\/tucomarca.whitekongsoftware.com\/ca\/wp-json\/wp\/v2\/posts\/146924","targetHints":{"allow":["GET"]}}],"collection":[{"href":"https:\/\/tucomarca.whitekongsoftware.com\/ca\/wp-json\/wp\/v2\/posts"}],"about":[{"href":"https:\/\/tucomarca.whitekongsoftware.com\/ca\/wp-json\/wp\/v2\/types\/post"}],"author":[{"embeddable":true,"href":"https:\/\/tucomarca.whitekongsoftware.com\/ca\/wp-json\/wp\/v2\/users\/12"}],"replies":[{"embeddable":true,"href":"https:\/\/tucomarca.whitekongsoftware.com\/ca\/wp-json\/wp\/v2\/comments?post=146924"}],"version-history":[{"count":0,"href":"https:\/\/tucomarca.whitekongsoftware.com\/ca\/wp-json\/wp\/v2\/posts\/146924\/revisions"}],"wp:featuredmedia":[{"embeddable":true,"href":"https:\/\/tucomarca.whitekongsoftware.com\/ca\/wp-json\/wp\/v2\/media\/146919"}],"wp:attachment":[{"href":"https:\/\/tucomarca.whitekongsoftware.com\/ca\/wp-json\/wp\/v2\/media?parent=146924"}],"wp:term":[{"taxonomy":"category","embeddable":true,"href":"https:\/\/tucomarca.whitekongsoftware.com\/ca\/wp-json\/wp\/v2\/categories?post=146924"},{"taxonomy":"post_tag","embeddable":true,"href":"https:\/\/tucomarca.whitekongsoftware.com\/ca\/wp-json\/wp\/v2\/tags?post=146924"}],"curies":[{"name":"wp","href":"https:\/\/api.w.org\/{rel}","templated":true}]}}