{"id":146806,"date":"2022-01-07T19:55:00","date_gmt":"2022-01-07T18:55:00","guid":{"rendered":"http:\/\/www.tucomarca.com\/wordpress\/segunda\/?p=146806"},"modified":"2022-01-10T01:00:16","modified_gmt":"2022-01-10T00:00:16","slug":"sanitat-notifica-28-846-nous-casos-de-coronavirus-i-14-200-altes-en-la-comunitat-valenciana","status":"publish","type":"post","link":"https:\/\/tucomarca.whitekongsoftware.com\/ca\/sanitat-notifica-28-846-nous-casos-de-coronavirus-i-14-200-altes-en-la-comunitat-valenciana\/","title":{"rendered":"Sanitat notifica 28.846 nous casos de coronavirus i 14.200 altes en la Comunitat Valenciana"},"content":{"rendered":"\n<p class=\"wp-block-paragraph\"><strong>Per prov\u00edncies, s&#8217;han registrat 4.112 nous positius a Castell\u00f3, 10.116 a Alacant i 14.616 a Val\u00e8ncia<\/strong><\/p>\n\n\n\n<p class=\"wp-block-paragraph\"><strong>Els hospitals valencians tenen a 1.184 persones ingressades amb COVID-19, 190 d&#8217;elles en l&#8217;UCI<\/strong><\/p>\n\n\n\n<p class=\"wp-block-paragraph\">Un total de 4.265.296 persones compten ja amb la pauta completa d&#8217;immunitzaci\u00f3 (dues dosis per a Pfizer, Moderna i AstraZeneca; la monodosis de Janssen, i una dosi de qualsevol vacuna en les persones amb antecedents d&#8217;haver passat la COVID) en la Comunitat Valenciana. En total s&#8217;han inoculat 9.784.304 dosi de vacuna contra el coronavirus.<\/p>\n\n\n\n<p class=\"wp-block-paragraph\">La Conselleria de Sanitat Universal i Salut P\u00fablica ha notificat un total de 28.846 nous casos de coronavirus confirmats per prova PCR o a trav\u00e9s de test d&#8217;ant\u00edgens. Amb aquesta actualitzaci\u00f3, la xifra total de positius se situa en 712.986 persones. Els nous casos per prov\u00edncies s\u00f3n 4.112 a Castell\u00f3 (80.496 en total); 10.116 a Alacant (257.132), i 14.616 a Val\u00e8ncia (375.355). La xifra de casos no assignats se situa en 3.<\/p>\n\n\n\n<p class=\"wp-block-paragraph\">D&#8217;altra banda, s&#8217;han registrat 14.200 altes a pacients amb coronavirus. D&#8217;aquesta manera, el nombre de persones que han superat la malaltia des que va comen\u00e7ar la pand\u00e8mia en la Comunitat Valenciana ascendeix a 609.250 persones. Per prov\u00edncies, les altes es distribueixen aix\u00ed: 68.109 a Castell\u00f3, 219.818 a Alacant i 321.267 a Val\u00e8ncia. El total d&#8217;altes no assignades es mant\u00e9 en 56.<\/p>\n\n\n\n<p class=\"wp-block-paragraph\">Els hospitals valencians tenen, actualment, a 1.184 persones ingressades amb COVID-19, 190 d&#8217;elles en l&#8217;UCI: 177 a la prov\u00edncia de Castell\u00f3, 27 en UCI; 396 a la prov\u00edncia d&#8217;Alacant, 74 d&#8217;elles en l&#8217;UCI; i 611 a la prov\u00edncia de Val\u00e8ncia, 89 en UCI.<\/p>\n\n\n\n<p class=\"wp-block-paragraph\">S&#8217;han notificat 12 defuncions per coronavirus des de l&#8217;\u00faltima actualitzaci\u00f3. Es tracta de persones mortes al llarg d&#8217;aquesta setmana i notificades despr\u00e9s de l&#8217;actualitzaci\u00f3 del dimecres 5. El total de decessos des de l&#8217;inici de la pand\u00e8mia ascendeix a 8.197: 925 a la prov\u00edncia de Castell\u00f3, 3.149 en la d&#8217;Alacant i 4.123 en la de Val\u00e8ncia. Es tracta de 7 dones, d&#8217;entre 69 i 90 anys, i 5 homes, d&#8217;entre 64 i 86 anys.<\/p>\n\n\n\n<p class=\"wp-block-paragraph\">D&#8217;acord amb les dades registrades, en aquests moments hi ha 106.980 casos actius, la qual cosa suposa un 14,77% del total de positius.<\/p>\n","protected":false},"excerpt":{"rendered":"<div class=\"mh-excerpt\">Per prov\u00edncies, s&#8217;han registrat 4.112 nous positius a Castell\u00f3, 10.116 a Alacant i 14.616 a Val\u00e8ncia Els hospitals valencians tenen a 1.184 persones ingressades amb COVID-19, 190 d&#8217;elles en l&#8217;UCI Un total de 4.265.296 persones <a class=\"mh-excerpt-more\" href=\"https:\/\/tucomarca.whitekongsoftware.com\/ca\/sanitat-notifica-28-846-nous-casos-de-coronavirus-i-14-200-altes-en-la-comunitat-valenciana\/\" title=\"Sanitat notifica 28.846 nous casos de coronavirus i 14.200 altes en la Comunitat Valenciana\">[+] <\/a><\/div>\n","protected":false},"author":1,"featured_media":130651,"comment_status":"open","ping_status":"open","sticky":false,"template":"","format":"standard","meta":{"footnotes":""},"categories":[11010,12202,10898,10948,10894,10904,10903,10947,10896,10897],"tags":[11939,11940,13963,13932],"class_list":["post-146806","post","type-post","status-publish","format-standard","has-post-thumbnail","category-canal-salud","category-covid-19-ca","category-ventana-ca","category-infraestructuras-ca","category-la-comarca-ca","category-sin-categorizar-ca","category-medio-ambiente-la-comarca-ca","category-politica","category-seccion-ca","category-sucesos-la-comarca-ca","tag-coronavirus-ca","tag-covid-19-ca","tag-vacunacion-ca","tag-vacunas-ca"],"_links":{"self":[{"href":"https:\/\/tucomarca.whitekongsoftware.com\/ca\/wp-json\/wp\/v2\/posts\/146806","targetHints":{"allow":["GET"]}}],"collection":[{"href":"https:\/\/tucomarca.whitekongsoftware.com\/ca\/wp-json\/wp\/v2\/posts"}],"about":[{"href":"https:\/\/tucomarca.whitekongsoftware.com\/ca\/wp-json\/wp\/v2\/types\/post"}],"author":[{"embeddable":true,"href":"https:\/\/tucomarca.whitekongsoftware.com\/ca\/wp-json\/wp\/v2\/users\/1"}],"replies":[{"embeddable":true,"href":"https:\/\/tucomarca.whitekongsoftware.com\/ca\/wp-json\/wp\/v2\/comments?post=146806"}],"version-history":[{"count":0,"href":"https:\/\/tucomarca.whitekongsoftware.com\/ca\/wp-json\/wp\/v2\/posts\/146806\/revisions"}],"wp:featuredmedia":[{"embeddable":true,"href":"https:\/\/tucomarca.whitekongsoftware.com\/ca\/wp-json\/wp\/v2\/media\/130651"}],"wp:attachment":[{"href":"https:\/\/tucomarca.whitekongsoftware.com\/ca\/wp-json\/wp\/v2\/media?parent=146806"}],"wp:term":[{"taxonomy":"category","embeddable":true,"href":"https:\/\/tucomarca.whitekongsoftware.com\/ca\/wp-json\/wp\/v2\/categories?post=146806"},{"taxonomy":"post_tag","embeddable":true,"href":"https:\/\/tucomarca.whitekongsoftware.com\/ca\/wp-json\/wp\/v2\/tags?post=146806"}],"curies":[{"name":"wp","href":"https:\/\/api.w.org\/{rel}","templated":true}]}}