{"id":146725,"date":"2022-01-06T09:30:00","date_gmt":"2022-01-06T08:30:00","guid":{"rendered":"http:\/\/www.tucomarca.com\/wordpress\/segunda\/?p=146725"},"modified":"2022-01-09T11:40:51","modified_gmt":"2022-01-09T10:40:51","slug":"la-diputacio-edita-el-calendari-el-valencia-sempre-al-teu-costat-junt-a-les-oficines-de-promocio-del-valencia","status":"publish","type":"post","link":"https:\/\/tucomarca.whitekongsoftware.com\/ca\/la-diputacio-edita-el-calendari-el-valencia-sempre-al-teu-costat-junt-a-les-oficines-de-promocio-del-valencia\/","title":{"rendered":"La Diputaci\u00f3 edita el calendari \u2018El valenci\u00e0, sempre al teu costat\u2019 junt a les oficines de Promoci\u00f3 del Valenci\u00e0"},"content":{"rendered":"\n<h4 class=\"wp-block-heading\">La portada, amb el lema \u2018El valenci\u00e0, sempre al teu costat\u2019, adapta la imatge de la campanya \u2018Som de barri, de ciutat, de botiga, de mercat\u2019 de la Diputaci\u00f3 de Val\u00e8ncia<\/h4>\n\n\n\n<h4 class=\"wp-block-heading\">La diputada de Normalitzaci\u00f3 Ling\u00fc\u00edstica, Dolors Gimeno, destaca el treball col\u00b7laboratiu de les oficines de Promoci\u00f3 Ling\u00fc\u00edstica amb la Unitat de Normalitzaci\u00f3 Ling\u00fc\u00edstica de la Diputaci\u00f3 de Val\u00e8ncia<\/h4>\n\n\n\n<p class=\"wp-block-paragraph\">La Unitat de Normalitzaci\u00f3 Ling\u00fc\u00edstica de la Diputaci\u00f3 de Val\u00e8ncia ha editat el calendari \u2018El valenci\u00e0, sempre al teu costat\u2019, coordinat per les oficines de Promoci\u00f3 del Valenci\u00e0 dels ajuntaments de la provincia de Val\u00e8ncia, i que ser\u00e0 distribu\u00eft entre una vintena de municipis, &#8220;una mostra m\u00e9s de la necess\u00e0ria col\u00b7laboraci\u00f3 entre administracions i de la tasca que els ajuntaments valencians porten a terme per visualitzar la import\u00e0ncia de la nostra llengua en totes les accions quotidianes&#8221;, ha explicat la diputada de Normalitzaci\u00f3 Ling\u00fc\u00edstica, Dolors Gimeno.<\/p>\n\n\n\n<p class=\"wp-block-paragraph\">La portada, amb el lema \u2018El valenci\u00e0, sempre al teu costat\u2019, t\u00e9 la mateixa imatge que la campanya dissenyada i coordinada per la Unitat de Normalitzaci\u00f3 Ling\u00fc\u00edstica de la Diputaci\u00f3 de Val\u00e8ncia \u2018El valenci\u00e0, sempre al costat del comer\u00e7\u2019, \u2018Som de barri, de ciutat, de botiga, de mercat\u2019.<\/p>\n\n\n\n<p class=\"wp-block-paragraph\">El calendari d&#8217;enguany est\u00e0 il\u00b7lustrat per Ana Policarpo i es distribuir\u00e0 entre els municipis que hi participen: Silla \u2013que ha coordinat els treballs-, Almassora, X\u00e0tiva, Museros, Alboraia, Massamagrell, Algemes\u00ed, Gandia, Manises, Novelda, Moncada, les Alqueries, Santa Pola, Aldaia, Carlet, Montserrat, Alginet, Albalat dels Sorells, Albal i Canet d&#8217;en Berenguer, m\u00e9s els municipis de la prov\u00edncia de Val\u00e8ncia que col\u00b7laboren amb la Unitat de Normalitzaci\u00f3 de la Diputaci\u00f3. En total s&#8217;han editat m\u00e9s de 13.000 calendaris de taula i m\u00e9s de 2.000 calendaris de paret.<\/p>\n\n\n\n<p class=\"wp-block-paragraph\">A m\u00e9s, l&#8217;Ajuntament de Montserrat, a trav\u00e9s del servei ling\u00fc\u00edstic, ha elaborat un v\u00eddeo en qu\u00e8 el protagonista \u00e9s el calendari del 2022 \u2018El valenci\u00e0, sempre al teu costat\u2019, a fi que es puga difondre tamb\u00e9 a trav\u00e9s de les xarxes socials: Twitter, Facebook, Instagram i altres xarxes.<\/p>\n\n\n\n<p class=\"wp-block-paragraph\"><\/p>\n","protected":false},"excerpt":{"rendered":"<div class=\"mh-excerpt\">La portada, amb el lema \u2018El valenci\u00e0, sempre al teu costat\u2019, adapta la imatge de la campanya \u2018Som de barri, de ciutat, de botiga, de mercat\u2019 de la Diputaci\u00f3 de Val\u00e8ncia La diputada de Normalitzaci\u00f3 <a class=\"mh-excerpt-more\" href=\"https:\/\/tucomarca.whitekongsoftware.com\/ca\/la-diputacio-edita-el-calendari-el-valencia-sempre-al-teu-costat-junt-a-les-oficines-de-promocio-del-valencia\/\" title=\"La Diputaci\u00f3 edita el calendari \u2018El valenci\u00e0, sempre al teu costat\u2019 junt a les oficines de Promoci\u00f3 del Valenci\u00e0\">[+] <\/a><\/div>\n","protected":false},"author":12,"featured_media":146724,"comment_status":"open","ping_status":"open","sticky":false,"template":"","format":"standard","meta":{"footnotes":""},"categories":[10983,10990,10948,10894,10904,10902,11000,11007,10947,10896],"tags":[11246,16133,16134],"class_list":["post-146725","post","type-post","status-publish","format-standard","has-post-thumbnail","category-algemesi-ca","category-carlet-ca","category-infraestructuras-ca","category-la-comarca-ca","category-sin-categorizar-ca","category-la-ribera-ca","category-monserrat-ca","category-ocio-y-cultura-ca","category-politica","category-seccion-ca","tag-diputacio-de-valencia-ca","tag-el-valencia-sempre-al-teu-costat-ca","tag-normalizacion-linguistica-ca"],"_links":{"self":[{"href":"https:\/\/tucomarca.whitekongsoftware.com\/ca\/wp-json\/wp\/v2\/posts\/146725","targetHints":{"allow":["GET"]}}],"collection":[{"href":"https:\/\/tucomarca.whitekongsoftware.com\/ca\/wp-json\/wp\/v2\/posts"}],"about":[{"href":"https:\/\/tucomarca.whitekongsoftware.com\/ca\/wp-json\/wp\/v2\/types\/post"}],"author":[{"embeddable":true,"href":"https:\/\/tucomarca.whitekongsoftware.com\/ca\/wp-json\/wp\/v2\/users\/12"}],"replies":[{"embeddable":true,"href":"https:\/\/tucomarca.whitekongsoftware.com\/ca\/wp-json\/wp\/v2\/comments?post=146725"}],"version-history":[{"count":0,"href":"https:\/\/tucomarca.whitekongsoftware.com\/ca\/wp-json\/wp\/v2\/posts\/146725\/revisions"}],"wp:featuredmedia":[{"embeddable":true,"href":"https:\/\/tucomarca.whitekongsoftware.com\/ca\/wp-json\/wp\/v2\/media\/146724"}],"wp:attachment":[{"href":"https:\/\/tucomarca.whitekongsoftware.com\/ca\/wp-json\/wp\/v2\/media?parent=146725"}],"wp:term":[{"taxonomy":"category","embeddable":true,"href":"https:\/\/tucomarca.whitekongsoftware.com\/ca\/wp-json\/wp\/v2\/categories?post=146725"},{"taxonomy":"post_tag","embeddable":true,"href":"https:\/\/tucomarca.whitekongsoftware.com\/ca\/wp-json\/wp\/v2\/tags?post=146725"}],"curies":[{"name":"wp","href":"https:\/\/api.w.org\/{rel}","templated":true}]}}