{"id":146668,"date":"2022-01-05T08:00:00","date_gmt":"2022-01-05T07:00:00","guid":{"rendered":"http:\/\/www.tucomarca.com\/wordpress\/segunda\/bunol-recibe-a-los-reyes-magos-de-oriente-con-su-tradicional-cabalgata\/"},"modified":"2022-01-05T14:46:11","modified_gmt":"2022-01-05T13:46:11","slug":"bunol-recibe-a-los-reyes-magos-de-oriente-con-su-tradicional-cabalgata","status":"publish","type":"post","link":"https:\/\/tucomarca.whitekongsoftware.com\/ca\/bunol-recibe-a-los-reyes-magos-de-oriente-con-su-tradicional-cabalgata\/","title":{"rendered":"Bunyol rep als Reis Mags d&#8217;Orient amb la seua tradicional cavalcada"},"content":{"rendered":"\n<p class=\"wp-block-paragraph\"><strong>Bunyol celebra la seua tradicional cavalcada de Reis Mags aquest dimecres pel recorregut habitual<\/strong><\/p>\n\n\n\n<p class=\"wp-block-paragraph\">Els Reis Mags arriben a les 17,00 hores d&#8217;aquest dimecres, 5 de gener, a l&#8217;estaci\u00f3 de tren on les nenes i nens els estaran esperant; aix\u00ed com el festeig real que acompanyar\u00e0 a les seves majestats en la cavalcada que partir\u00e0 a les 18,30 hores des de l&#8217;Avinguda de la Violeta per a acabar el la porta de l&#8217;ajuntament, on Melchor, Gaspar i Baltasar obsequiaran amb regals a les nenes i nens que s&#8217;acostin fins ells.<\/p>\n\n\n\n<p class=\"wp-block-paragraph\">Una arribada molt esperada per tots, especialment despr\u00e9s que l&#8217;any passat la pand\u00e8mia imped\u00eds a les seues Majestats estar a Bunyol de manera presencial.<\/p>\n","protected":false},"excerpt":{"rendered":"<div class=\"mh-excerpt\">Bunyol celebra la seua tradicional cavalcada de Reis Mags aquest dimecres pel recorregut habitual Els Reis Mags arriben a les 17,00 hores d&#8217;aquest dimecres, 5 de gener, a l&#8217;estaci\u00f3 de tren on les nenes i <a class=\"mh-excerpt-more\" href=\"https:\/\/tucomarca.whitekongsoftware.com\/ca\/bunol-recibe-a-los-reyes-magos-de-oriente-con-su-tradicional-cabalgata\/\" title=\"Bunyol rep als Reis Mags d&#8217;Orient amb la seua tradicional cavalcada\">[+] <\/a><\/div>\n","protected":false},"author":12,"featured_media":146664,"comment_status":"open","ping_status":"open","sticky":false,"template":"","format":"standard","meta":{"footnotes":""},"categories":[11019,10911,10912,10896],"tags":[10913,16117,10914],"class_list":["post-146668","post","type-post","status-publish","format-standard","has-post-thumbnail","category-agenda-ca","category-bunol-ca","category-la-hoya-ca","category-seccion-ca","tag-bunol-ca","tag-cabalgata-de-reyes-ca","tag-la-hoya-de-bunol-chiva-ca"],"_links":{"self":[{"href":"https:\/\/tucomarca.whitekongsoftware.com\/ca\/wp-json\/wp\/v2\/posts\/146668","targetHints":{"allow":["GET"]}}],"collection":[{"href":"https:\/\/tucomarca.whitekongsoftware.com\/ca\/wp-json\/wp\/v2\/posts"}],"about":[{"href":"https:\/\/tucomarca.whitekongsoftware.com\/ca\/wp-json\/wp\/v2\/types\/post"}],"author":[{"embeddable":true,"href":"https:\/\/tucomarca.whitekongsoftware.com\/ca\/wp-json\/wp\/v2\/users\/12"}],"replies":[{"embeddable":true,"href":"https:\/\/tucomarca.whitekongsoftware.com\/ca\/wp-json\/wp\/v2\/comments?post=146668"}],"version-history":[{"count":0,"href":"https:\/\/tucomarca.whitekongsoftware.com\/ca\/wp-json\/wp\/v2\/posts\/146668\/revisions"}],"wp:featuredmedia":[{"embeddable":true,"href":"https:\/\/tucomarca.whitekongsoftware.com\/ca\/wp-json\/wp\/v2\/media\/146664"}],"wp:attachment":[{"href":"https:\/\/tucomarca.whitekongsoftware.com\/ca\/wp-json\/wp\/v2\/media?parent=146668"}],"wp:term":[{"taxonomy":"category","embeddable":true,"href":"https:\/\/tucomarca.whitekongsoftware.com\/ca\/wp-json\/wp\/v2\/categories?post=146668"},{"taxonomy":"post_tag","embeddable":true,"href":"https:\/\/tucomarca.whitekongsoftware.com\/ca\/wp-json\/wp\/v2\/tags?post=146668"}],"curies":[{"name":"wp","href":"https:\/\/api.w.org\/{rel}","templated":true}]}}