{"id":146618,"date":"2022-01-04T11:00:00","date_gmt":"2022-01-04T10:00:00","guid":{"rendered":"http:\/\/www.tucomarca.com\/wordpress\/segunda\/?p=146618"},"modified":"2022-01-04T12:12:42","modified_gmt":"2022-01-04T11:12:42","slug":"el-teixit-associatiu-de-bunyol-rebra-368-600-euros-en-subvencions-nominatives-en-2022","status":"publish","type":"post","link":"https:\/\/tucomarca.whitekongsoftware.com\/ca\/el-teixit-associatiu-de-bunyol-rebra-368-600-euros-en-subvencions-nominatives-en-2022\/","title":{"rendered":"El teixit associatiu de Bunyol rebr\u00e0 368.600 euros en subvencions nominatives en 2022"},"content":{"rendered":"\n<h4 class=\"wp-block-heading\">El passat 28 de desembre el ple de l&#8217;Ajuntament de Bunyol va aprovar el seu pressupost per a 2022, amb els vots favorables del PSOE (4), IU (3) i Podemos (1), els tres partits que formen el govern municipal, m\u00e9s l&#8217;abstenci\u00f3 de IAB (1).<\/h4>\n\n\n\n<p class=\"wp-block-paragraph\">Un dels aspectes a destacar en els \u00faltims anys dels pressupostos municipals, \u00e9s la important suma que rep el teixit associatiu de la localitat, per mitj\u00e0 de subvencions nominatives. Des de la regidoria d&#8217;Hisenda i Contractaci\u00f3 es mostren orgullosos que aquest tret tan propi de la localitat, no sols no haja desaparegut en aquests anys de la Covid-19, sin\u00f3 que en comparaci\u00f3 amb l&#8217;any passat, aquesta partida haja ascendit, situant-se en els ja esmentats 368.600 euros.<\/p>\n\n\n\n<p class=\"wp-block-paragraph\">Des de l&#8217;\u00e0rea d&#8217;Hisenda destaquen els 18.000 euros que percebr\u00e0 el Club Handbol Bunyol, contribuint d&#8217;aquesta manera &#8220;a consolidar l&#8217;escola d&#8217;un esport minoritari a Espanya, per\u00f2 que al nostre poble t\u00e9 molt arrelament&#8221; en paraules de l&#8217;edil Sierra, o els 26.000 euros que rebr\u00e0 l&#8217;Associaci\u00f3 d&#8217;Empresaris i Aut\u00f2noms, col\u00b7lectiu clau en la dinamitzaci\u00f3 del comer\u00e7 i l&#8217;ocupaci\u00f3 en la localitat en els \u00faltims anys. A m\u00e9s des de l&#8217;Ajuntament tamb\u00e9 destaquen els 48.000 euros que percebr\u00e0 el CD Bunyol o els 189.800 euros que percebran les bandes de m\u00fasica (94.900 cadascuna d&#8217;elles). Des del govern municipal agraeixen l&#8217;empatia d&#8217;aquells col\u00b7lectius que reben quantitats m\u00e9s humils, per\u00f2 l&#8217;acullen amb gratitud i il\u00b7lusi\u00f3, perqu\u00e8 aqueixa xicoteta aportaci\u00f3 que se&#8217;ls fa des del municipi, contribu\u00efsca al creixement d&#8217;aqueixa associaci\u00f3.<\/p>\n\n\n\n<p class=\"wp-block-paragraph\">Finalment des de la regidoria animen a tot el col\u00b7lectiu associatiu a actualitzar les dades de la seua organitzaci\u00f3 a&nbsp;e.moreno@aytobunyol.com&nbsp;o al fet que es posen en contacte amb l&#8217;Ajuntament per aqueix mateix correu, si passat el mes de febrer, encara no han rebut la informaci\u00f3 corresponent amb la subvenci\u00f3 que han de rebre, a l&#8217;atenci\u00f3 de l&#8217;interventor Don Eduardo Moreno.<\/p>\n\n\n\n<p class=\"wp-block-paragraph\"><\/p>\n","protected":false},"excerpt":{"rendered":"<div class=\"mh-excerpt\">El passat 28 de desembre el ple de l&#8217;Ajuntament de Bunyol va aprovar el seu pressupost per a 2022, amb els vots favorables del PSOE (4), IU (3) i Podemos (1), els tres partits que <a class=\"mh-excerpt-more\" href=\"https:\/\/tucomarca.whitekongsoftware.com\/ca\/el-teixit-associatiu-de-bunyol-rebra-368-600-euros-en-subvencions-nominatives-en-2022\/\" title=\"El teixit associatiu de Bunyol rebr\u00e0 368.600 euros en subvencions nominatives en 2022\">[+] <\/a><\/div>\n","protected":false},"author":12,"featured_media":105460,"comment_status":"open","ping_status":"open","sticky":false,"template":"","format":"standard","meta":{"footnotes":""},"categories":[10911,10948,10894,10912,10947,10896],"tags":[11158,10914,16076,12975,16119],"class_list":["post-146618","post","type-post","status-publish","format-standard","has-post-thumbnail","category-bunol-ca","category-infraestructuras-ca","category-la-comarca-ca","category-la-hoya-ca","category-politica","category-seccion-ca","tag-ayuntamiento-de-bunol-ca","tag-la-hoya-de-bunol-chiva-ca","tag-presupuestos-2022-ca","tag-subvenciones-ca","tag-tejido-asociativo-ca"],"_links":{"self":[{"href":"https:\/\/tucomarca.whitekongsoftware.com\/ca\/wp-json\/wp\/v2\/posts\/146618","targetHints":{"allow":["GET"]}}],"collection":[{"href":"https:\/\/tucomarca.whitekongsoftware.com\/ca\/wp-json\/wp\/v2\/posts"}],"about":[{"href":"https:\/\/tucomarca.whitekongsoftware.com\/ca\/wp-json\/wp\/v2\/types\/post"}],"author":[{"embeddable":true,"href":"https:\/\/tucomarca.whitekongsoftware.com\/ca\/wp-json\/wp\/v2\/users\/12"}],"replies":[{"embeddable":true,"href":"https:\/\/tucomarca.whitekongsoftware.com\/ca\/wp-json\/wp\/v2\/comments?post=146618"}],"version-history":[{"count":0,"href":"https:\/\/tucomarca.whitekongsoftware.com\/ca\/wp-json\/wp\/v2\/posts\/146618\/revisions"}],"wp:featuredmedia":[{"embeddable":true,"href":"https:\/\/tucomarca.whitekongsoftware.com\/ca\/wp-json\/wp\/v2\/media\/105460"}],"wp:attachment":[{"href":"https:\/\/tucomarca.whitekongsoftware.com\/ca\/wp-json\/wp\/v2\/media?parent=146618"}],"wp:term":[{"taxonomy":"category","embeddable":true,"href":"https:\/\/tucomarca.whitekongsoftware.com\/ca\/wp-json\/wp\/v2\/categories?post=146618"},{"taxonomy":"post_tag","embeddable":true,"href":"https:\/\/tucomarca.whitekongsoftware.com\/ca\/wp-json\/wp\/v2\/tags?post=146618"}],"curies":[{"name":"wp","href":"https:\/\/api.w.org\/{rel}","templated":true}]}}