{"id":146613,"date":"2022-01-03T17:30:00","date_gmt":"2022-01-03T16:30:00","guid":{"rendered":"http:\/\/www.tucomarca.com\/wordpress\/segunda\/?p=146613"},"modified":"2022-01-03T22:18:45","modified_gmt":"2022-01-03T21:18:45","slug":"uns-50-joves-de-benaguasil-participaran-en-el-projecte-europeu-bridge2030-per-a-acostar-a-la-joventut-a-lagenda-2030-i-a-la-vida-politica","status":"publish","type":"post","link":"https:\/\/tucomarca.whitekongsoftware.com\/ca\/uns-50-joves-de-benaguasil-participaran-en-el-projecte-europeu-bridge2030-per-a-acostar-a-la-joventut-a-lagenda-2030-i-a-la-vida-politica\/","title":{"rendered":"Uns 50 joves de Benaguasil participaran en el projecte europeu BRIDGE2030 per a acostar a la joventut a l&#8217;Agenda 2030 i a la vida pol\u00edtica"},"content":{"rendered":"\n<p class=\"wp-block-paragraph\"><strong>L&#8217;Ajuntament de Benaguasil lidera aquesta iniciativa, cofinan\u00e7ada per la UE en el marc de les Activitats de Participaci\u00f3 Juvenil del Programa Erasmus+<\/strong><\/p>\n\n\n\n<p class=\"wp-block-paragraph\"><strong>Aquest projecte es desenvolupar\u00e0 en el 2022 coincidint amb l&#8217;Any Europeu de la Joventut<\/strong><\/p>\n\n\n\n<p class=\"wp-block-paragraph\"><strong>La iniciativa compta amb el suport de la Fundaci\u00f3 Finnova<\/strong><\/p>\n\n\n\n<p class=\"wp-block-paragraph\">Uns 50 joves d&#8217;entre 13 i 18 anys de Benaguasil es beneficiaran del projecte cofinan\u00e7at per la Uni\u00f3 Europea BRIDGE2030, en el marc de les Activitats de Participaci\u00f3 Juvenil del Programa Erasmus+. La iniciativa, liderada per l&#8217;Ajuntament de Benaguasil, pret\u00e9n acostar l&#8217;Agenda 2030 a la joventut i implicar els joves en la vida pol\u00edtica del municipi.<\/p>\n\n\n\n<p class=\"wp-block-paragraph\">Per a aix\u00f2, mitjan\u00e7ant aquest projecte es dotar\u00e0 a la joventut d&#8217;habilitats i eines perqu\u00e8 debaten i proposen el futur que volen per al seu municipi juntament amb experts i prenedors de decisions a nivell local, regional, nacional i europeu. Aix\u00ed mateix, l&#8217;objectiu \u00e9s crear un Consell de la Joventut o una altra organitzaci\u00f3 juvenil que, amb el suport de l&#8217;ajuntament, lidere i promoga activitats juvenils en el municipi i defense els drets i objectius dels m\u00e9s joves.<\/p>\n\n\n\n<p class=\"wp-block-paragraph\">Aquesta iniciativa compta amb el suport de la Fundaci\u00f3 Finnova, entitat sense \u00e0nim de lucre especialitzada en assumptes europeus que aposta per la integraci\u00f3 dels joves en l&#8217;\u00e0mbit empresarial, aix\u00ed com en el foment de la seua formaci\u00f3 professional.<\/p>\n\n\n\n<p class=\"wp-block-paragraph\"><strong>Activitats del projecte<\/strong><\/p>\n\n\n\n<p class=\"wp-block-paragraph\">Les Activitats de Participaci\u00f3 Juvenil del Programa Erasmus+ promouen, impulsen i faciliten la participaci\u00f3 dels joves en la vida democr\u00e0tica d&#8217;Europa a nivell local, regional, nacional i europeu. Per a aix\u00f2, aquest projecte comptar\u00e0 amb tres activitats que es desenvoluparan entre gener i juliol 2022.<br>La primera activitat, \u201cFormant-nos en l&#8217;Agenda 2030 i els ODS\u201d, es dur\u00e0 a terme en el Santuari de la Verge de Montiel el cap de setmana del 12 i 13 de febrer, i tindr\u00e0 com a objectiu introduir i aprofundir tant en l&#8217;Agenda 2030 com en els Objectius del Desenvolupament Sostenible (ODS).<\/p>\n\n\n\n<p class=\"wp-block-paragraph\">La jornada es dividir\u00e0 en dues parts, una primera d&#8217;instrucci\u00f3 b\u00e0sica i general a tota la joventut i una segona on es dividir\u00e0 als participants en grups i se&#8217;ls assignar\u00e0 un ODS concret. Aix\u00ed, cada grup treballar\u00e0 en l&#8217;elaboraci\u00f3 d&#8217;una proposta local que ajude i fomente la consecuci\u00f3 d&#8217;aqueix ODS en el seu municipi. Tot aix\u00f2 es dur\u00e0 a terme a trav\u00e9s de din\u00e0miques que formen i fomenten el debat i l&#8217;elaboraci\u00f3 de propostes. A m\u00e9s, es realitzaran xarrades i taules redones amb experts en les quals a m\u00e9s de rebre formaci\u00f3 podran resoldre dubtes o proposar q\u00fcestions.<\/p>\n\n\n\n<p class=\"wp-block-paragraph\">L&#8217;1 d&#8217;abril se celebrar\u00e0 la sessi\u00f3 \u201cDefensant mostres proposades\u201d, amb l&#8217;objectiu de recopilar tota la informaci\u00f3 sobre la qual cada grup ha treballat per a ultimar la proposta que presentaran en el ple. Durant aquesta jornada, tamb\u00e9 es fomentar\u00e0 la col\u00b7laboraci\u00f3 i cooperaci\u00f3 amb altres grups promovent un intercanvi d&#8217;idees que resulte benefici\u00f3s per a tots. A m\u00e9s, els joves estaran acompanyats per prenedors de decisions i experts.<\/p>\n\n\n\n<p class=\"wp-block-paragraph\">Finalment, el 4 de juny tindr\u00e0 lloc l&#8217;activitat \u201cLa joventut a ple\u201d, que consistir\u00e0 en la realitzaci\u00f3 d&#8217;un simulacre de Ple real de l&#8217;Ajuntament en la qual es presentaran les propostes de m\u00e9s impacte i m\u00e9s viables. Tot aix\u00f2 es realitzar\u00e0 amb la pres\u00e8ncia de prenedors de decisions de l&#8217;Ajuntament de Benaguasil.<\/p>\n\n\n\n<p class=\"wp-block-paragraph\"><strong>Any Europeu de la Joventut<\/strong><\/p>\n\n\n\n<p class=\"wp-block-paragraph\">El projecte es realitzar\u00e0 en 2022, coincidint amb l&#8217;Any Europeu de la Joventut. Durant els pr\u00f2xims 12 mesos, la Comissi\u00f3 Europea coordinar\u00e0 amb les altres institucions europees i els estats membres una s\u00e8rie d&#8217;activitats encaminades a oferir als joves oportunitats per a adquirir coneixements, habilitats i compet\u00e8ncies per al seu desenvolupament professional i per a enfortir el seu comprom\u00eds c\u00edvic per a donar forma al futur d&#8217;Europa. En aquest sentit, destinar\u00e0 8 milions d&#8217;euros del programa Erasmus+ i del Cos Europeu de Solidaritat, i posar\u00e0 a la disposici\u00f3 d&#8217;aquesta iniciativa altres programes i instruments perqu\u00e8 puguen beneficiar-se el major nombre de joves.<\/p>\n","protected":false},"excerpt":{"rendered":"<div class=\"mh-excerpt\">L&#8217;Ajuntament de Benaguasil lidera aquesta iniciativa, cofinan\u00e7ada per la UE en el marc de les Activitats de Participaci\u00f3 Juvenil del Programa Erasmus+ Aquest projecte es desenvolupar\u00e0 en el 2022 coincidint amb l&#8217;Any Europeu de la <a class=\"mh-excerpt-more\" href=\"https:\/\/tucomarca.whitekongsoftware.com\/ca\/uns-50-joves-de-benaguasil-participaran-en-el-projecte-europeu-bridge2030-per-a-acostar-a-la-joventut-a-lagenda-2030-i-a-la-vida-politica\/\" title=\"Uns 50 joves de Benaguasil participaran en el projecte europeu BRIDGE2030 per a acostar a la joventut a l&#8217;Agenda 2030 i a la vida pol\u00edtica\">[+] <\/a><\/div>\n","protected":false},"author":12,"featured_media":146611,"comment_status":"open","ping_status":"open","sticky":false,"template":"","format":"standard","meta":{"footnotes":""},"categories":[10952,10892,10894,10904,10947,10896],"tags":[11136,10899,13827],"class_list":["post-146613","post","type-post","status-publish","format-standard","has-post-thumbnail","category-benaguasil-ca","category-camp-de-turia-ca","category-la-comarca-ca","category-sin-categorizar-ca","category-politica","category-seccion-ca","tag-benaguasil-ca","tag-camp-de-turia-ca","tag-juventud-ca"],"_links":{"self":[{"href":"https:\/\/tucomarca.whitekongsoftware.com\/ca\/wp-json\/wp\/v2\/posts\/146613","targetHints":{"allow":["GET"]}}],"collection":[{"href":"https:\/\/tucomarca.whitekongsoftware.com\/ca\/wp-json\/wp\/v2\/posts"}],"about":[{"href":"https:\/\/tucomarca.whitekongsoftware.com\/ca\/wp-json\/wp\/v2\/types\/post"}],"author":[{"embeddable":true,"href":"https:\/\/tucomarca.whitekongsoftware.com\/ca\/wp-json\/wp\/v2\/users\/12"}],"replies":[{"embeddable":true,"href":"https:\/\/tucomarca.whitekongsoftware.com\/ca\/wp-json\/wp\/v2\/comments?post=146613"}],"version-history":[{"count":0,"href":"https:\/\/tucomarca.whitekongsoftware.com\/ca\/wp-json\/wp\/v2\/posts\/146613\/revisions"}],"wp:featuredmedia":[{"embeddable":true,"href":"https:\/\/tucomarca.whitekongsoftware.com\/ca\/wp-json\/wp\/v2\/media\/146611"}],"wp:attachment":[{"href":"https:\/\/tucomarca.whitekongsoftware.com\/ca\/wp-json\/wp\/v2\/media?parent=146613"}],"wp:term":[{"taxonomy":"category","embeddable":true,"href":"https:\/\/tucomarca.whitekongsoftware.com\/ca\/wp-json\/wp\/v2\/categories?post=146613"},{"taxonomy":"post_tag","embeddable":true,"href":"https:\/\/tucomarca.whitekongsoftware.com\/ca\/wp-json\/wp\/v2\/tags?post=146613"}],"curies":[{"name":"wp","href":"https:\/\/api.w.org\/{rel}","templated":true}]}}