{"id":146556,"date":"2022-01-03T19:00:00","date_gmt":"2022-01-03T18:00:00","guid":{"rendered":"http:\/\/www.tucomarca.com\/wordpress\/segunda\/?p=146556"},"modified":"2022-01-03T19:24:45","modified_gmt":"2022-01-03T18:24:45","slug":"la-comunitat-viu-un-cap-de-setmana-de-record-amb-22-832-nous-contagis-de-coronavirus-notificats-per-sanitat","status":"publish","type":"post","link":"https:\/\/tucomarca.whitekongsoftware.com\/ca\/la-comunitat-viu-un-cap-de-setmana-de-record-amb-22-832-nous-contagis-de-coronavirus-notificats-per-sanitat\/","title":{"rendered":"La Comunitat viu un cap de setmana de r\u00e8cord amb 22.832 nous contagis de coronavirus notificats per Sanitat"},"content":{"rendered":"\n<p class=\"wp-block-paragraph\"><strong>Per prov\u00edncies, es registren 2.163 nous casos a Castell\u00f3, 8.390 a Alacant i 12.279 a Val\u00e8ncia<\/strong><\/p>\n\n\n\n<p class=\"wp-block-paragraph\"><strong>Els hospitals valencians tenen 1.127 persones ingressades, 178 d&#8217;elles en l&#8217;UCI<\/strong><\/p>\n\n\n\n<p class=\"wp-block-paragraph\">La Conselleria de Sanitat Universal i Salut P\u00fablica ha notificat un total de 22.832 nous casos de coronavirus confirmats per prova PCR o a trav\u00e9s de test d&#8217;ant\u00edgens des de l&#8217;actualitzaci\u00f3 del divendres 31 de desembre. Amb aquesta actualitzaci\u00f3, la xifra total de positius se situa en 662.937 persones. Els nous casos per prov\u00edncies s\u00f3n 2.163 a Castell\u00f3 (73.282 en total); 8.390 a Alacant (239.077) i 12.279 a Val\u00e8ncia (350.577). La xifra de casos no assignats es mant\u00e9 en un.<\/p>\n\n\n\n<p class=\"wp-block-paragraph\">D&#8217;altra banda, s&#8217;han registrat 12.968 altes a pacients amb coronavirus. D&#8217;aquesta manera, el nombre de persones que han superat la malaltia des que va comen\u00e7ar la pand\u00e8mia en la Comunitat Valenciana ascendeix a 585.322 persones. Per prov\u00edncies, les altes es distribueixen aix\u00ed: 65.331 a Castell\u00f3, 212.105 a Alacant i 307.830 a Val\u00e8ncia. El total d&#8217;altes no assignades es mant\u00e9 en 56.<\/p>\n\n\n\n<p class=\"wp-block-paragraph\">Els hospitals valencians tenen, actualment, 1.127 persones ingressades, 178 d&#8217;elles en l&#8217;UCI: 169 a la prov\u00edncia de Castell\u00f3, 25 en UCI; 342 a la prov\u00edncia d&#8217;Alacant, 67 d&#8217;elles en l&#8217;UCI; i 616 a la prov\u00edncia de Val\u00e8ncia, 86 en UCI.<\/p>\n\n\n\n<p class=\"wp-block-paragraph\">S&#8217;han notificat 9 defuncions per coronavirus des de l&#8217;\u00faltima actualitzaci\u00f3, per la qual cosa el total de decessos des de l&#8217;inici de la pand\u00e8mia ascendeix a 8.126: 916 a la prov\u00edncia de Castell\u00f3, 3.124 en la d&#8217;Alacant i 4.086 en la de Val\u00e8ncia. Es tracta de sis dones d&#8217;entre 80 i 91 anys, i tres homes d&#8217;entre 57 i 65 anys.<\/p>\n\n\n\n<p class=\"wp-block-paragraph\">D&#8217;acord amb les dades registrades, en aquests moments hi ha 80.930 casos actius, la qual cosa suposa un 12% del total de positius.<\/p>\n","protected":false},"excerpt":{"rendered":"<div class=\"mh-excerpt\">Per prov\u00edncies, es registren 2.163 nous casos a Castell\u00f3, 8.390 a Alacant i 12.279 a Val\u00e8ncia Els hospitals valencians tenen 1.127 persones ingressades, 178 d&#8217;elles en l&#8217;UCI La Conselleria de Sanitat Universal i Salut P\u00fablica <a class=\"mh-excerpt-more\" href=\"https:\/\/tucomarca.whitekongsoftware.com\/ca\/la-comunitat-viu-un-cap-de-setmana-de-record-amb-22-832-nous-contagis-de-coronavirus-notificats-per-sanitat\/\" title=\"La Comunitat viu un cap de setmana de r\u00e8cord amb 22.832 nous contagis de coronavirus notificats per Sanitat\">[+] <\/a><\/div>\n","protected":false},"author":1,"featured_media":146071,"comment_status":"open","ping_status":"open","sticky":false,"template":"","format":"standard","meta":{"footnotes":""},"categories":[11010,12202,10898,10948,10894,10904,10903,10947,10896,10897],"tags":[11497,11939,11940,13963,13932],"class_list":["post-146556","post","type-post","status-publish","format-standard","has-post-thumbnail","category-canal-salud","category-covid-19-ca","category-ventana-ca","category-infraestructuras-ca","category-la-comarca-ca","category-sin-categorizar-ca","category-medio-ambiente-la-comarca-ca","category-politica","category-seccion-ca","category-sucesos-la-comarca-ca","tag-comunitat-valenciana-ca","tag-coronavirus-ca","tag-covid-19-ca","tag-vacunacion-ca","tag-vacunas-ca"],"_links":{"self":[{"href":"https:\/\/tucomarca.whitekongsoftware.com\/ca\/wp-json\/wp\/v2\/posts\/146556","targetHints":{"allow":["GET"]}}],"collection":[{"href":"https:\/\/tucomarca.whitekongsoftware.com\/ca\/wp-json\/wp\/v2\/posts"}],"about":[{"href":"https:\/\/tucomarca.whitekongsoftware.com\/ca\/wp-json\/wp\/v2\/types\/post"}],"author":[{"embeddable":true,"href":"https:\/\/tucomarca.whitekongsoftware.com\/ca\/wp-json\/wp\/v2\/users\/1"}],"replies":[{"embeddable":true,"href":"https:\/\/tucomarca.whitekongsoftware.com\/ca\/wp-json\/wp\/v2\/comments?post=146556"}],"version-history":[{"count":0,"href":"https:\/\/tucomarca.whitekongsoftware.com\/ca\/wp-json\/wp\/v2\/posts\/146556\/revisions"}],"wp:featuredmedia":[{"embeddable":true,"href":"https:\/\/tucomarca.whitekongsoftware.com\/ca\/wp-json\/wp\/v2\/media\/146071"}],"wp:attachment":[{"href":"https:\/\/tucomarca.whitekongsoftware.com\/ca\/wp-json\/wp\/v2\/media?parent=146556"}],"wp:term":[{"taxonomy":"category","embeddable":true,"href":"https:\/\/tucomarca.whitekongsoftware.com\/ca\/wp-json\/wp\/v2\/categories?post=146556"},{"taxonomy":"post_tag","embeddable":true,"href":"https:\/\/tucomarca.whitekongsoftware.com\/ca\/wp-json\/wp\/v2\/tags?post=146556"}],"curies":[{"name":"wp","href":"https:\/\/api.w.org\/{rel}","templated":true}]}}