{"id":146500,"date":"2021-12-29T21:00:00","date_gmt":"2021-12-29T20:00:00","guid":{"rendered":"http:\/\/www.tucomarca.com\/wordpress\/segunda\/?p=146500"},"modified":"2021-12-30T10:01:04","modified_gmt":"2021-12-30T09:01:04","slug":"aiora-aporta-un-brot-social-de-12-casos-als-7-963-ultims-nous-contagis-de-coronavirus-en-la-comunitat-valenciana","status":"publish","type":"post","link":"https:\/\/tucomarca.whitekongsoftware.com\/ca\/aiora-aporta-un-brot-social-de-12-casos-als-7-963-ultims-nous-contagis-de-coronavirus-en-la-comunitat-valenciana\/","title":{"rendered":"Aiora aporta un brot social de 12 casos als 7.963 \u00faltims nous contagis de coronavirus en la Comunitat Valenciana"},"content":{"rendered":"\n<p class=\"wp-block-paragraph\"><strong>Per prov\u00edncies, s&#8217;han comptabilitzat 971 nous positius a Castell\u00f3, 2.735 a Alacant i 4.257 a Val\u00e8ncia<\/strong><\/p>\n\n\n\n<p class=\"wp-block-paragraph\"><strong>Els hospitals valencians tenen a 905 persones ingressades amb COVID-19, 172 d&#8217;elles en l&#8217;UCI<\/strong><\/p>\n\n\n\n<p class=\"wp-block-paragraph\">La Conselleria de Sanitat Universal i Salut P\u00fablica ha notificat un total de 7.963 nous casos de coronavirus confirmats per prova PCR o a trav\u00e9s de test d&#8217;ant\u00edgens. Amb aquesta actualitzaci\u00f3, la xifra total de positius se situa en 619.930 persones. Els nous casos per prov\u00edncies s\u00f3n 971 a Castell\u00f3 (68.713 en total); 2.735 a Alacant (224.148) i 4.257 a Val\u00e8ncia (327.068). La xifra de casos no assignats es mant\u00e9 en 1.<\/p>\n\n\n\n<p class=\"wp-block-paragraph\">D&#8217;altra banda, s&#8217;han registrat 3.742 altes a pacients amb coronavirus. D&#8217;aquesta manera, el nombre de persones que han superat la malaltia des que va comen\u00e7ar la pand\u00e8mia en la Comunitat Valenciana ascendeix a 568.441 persones. Per prov\u00edncies, les altes es distribueixen aix\u00ed: 63.194 a Castell\u00f3, 206.230 a Alacant i 298.961 a Val\u00e8ncia. El total d&#8217;altes no assignades es mant\u00e9 en 56.<\/p>\n\n\n\n<p class=\"wp-block-paragraph\">Els hospitals valencians tenen, actualment, a 905 persones ingressades amb COVID-19, 172 d&#8217;elles en l&#8217;UCI: 173 a la prov\u00edncia de Castell\u00f3, 23 en UCI; 273 a la prov\u00edncia d&#8217;Alacant, 60 d&#8217;elles en l&#8217;UCI; i 459 a la prov\u00edncia de Val\u00e8ncia, 89 en UCI.<\/p>\n\n\n\n<p class=\"wp-block-paragraph\">S&#8217;han notificat 14 defuncions per coronavirus des de l&#8217;\u00faltima actualitzaci\u00f3, per la qual cosa el total de decessos des de l&#8217;inici de la pand\u00e8mia ascendeix a 8.111: 913 a la prov\u00edncia de Castell\u00f3, 3.120 en la d&#8217;Alacant i 4.078 en la de Val\u00e8ncia. Es tracta de tres dones entre 80 i 89 anys, i 11 homes d&#8217;edats compreses entre 49 i 93 anys.<\/p>\n\n\n\n<p class=\"wp-block-paragraph\">D&#8217;acord amb les dades registrades, en aquests moments hi ha 54.819 casos actius, la qual cosa suposa un 8,68% del total de positius.<\/p>\n\n\n\n<p class=\"wp-block-paragraph\">Des de l&#8217;\u00faltima actualitzaci\u00f3, s&#8217;han notificat dos brots de 10 o m\u00e9s casos:<\/p>\n\n\n\n<p class=\"wp-block-paragraph\">\u00b7 Sant Vicent del Raspeig: 10 casos. \u00c0mbit educatiu<\/p>\n\n\n\n<p class=\"wp-block-paragraph\">\u00b7 Aiora: 12 casos. Origen social<\/p>\n","protected":false},"excerpt":{"rendered":"<div class=\"mh-excerpt\">Per prov\u00edncies, s&#8217;han comptabilitzat 971 nous positius a Castell\u00f3, 2.735 a Alacant i 4.257 a Val\u00e8ncia Els hospitals valencians tenen a 905 persones ingressades amb COVID-19, 172 d&#8217;elles en l&#8217;UCI La Conselleria de Sanitat Universal <a class=\"mh-excerpt-more\" href=\"https:\/\/tucomarca.whitekongsoftware.com\/ca\/aiora-aporta-un-brot-social-de-12-casos-als-7-963-ultims-nous-contagis-de-coronavirus-en-la-comunitat-valenciana\/\" title=\"Aiora aporta un brot social de 12 casos als 7.963 \u00faltims nous contagis de coronavirus en la Comunitat Valenciana\">[+] <\/a><\/div>\n","protected":false},"author":1,"featured_media":100861,"comment_status":"open","ping_status":"open","sticky":false,"template":"","format":"standard","meta":{"footnotes":""},"categories":[10954,10951,11010,12202,10898,10948,10894,10903,10947,10896,10897],"tags":[11216,11939,11940,13963,13932],"class_list":["post-146500","post","type-post","status-publish","format-standard","has-post-thumbnail","category-ayora-ca","category-ayora-cofrentes-ca","category-canal-salud","category-covid-19-ca","category-ventana-ca","category-infraestructuras-ca","category-la-comarca-ca","category-medio-ambiente-la-comarca-ca","category-politica","category-seccion-ca","category-sucesos-la-comarca-ca","tag-ayora-cofrentes-ca","tag-coronavirus-ca","tag-covid-19-ca","tag-vacunacion-ca","tag-vacunas-ca"],"_links":{"self":[{"href":"https:\/\/tucomarca.whitekongsoftware.com\/ca\/wp-json\/wp\/v2\/posts\/146500","targetHints":{"allow":["GET"]}}],"collection":[{"href":"https:\/\/tucomarca.whitekongsoftware.com\/ca\/wp-json\/wp\/v2\/posts"}],"about":[{"href":"https:\/\/tucomarca.whitekongsoftware.com\/ca\/wp-json\/wp\/v2\/types\/post"}],"author":[{"embeddable":true,"href":"https:\/\/tucomarca.whitekongsoftware.com\/ca\/wp-json\/wp\/v2\/users\/1"}],"replies":[{"embeddable":true,"href":"https:\/\/tucomarca.whitekongsoftware.com\/ca\/wp-json\/wp\/v2\/comments?post=146500"}],"version-history":[{"count":0,"href":"https:\/\/tucomarca.whitekongsoftware.com\/ca\/wp-json\/wp\/v2\/posts\/146500\/revisions"}],"wp:featuredmedia":[{"embeddable":true,"href":"https:\/\/tucomarca.whitekongsoftware.com\/ca\/wp-json\/wp\/v2\/media\/100861"}],"wp:attachment":[{"href":"https:\/\/tucomarca.whitekongsoftware.com\/ca\/wp-json\/wp\/v2\/media?parent=146500"}],"wp:term":[{"taxonomy":"category","embeddable":true,"href":"https:\/\/tucomarca.whitekongsoftware.com\/ca\/wp-json\/wp\/v2\/categories?post=146500"},{"taxonomy":"post_tag","embeddable":true,"href":"https:\/\/tucomarca.whitekongsoftware.com\/ca\/wp-json\/wp\/v2\/tags?post=146500"}],"curies":[{"name":"wp","href":"https:\/\/api.w.org\/{rel}","templated":true}]}}