{"id":146439,"date":"2021-12-28T16:30:00","date_gmt":"2021-12-28T15:30:00","guid":{"rendered":"http:\/\/www.tucomarca.com\/wordpress\/segunda\/?p=146439"},"modified":"2021-12-28T22:24:44","modified_gmt":"2021-12-28T21:24:44","slug":"la-tardor-deixa-a-la-comarca-de-requena-utiel-un-40-menys-de-pluviometria-del-normal","status":"publish","type":"post","link":"https:\/\/tucomarca.whitekongsoftware.com\/ca\/la-tardor-deixa-a-la-comarca-de-requena-utiel-un-40-menys-de-pluviometria-del-normal\/","title":{"rendered":"La tardor deixa a la comarca de Requena-Utiel un 40% menys de pluviometria del normal"},"content":{"rendered":"\n<p class=\"wp-block-paragraph\">La comarca Requena-Utiel ha registrat una tardor seca, amb una quantitat mitjana de precipitaci\u00f3 en els tres mesos d&#8217;aquesta estaci\u00f3, que se situa entorn dels 70 litres per metre quadrat d&#8217;aigua de pluja. Es tracta d&#8217;un 40% menys de la quantitat normal per a l&#8217;esmentat per\u00edode.<\/p>\n\n\n\n<p class=\"wp-block-paragraph\">La tardor,no obstant aix\u00f2, ha sigut m\u00e9s c\u00e0lid del normal, pels menors canvis de temps que hi ha hagut.<\/p>\n\n\n\n<p class=\"wp-block-paragraph\">Com quasi tots els cultius de la comarca estan en la fase de la letargia hivernal, s\u00f3n els cereals els que precisen de m\u00e9s pluja. Informa, <strong>Luis Ib\u00e1\u00f1ez.<\/strong><\/p>\n\n\n\n<p class=\"wp-block-paragraph\"><\/p>\n","protected":false},"excerpt":{"rendered":"<div class=\"mh-excerpt\">La comarca Requena-Utiel ha registrat una tardor seca, amb una quantitat mitjana de precipitaci\u00f3 en els tres mesos d&#8217;aquesta estaci\u00f3, que se situa entorn dels 70 litres per metre quadrat d&#8217;aigua de pluja. Es tracta <a class=\"mh-excerpt-more\" href=\"https:\/\/tucomarca.whitekongsoftware.com\/ca\/la-tardor-deixa-a-la-comarca-de-requena-utiel-un-40-menys-de-pluviometria-del-normal\/\" title=\"La tardor deixa a la comarca de Requena-Utiel un 40% menys de pluviometria del normal\">[+] <\/a><\/div>\n","protected":false},"author":12,"featured_media":146419,"comment_status":"open","ping_status":"open","sticky":false,"template":"","format":"standard","meta":{"footnotes":""},"categories":[10905,10948,10894,10903,10909,10896],"tags":[16102,11351,10910],"class_list":["post-146439","post","type-post","status-publish","format-standard","has-post-thumbnail","category-agricultura-la-comarca-ca","category-infraestructuras-ca","category-la-comarca-ca","category-medio-ambiente-la-comarca-ca","category-requena-utiel-ca","category-seccion-ca","tag-baja-pluviometria-ca","tag-lluvias-ca","tag-requena-utiel-ca"],"_links":{"self":[{"href":"https:\/\/tucomarca.whitekongsoftware.com\/ca\/wp-json\/wp\/v2\/posts\/146439","targetHints":{"allow":["GET"]}}],"collection":[{"href":"https:\/\/tucomarca.whitekongsoftware.com\/ca\/wp-json\/wp\/v2\/posts"}],"about":[{"href":"https:\/\/tucomarca.whitekongsoftware.com\/ca\/wp-json\/wp\/v2\/types\/post"}],"author":[{"embeddable":true,"href":"https:\/\/tucomarca.whitekongsoftware.com\/ca\/wp-json\/wp\/v2\/users\/12"}],"replies":[{"embeddable":true,"href":"https:\/\/tucomarca.whitekongsoftware.com\/ca\/wp-json\/wp\/v2\/comments?post=146439"}],"version-history":[{"count":0,"href":"https:\/\/tucomarca.whitekongsoftware.com\/ca\/wp-json\/wp\/v2\/posts\/146439\/revisions"}],"wp:featuredmedia":[{"embeddable":true,"href":"https:\/\/tucomarca.whitekongsoftware.com\/ca\/wp-json\/wp\/v2\/media\/146419"}],"wp:attachment":[{"href":"https:\/\/tucomarca.whitekongsoftware.com\/ca\/wp-json\/wp\/v2\/media?parent=146439"}],"wp:term":[{"taxonomy":"category","embeddable":true,"href":"https:\/\/tucomarca.whitekongsoftware.com\/ca\/wp-json\/wp\/v2\/categories?post=146439"},{"taxonomy":"post_tag","embeddable":true,"href":"https:\/\/tucomarca.whitekongsoftware.com\/ca\/wp-json\/wp\/v2\/tags?post=146439"}],"curies":[{"name":"wp","href":"https:\/\/api.w.org\/{rel}","templated":true}]}}