{"id":146405,"date":"2021-12-28T09:00:00","date_gmt":"2021-12-28T08:00:00","guid":{"rendered":"http:\/\/www.tucomarca.com\/wordpress\/segunda\/?p=146405"},"modified":"2021-12-28T15:18:17","modified_gmt":"2021-12-28T14:18:17","slug":"els-pacients-oncologics-de-lhospital-de-manises-donaran-la-campanada-que-celebra-la-seua-alta","status":"publish","type":"post","link":"https:\/\/tucomarca.whitekongsoftware.com\/ca\/els-pacients-oncologics-de-lhospital-de-manises-donaran-la-campanada-que-celebra-la-seua-alta\/","title":{"rendered":"Els pacients oncol\u00f2gics de l&#8217;Hospital de Manises \u201cdonaran la campanada\u201d que celebra la seua alta"},"content":{"rendered":"\n<h4 class=\"wp-block-heading\">Aquesta acci\u00f3 s&#8217;emmarca en el projecte \u201cCampanes per la Salut\u201d que es duu a terme amb la col\u00b7laboraci\u00f3 de la Fundaci\u00f3 M\u00fasics per la Salut<\/h4>\n\n\n\n<h4 class=\"wp-block-heading\">La iniciativa cerca humanitzar els espais hospitalaris, aportant calidesa i millorant l&#8217;experi\u00e8ncia sanit\u00e0ria de pacients i professionals<\/h4>\n\n\n\n<h4 class=\"wp-block-heading\">A m\u00e9s, aquest projecte inclou acompanyament musical diari als pacients oncol\u00f2gics hospitalitzats<\/h4>\n\n\n\n<figure class=\"wp-block-image size-large\"><img loading=\"lazy\" decoding=\"async\" width=\"1024\" height=\"768\" src=\"http:\/\/www.tucomarca.com\/wordpress\/segunda\/wp-content\/uploads\/2021\/12\/HospitalManises_capana2-1024x768.jpeg\" alt=\"\" class=\"wp-image-146403\" srcset=\"https:\/\/tucomarca.whitekongsoftware.com\/wp-content\/uploads\/2021\/12\/HospitalManises_capana2-1024x768.jpeg 1024w, https:\/\/tucomarca.whitekongsoftware.com\/wp-content\/uploads\/2021\/12\/HospitalManises_capana2-300x225.jpeg 300w, https:\/\/tucomarca.whitekongsoftware.com\/wp-content\/uploads\/2021\/12\/HospitalManises_capana2-768x576.jpeg 768w, https:\/\/tucomarca.whitekongsoftware.com\/wp-content\/uploads\/2021\/12\/HospitalManises_capana2-1536x1152.jpeg 1536w, https:\/\/tucomarca.whitekongsoftware.com\/wp-content\/uploads\/2021\/12\/HospitalManises_capana2-678x509.jpeg 678w, https:\/\/tucomarca.whitekongsoftware.com\/wp-content\/uploads\/2021\/12\/HospitalManises_capana2-326x245.jpeg 326w, https:\/\/tucomarca.whitekongsoftware.com\/wp-content\/uploads\/2021\/12\/HospitalManises_capana2-80x60.jpeg 80w, https:\/\/tucomarca.whitekongsoftware.com\/wp-content\/uploads\/2021\/12\/HospitalManises_capana2.jpeg 1600w\" sizes=\"auto, (max-width: 1024px) 100vw, 1024px\" \/><\/figure>\n\n\n\n<p class=\"wp-block-paragraph\">Se sent el repic d&#8217;una campana en la primera planta de l&#8217;Hospital de Manises. \u00c9s el senyal que un dels pacients hospitalitzats en Oncologia ha rebut l&#8217;alta. Diversos sanitaris acompanyen al pacient que la fa sonar al final del corredor i aplaudeixen l&#8217;eixida del pacient que hui podr\u00e0 tornar a casa. La xicoteta campana ha sigut instal\u00b7lada en aquest centre sanitari en col\u00b7laboraci\u00f3 amb la Fundaci\u00f3 M\u00fasics per la Salut i celebra cadascuna de les altes dels pacients hospitalitzats. Aquesta acci\u00f3 s&#8217;emmarca en el projecte \u201cCampanes per la Salut\u201d, una iniciativa que busca acompanyar a les persones amb c\u00e0ncer durant el seu tractament, especialment a xiquets i dones i traslladar-los aix\u00ed un missatge d&#8217;esperan\u00e7a.<\/p>\n\n\n\n<p class=\"wp-block-paragraph\">D&#8217;aquesta manera i juntament amb el piano instal\u00b7lat recentment en l&#8217;hall del centre sanitari, tamb\u00e9 en col\u00b7laboraci\u00f3 M\u00fasics per la Salut, el Departament de Salut de Manises t\u00e9 com a objectiu humanitzar els espais hospitalaris, aportant calidesa i millorant l&#8217;experi\u00e8ncia sanit\u00e0ria de pacients i professionals. \u201cEn aquests moments tan marcats per la pand\u00e8mia, sembrar esperan\u00e7a entre la incertesa \u00e9s clau tant per als pacients com per a familiars i els professionals que formem part d&#8217;aquesta \u00e0rea sanit\u00e0ria\u201d, explica el Teresa Catal\u00e1, Supervisora de l&#8217;\u00c0rea d&#8217;Infermeria del centre sanitari.<\/p>\n\n\n\n<p class=\"wp-block-paragraph\">A m\u00e9s, la iniciativa \u201cCampanes per la Salut\u201d inclou al seu torn un acompanyament musical diari als pacients oncol\u00f2gics hospitalitzats. \u201cDurant diverses hores al mat\u00ed, diversos m\u00fasics toquen per als pacients i els seus familiars fent-los m\u00e9s am\u00e9 el tractament i la seua estada hospital\u00e0ria. A m\u00e9s, en aquestes dates tan assenyalades, els pacients i professionals del nostre servei es mostren especialment agra\u00efts per aquest acompanyament\u201d, explica Teresa.<\/p>\n\n\n\n<p class=\"wp-block-paragraph\">Per a Guillermo Giner, president fundador de M\u00fasics per la Salut, enfrontar-se a un c\u00e0ncer espanta. Per aix\u00f2 pensa que el so de la campana \u00e9s la millor m\u00fasica, perqu\u00e8 expressa \u201cl&#8217;alegria que senten els pacients quan el tractament oncol\u00f2gic ha finalitzat\u201d.<\/p>\n","protected":false},"excerpt":{"rendered":"<div class=\"mh-excerpt\">Aquesta acci\u00f3 s&#8217;emmarca en el projecte \u201cCampanes per la Salut\u201d que es duu a terme amb la col\u00b7laboraci\u00f3 de la Fundaci\u00f3 M\u00fasics per la Salut La iniciativa cerca humanitzar els espais hospitalaris, aportant calidesa i <a class=\"mh-excerpt-more\" href=\"https:\/\/tucomarca.whitekongsoftware.com\/ca\/els-pacients-oncologics-de-lhospital-de-manises-donaran-la-campanada-que-celebra-la-seua-alta\/\" title=\"Els pacients oncol\u00f2gics de l&#8217;Hospital de Manises \u201cdonaran la campanada\u201d que celebra la seua alta\">[+] <\/a><\/div>\n","protected":false},"author":12,"featured_media":146401,"comment_status":"open","ping_status":"open","sticky":false,"template":"","format":"standard","meta":{"footnotes":""},"categories":[10892,11005,11010,10948,10894,10904,10931,10906,10896],"tags":[16092,11092,16093],"class_list":["post-146405","post","type-post","status-publish","format-standard","has-post-thumbnail","category-camp-de-turia-ca","category-canal-musica","category-canal-salud","category-infraestructuras-ca","category-la-comarca-ca","category-sin-categorizar-ca","category-loriguilla-ca","category-riba-roja-ca","category-seccion-ca","tag-fundacion-musicos-por-la-salud-ca","tag-hospital-de-manises-ca","tag-pacientes-de-cancer-ca"],"_links":{"self":[{"href":"https:\/\/tucomarca.whitekongsoftware.com\/ca\/wp-json\/wp\/v2\/posts\/146405","targetHints":{"allow":["GET"]}}],"collection":[{"href":"https:\/\/tucomarca.whitekongsoftware.com\/ca\/wp-json\/wp\/v2\/posts"}],"about":[{"href":"https:\/\/tucomarca.whitekongsoftware.com\/ca\/wp-json\/wp\/v2\/types\/post"}],"author":[{"embeddable":true,"href":"https:\/\/tucomarca.whitekongsoftware.com\/ca\/wp-json\/wp\/v2\/users\/12"}],"replies":[{"embeddable":true,"href":"https:\/\/tucomarca.whitekongsoftware.com\/ca\/wp-json\/wp\/v2\/comments?post=146405"}],"version-history":[{"count":0,"href":"https:\/\/tucomarca.whitekongsoftware.com\/ca\/wp-json\/wp\/v2\/posts\/146405\/revisions"}],"wp:featuredmedia":[{"embeddable":true,"href":"https:\/\/tucomarca.whitekongsoftware.com\/ca\/wp-json\/wp\/v2\/media\/146401"}],"wp:attachment":[{"href":"https:\/\/tucomarca.whitekongsoftware.com\/ca\/wp-json\/wp\/v2\/media?parent=146405"}],"wp:term":[{"taxonomy":"category","embeddable":true,"href":"https:\/\/tucomarca.whitekongsoftware.com\/ca\/wp-json\/wp\/v2\/categories?post=146405"},{"taxonomy":"post_tag","embeddable":true,"href":"https:\/\/tucomarca.whitekongsoftware.com\/ca\/wp-json\/wp\/v2\/tags?post=146405"}],"curies":[{"name":"wp","href":"https:\/\/api.w.org\/{rel}","templated":true}]}}