{"id":146391,"date":"2021-12-27T12:00:00","date_gmt":"2021-12-27T11:00:00","guid":{"rendered":"http:\/\/www.tucomarca.com\/wordpress\/segunda\/?p=146391"},"modified":"2021-12-28T14:58:05","modified_gmt":"2021-12-28T13:58:05","slug":"riba-roja-celebra-el-30-aniversari-del-conservatori-municipal-de-musica-pioner-al-camp-de-turia-amb-mes-de-3-000-alumnes-que-han-estudiat-a-les-seues-aules","status":"publish","type":"post","link":"https:\/\/tucomarca.whitekongsoftware.com\/ca\/riba-roja-celebra-el-30-aniversari-del-conservatori-municipal-de-musica-pioner-al-camp-de-turia-amb-mes-de-3-000-alumnes-que-han-estudiat-a-les-seues-aules\/","title":{"rendered":"Riba-roja celebra el 30 aniversari del Conservatori Municipal de M\u00fasica pioner al Camp de T\u00faria amb m\u00e9s de 3.000 alumnes que han estudiat a les seues aules"},"content":{"rendered":"\n<h4 class=\"wp-block-heading\">L&#8217;auditori de la Casa Cultura acull l&#8217;acte commemoratiu&nbsp;<\/h4>\n\n\n\n<figure class=\"wp-block-image size-large\"><img loading=\"lazy\" decoding=\"async\" width=\"1024\" height=\"498\" src=\"http:\/\/www.tucomarca.com\/wordpress\/segunda\/wp-content\/uploads\/2021\/12\/Ribaconservatori2-1024x498.jpg\" alt=\"\" class=\"wp-image-146384\" srcset=\"https:\/\/tucomarca.whitekongsoftware.com\/wp-content\/uploads\/2021\/12\/Ribaconservatori2-1024x498.jpg 1024w, https:\/\/tucomarca.whitekongsoftware.com\/wp-content\/uploads\/2021\/12\/Ribaconservatori2-300x146.jpg 300w, https:\/\/tucomarca.whitekongsoftware.com\/wp-content\/uploads\/2021\/12\/Ribaconservatori2-768x374.jpg 768w, https:\/\/tucomarca.whitekongsoftware.com\/wp-content\/uploads\/2021\/12\/Ribaconservatori2-1536x747.jpg 1536w, https:\/\/tucomarca.whitekongsoftware.com\/wp-content\/uploads\/2021\/12\/Ribaconservatori2.jpg 2048w\" sizes=\"auto, (max-width: 1024px) 100vw, 1024px\" \/><\/figure>\n\n\n\n<p class=\"wp-block-paragraph\">L&#8217;Ajuntament de Riba-roja de T\u00faria ha celebrat el 30 aniversari de la creaci\u00f3 del Conservatori Municipal de M\u00fasica de la localitat amb un acte en el qual s&#8217;ha reivindicat la labor educativa i cultural del centre al llarg d&#8217;aquest per\u00edode de temps. En l&#8217;acte han participat les persones que han contribu\u00eft a la millora del conservatori des de la seua creaci\u00f3.&nbsp;<\/p>\n\n\n\n<p class=\"wp-block-paragraph\">El Conservatori Professional Municipal de M\u00fasica de Riba-roja de T\u00faria es va gestar l&#8217;any 1990 i va ser el primer al Camp de T\u00faria a atendre la demanda existent a la comarca. L&#8217;any passat 2020 no es va poder celebrar l&#8217;acte commemoratiu a causa de la pand\u00e8mia provocada pel coronavirus i, per tant, es va ajornar a enguany, despr\u00e9s del proc\u00e9s de vacunaci\u00f3.&nbsp;<\/p>\n\n\n\n<p class=\"wp-block-paragraph\">Al voltant de 3.000 alumnes i alumnes de Riba-roja de T\u00faria han passat per les seues aules al llarg d&#8217;aquest per\u00edode de temps per a cursar els estudis de m\u00fasica en algunes de les 17 especialitzades autoritzades actualment. Els estudis que s&#8217;ofereixen a les seues aules comprenen els ensenyaments elementals per als alumnes d&#8217;entre els 8 i els 12 anys d&#8217;edat, que coincideixen amb els cursos educatius de tercer a sis\u00e9 de prim\u00e0ria.&nbsp;<\/p>\n\n\n\n<p class=\"wp-block-paragraph\">El Conservatori Municipal de M\u00fasica de Riba-roja de T\u00faria tamb\u00e9 ofereix els estudis professionals previstos per als alumnes d&#8217;entre 12 i 18 anys d&#8217;edat, \u00e9s a dir, per a aquells que cursen, actualment, els estudis educatius de secund\u00e0ria i batxillerat. El disseny de la formaci\u00f3 oficial musical es realitza, precisament, per a permetre una combinaci\u00f3 entre la m\u00fasica i els estudis.&nbsp;<\/p>\n\n\n\n<p class=\"wp-block-paragraph\">El concert commemoratiu va comptar amb la participaci\u00f3 de grups vocals, instrumentals i solistes d&#8217;ensenyaments elementals i professionals. A m\u00e9s, en el citat concert musical es va poder gaudir d&#8217;una actuaci\u00f3 de ex alumnes del conservatori de Riba-roja que van obtindre premi d&#8217;honor durant els cursos 19\/20 i 20\/21, un d&#8217;ells guardonat amb el Premi Auton\u00f2mic de la seua especialitat en 2021.&nbsp;<\/p>\n\n\n\n<p class=\"wp-block-paragraph\">A l&#8217;acte commemoratiu d&#8217;aquesta efem\u00e8ride estaven convidats els ex alcaldes de la localitat \u2013nom\u00e9s va acudir Joan Antoni Toledo- i els diversos regidors de Cultura que al llarg dels 30 anys des de la seua creaci\u00f3 han contribu\u00eft a la gesti\u00f3 i millora del conservatori que s&#8217;ha convertit en una refer\u00e8ncia a la comarca per l&#8217;exist\u00e8ncia dels graus elementals i professionals que es cursen a les seues aules actualment.&nbsp;<\/p>\n\n\n\n<p class=\"wp-block-paragraph\">L&#8217;equip de govern de Riba-roja de T\u00faria ha destacat l&#8217;enorme esfor\u00e7 econ\u00f2mic que suposa, anualment, el sosteniment del Conservatori Municipal de M\u00fasica amb un total de 1\u20194 milions d&#8217;euros, dels quals les arques municipals contribueixen amb entre un 65 o 70% cada any \u2013al voltant d&#8217;1 mili\u00f3 d&#8217;euros- mentre que els alumnes aporten 250.000 euros en concepte de taxes i, finalment, la conselleria de Cultura concedeix una subvenci\u00f3 de 130.000 euros a l&#8217;any.&nbsp;<\/p>\n\n\n\n<p class=\"wp-block-paragraph\">Precisament, el govern municipal de Riba-roja de T\u00faria ha reclamat a la Conselleria d&#8217;Educaci\u00f3 i Cultura una millora en el sistema de finan\u00e7ament del Conservatori Municipal de M\u00fasica amb l&#8217;entrada del mateix en la xarxa de Centres P\u00fablics de la Generalitat Valenciana per a alleujar a les arques municipals del pagament d&#8217;al voltant d&#8217;1 mili\u00f3 d&#8217;euros anuals.&nbsp;<\/p>\n\n\n\n<p class=\"wp-block-paragraph\">Actualment, el grau d&#8217;estudis de m\u00fasica elemental de Riba-roja de T\u00faria acull a un total de 126 alumnes mentre que en el grau professional reuneix altres 183 alumnes, de manera que es converteix en un dels centres amb un major nombre d&#8217;usuaris en l&#8217;\u00e0mbit de la Comunitat Valenciana. Augmentar l&#8217;ocupabilitat dels alumnes del conservatori constitueix un dels reptes del centre musical en el futur m\u00e9s immediat al costat de la modernitzaci\u00f3 de les instal\u00b7lacions.&nbsp;<\/p>\n\n\n\n<p class=\"wp-block-paragraph\">L&#8217;alcalde de Riba-roja de T\u00faria, Robert Raga, ha destacat \u201cla important labor que el conservatori de m\u00fasica ha exercit al llarg d&#8217;aquests 30 anys de vida no sols en la localitat sin\u00f3 tamb\u00e9 a la comarca i fins i tot en la Comunitat Valenciana en convertir-se en un s\u00edmbol per la qualitat i el nivell del professorat i dels m\u00fasics que acaben els seus estudis en el centre\u201d. Raga va agrair, a m\u00e9s, el treball \u201cde totes aquelles persones que han contribu\u00eft a la millora del conservatori des de la seua creaci\u00f3\u201d.<\/p>\n","protected":false},"excerpt":{"rendered":"<div class=\"mh-excerpt\">L&#8217;auditori de la Casa Cultura acull l&#8217;acte commemoratiu&nbsp; L&#8217;Ajuntament de Riba-roja de T\u00faria ha celebrat el 30 aniversari de la creaci\u00f3 del Conservatori Municipal de M\u00fasica de la localitat amb un acte en el qual <a class=\"mh-excerpt-more\" href=\"https:\/\/tucomarca.whitekongsoftware.com\/ca\/riba-roja-celebra-el-30-aniversari-del-conservatori-municipal-de-musica-pioner-al-camp-de-turia-amb-mes-de-3-000-alumnes-que-han-estudiat-a-les-seues-aules\/\" title=\"Riba-roja celebra el 30 aniversari del Conservatori Municipal de M\u00fasica pioner al Camp de T\u00faria amb m\u00e9s de 3.000 alumnes que han estudiat a les seues aules\">[+] <\/a><\/div>\n","protected":false},"author":12,"featured_media":146387,"comment_status":"open","ping_status":"open","sticky":false,"template":"","format":"standard","meta":{"footnotes":""},"categories":[10892,11005,10898,10948,10894,11007,10906,10896],"tags":[16088,10899,16089,15024],"class_list":["post-146391","post","type-post","status-publish","format-standard","has-post-thumbnail","category-camp-de-turia-ca","category-canal-musica","category-ventana-ca","category-infraestructuras-ca","category-la-comarca-ca","category-ocio-y-cultura-ca","category-riba-roja-ca","category-seccion-ca","tag-30-aniversario-ca","tag-camp-de-turia-ca","tag-conservatorio-municipal-ca","tag-riba-roja-de-turia-ca"],"_links":{"self":[{"href":"https:\/\/tucomarca.whitekongsoftware.com\/ca\/wp-json\/wp\/v2\/posts\/146391","targetHints":{"allow":["GET"]}}],"collection":[{"href":"https:\/\/tucomarca.whitekongsoftware.com\/ca\/wp-json\/wp\/v2\/posts"}],"about":[{"href":"https:\/\/tucomarca.whitekongsoftware.com\/ca\/wp-json\/wp\/v2\/types\/post"}],"author":[{"embeddable":true,"href":"https:\/\/tucomarca.whitekongsoftware.com\/ca\/wp-json\/wp\/v2\/users\/12"}],"replies":[{"embeddable":true,"href":"https:\/\/tucomarca.whitekongsoftware.com\/ca\/wp-json\/wp\/v2\/comments?post=146391"}],"version-history":[{"count":0,"href":"https:\/\/tucomarca.whitekongsoftware.com\/ca\/wp-json\/wp\/v2\/posts\/146391\/revisions"}],"wp:featuredmedia":[{"embeddable":true,"href":"https:\/\/tucomarca.whitekongsoftware.com\/ca\/wp-json\/wp\/v2\/media\/146387"}],"wp:attachment":[{"href":"https:\/\/tucomarca.whitekongsoftware.com\/ca\/wp-json\/wp\/v2\/media?parent=146391"}],"wp:term":[{"taxonomy":"category","embeddable":true,"href":"https:\/\/tucomarca.whitekongsoftware.com\/ca\/wp-json\/wp\/v2\/categories?post=146391"},{"taxonomy":"post_tag","embeddable":true,"href":"https:\/\/tucomarca.whitekongsoftware.com\/ca\/wp-json\/wp\/v2\/tags?post=146391"}],"curies":[{"name":"wp","href":"https:\/\/api.w.org\/{rel}","templated":true}]}}