{"id":146358,"date":"2021-12-23T14:00:00","date_gmt":"2021-12-23T13:00:00","guid":{"rendered":"http:\/\/www.tucomarca.com\/wordpress\/segunda\/?p=146358"},"modified":"2021-12-23T19:06:55","modified_gmt":"2021-12-23T18:06:55","slug":"xest-acull-un-taller-deducacio-ambiental-per-a-conscienciar-sobre-un-nadal-mes-sostenible","status":"publish","type":"post","link":"https:\/\/tucomarca.whitekongsoftware.com\/ca\/xest-acull-un-taller-deducacio-ambiental-per-a-conscienciar-sobre-un-nadal-mes-sostenible\/","title":{"rendered":"Xest acull un taller d&#8217;Educaci\u00f3 ambiental per a conscienciar sobre un Nadal m\u00e9s sostenible"},"content":{"rendered":"\n<p class=\"wp-block-paragraph\">Aquest mat\u00ed el parc de la Lomiquia ha acollit un taller d&#8217;adorns nadalencs sostenibles a c\u00e0rrec de les t\u00e8cniques de l&#8217;\u00e0rea de Medi Ambient de l&#8217;Ajuntament. Els xiquets i les xiquetes participants han recorregut el parc a la recerca dels materials que els han servit per a crear garlandes, rens i adorns per a l&#8217;arbre de Nadal, mentre se&#8217;ls explicava les caracter\u00edstiques de la vegetaci\u00f3 del parc.<\/p>\n\n\n\n<p class=\"wp-block-paragraph\">\u201cEls i les participants han apr\u00e9s sobre els arbres i plantes de la nostra zona, han donat curs a la seua imaginaci\u00f3 per a crear adorns respectuosos amb l&#8217;entorn i s&#8217;han conscienciat que no \u00e9s necessari comprar materials nous que no es poden reciclar i la fabricaci\u00f3 i el transport dels quals tenen un gran impacte negatiu en el Medi Ambient\u201d, explicava una de les t\u00e8cniques.<\/p>\n\n\n\n<p class=\"wp-block-paragraph\">En l&#8217;activitat s&#8217;han utilitzat pinyes, fulles i flors seques, baies, pals, rodanxes de taronja assecades al sol i restes de fusta de podes. D&#8217;acord amb aquesta iniciativa, la decoraci\u00f3 nadalenca del parc s&#8217;ha realitzat amb aquests mateixos materials i altres reutilitzats.<\/p>\n\n\n\n<p class=\"wp-block-paragraph\">\u201cHem posat en marxa aquesta iniciativa d&#8217;educaci\u00f3 ambiental aprofitant les dates nadalenques per a fer una mica de conscienciaci\u00f3 sobre la import\u00e0ncia de reutilitzar, aprofitar els recursos naturals i reduir el consum de pl\u00e0stic\u201d, apuntava David Pujals. \u201cEl millor marc per a aquesta iniciativa era el Parc de la Lomiquia, en el qual des de la regidoria de Medi Ambient s&#8217;estan duent a terme diferents projectes que quedaran finalitzats en el primer trimestre de l&#8217;any, com la pla\u00e7a de l&#8217;1 de maig, darrere de la caseta; el circuit d&#8217;educaci\u00f3 vi\u00e0ria, en la part baixa del parc, o el condicionament de l&#8217;\u00e0gora amb mobiliari fet a base de materials reciclats\u201d.<\/p>\n","protected":false},"excerpt":{"rendered":"<div class=\"mh-excerpt\">Aquest mat\u00ed el parc de la Lomiquia ha acollit un taller d&#8217;adorns nadalencs sostenibles a c\u00e0rrec de les t\u00e8cniques de l&#8217;\u00e0rea de Medi Ambient de l&#8217;Ajuntament. Els xiquets i les xiquetes participants han recorregut el <a class=\"mh-excerpt-more\" href=\"https:\/\/tucomarca.whitekongsoftware.com\/ca\/xest-acull-un-taller-deducacio-ambiental-per-a-conscienciar-sobre-un-nadal-mes-sostenible\/\" title=\"Xest acull un taller d&#8217;Educaci\u00f3 ambiental per a conscienciar sobre un Nadal m\u00e9s sostenible\">[+] <\/a><\/div>\n","protected":false},"author":12,"featured_media":146356,"comment_status":"open","ping_status":"open","sticky":false,"template":"","format":"standard","meta":{"footnotes":""},"categories":[12429,10894,10912,10903,10896,10974],"tags":[11071,12114,10914,12166],"class_list":["post-146358","post","type-post","status-publish","format-standard","has-post-thumbnail","category-educacion-seccion-ca","category-la-comarca-ca","category-la-hoya-ca","category-medio-ambiente-la-comarca-ca","category-seccion-ca","category-cheste-ca","tag-cheste","tag-educacion-ca","tag-la-hoya-de-bunol-chiva-ca","tag-medio-ambiente-ca"],"_links":{"self":[{"href":"https:\/\/tucomarca.whitekongsoftware.com\/ca\/wp-json\/wp\/v2\/posts\/146358","targetHints":{"allow":["GET"]}}],"collection":[{"href":"https:\/\/tucomarca.whitekongsoftware.com\/ca\/wp-json\/wp\/v2\/posts"}],"about":[{"href":"https:\/\/tucomarca.whitekongsoftware.com\/ca\/wp-json\/wp\/v2\/types\/post"}],"author":[{"embeddable":true,"href":"https:\/\/tucomarca.whitekongsoftware.com\/ca\/wp-json\/wp\/v2\/users\/12"}],"replies":[{"embeddable":true,"href":"https:\/\/tucomarca.whitekongsoftware.com\/ca\/wp-json\/wp\/v2\/comments?post=146358"}],"version-history":[{"count":0,"href":"https:\/\/tucomarca.whitekongsoftware.com\/ca\/wp-json\/wp\/v2\/posts\/146358\/revisions"}],"wp:featuredmedia":[{"embeddable":true,"href":"https:\/\/tucomarca.whitekongsoftware.com\/ca\/wp-json\/wp\/v2\/media\/146356"}],"wp:attachment":[{"href":"https:\/\/tucomarca.whitekongsoftware.com\/ca\/wp-json\/wp\/v2\/media?parent=146358"}],"wp:term":[{"taxonomy":"category","embeddable":true,"href":"https:\/\/tucomarca.whitekongsoftware.com\/ca\/wp-json\/wp\/v2\/categories?post=146358"},{"taxonomy":"post_tag","embeddable":true,"href":"https:\/\/tucomarca.whitekongsoftware.com\/ca\/wp-json\/wp\/v2\/tags?post=146358"}],"curies":[{"name":"wp","href":"https:\/\/api.w.org\/{rel}","templated":true}]}}