{"id":146350,"date":"2021-12-23T12:05:00","date_gmt":"2021-12-23T11:05:00","guid":{"rendered":"http:\/\/www.tucomarca.com\/wordpress\/segunda\/?p=146350"},"modified":"2021-12-23T18:55:31","modified_gmt":"2021-12-23T17:55:31","slug":"torna-evohe-el-festival-de-teatre-infantil-de-xest","status":"publish","type":"post","link":"https:\/\/tucomarca.whitekongsoftware.com\/ca\/torna-evohe-el-festival-de-teatre-infantil-de-xest\/","title":{"rendered":"Torna Evoh\u00e9, el Festival de Teatre Infantil de Xest"},"content":{"rendered":"\n<p class=\"wp-block-paragraph\">Dimarts que ve, 28 de desembre, es repr\u00e9n el Festival de Teatre Infantil de Xest, Evoh\u00e9, una iniciativa de la regidoria de Cultura per a acostar les arts esc\u00e8niques als xiquets i les xiquetes.&nbsp;<\/p>\n\n\n\n<p class=\"wp-block-paragraph\">Aquesta edici\u00f3 compta amb la col\u00b7laboraci\u00f3 de la regidoria de Joventut, \u00e0rea des de la qual s&#8217;ha programat el muntatge que obrir\u00e0 el cicle, el dimarts 28 de desembre, titulat Mandarina i els Pirates.<\/p>\n\n\n\n<p class=\"wp-block-paragraph\">El festival comptar\u00e0 amb tres obres m\u00e9s, oferides per companyies professionals: Tempus, el 4 de gener; Mari Pompes, que ser\u00e0 el 8 de gener; i La clau m\u00e0gica, programada per al 15 de gener. Totes les obres tindran lloc en el teatre Liceu a les 18.30 i les entrades estaran en venda anticipada en els quioscos de la localitat i en www.agendacheste.com.&nbsp;<\/p>\n\n\n\n<p class=\"wp-block-paragraph\"><strong>Preus<\/strong><\/p>\n\n\n\n<ul class=\"wp-block-list\"><li>Persones adultes \u00b7 4 euros<\/li><li>Infantils \u00b7 2 euros<\/li><\/ul>\n","protected":false},"excerpt":{"rendered":"<div class=\"mh-excerpt\">Dimarts que ve, 28 de desembre, es repr\u00e9n el Festival de Teatre Infantil de Xest, Evoh\u00e9, una iniciativa de la regidoria de Cultura per a acostar les arts esc\u00e8niques als xiquets i les xiquetes.&nbsp; Aquesta <a class=\"mh-excerpt-more\" href=\"https:\/\/tucomarca.whitekongsoftware.com\/ca\/torna-evohe-el-festival-de-teatre-infantil-de-xest\/\" title=\"Torna Evoh\u00e9, el Festival de Teatre Infantil de Xest\">[+] <\/a><\/div>\n","protected":false},"author":12,"featured_media":146353,"comment_status":"open","ping_status":"open","sticky":false,"template":"","format":"standard","meta":{"footnotes":""},"categories":[11019,12429,10894,10912,11007,10896,10974],"tags":[11071,16085,10914],"class_list":["post-146350","post","type-post","status-publish","format-standard","has-post-thumbnail","category-agenda-ca","category-educacion-seccion-ca","category-la-comarca-ca","category-la-hoya-ca","category-ocio-y-cultura-ca","category-seccion-ca","category-cheste-ca","tag-cheste","tag-cultural-ca","tag-la-hoya-de-bunol-chiva-ca"],"_links":{"self":[{"href":"https:\/\/tucomarca.whitekongsoftware.com\/ca\/wp-json\/wp\/v2\/posts\/146350","targetHints":{"allow":["GET"]}}],"collection":[{"href":"https:\/\/tucomarca.whitekongsoftware.com\/ca\/wp-json\/wp\/v2\/posts"}],"about":[{"href":"https:\/\/tucomarca.whitekongsoftware.com\/ca\/wp-json\/wp\/v2\/types\/post"}],"author":[{"embeddable":true,"href":"https:\/\/tucomarca.whitekongsoftware.com\/ca\/wp-json\/wp\/v2\/users\/12"}],"replies":[{"embeddable":true,"href":"https:\/\/tucomarca.whitekongsoftware.com\/ca\/wp-json\/wp\/v2\/comments?post=146350"}],"version-history":[{"count":0,"href":"https:\/\/tucomarca.whitekongsoftware.com\/ca\/wp-json\/wp\/v2\/posts\/146350\/revisions"}],"wp:featuredmedia":[{"embeddable":true,"href":"https:\/\/tucomarca.whitekongsoftware.com\/ca\/wp-json\/wp\/v2\/media\/146353"}],"wp:attachment":[{"href":"https:\/\/tucomarca.whitekongsoftware.com\/ca\/wp-json\/wp\/v2\/media?parent=146350"}],"wp:term":[{"taxonomy":"category","embeddable":true,"href":"https:\/\/tucomarca.whitekongsoftware.com\/ca\/wp-json\/wp\/v2\/categories?post=146350"},{"taxonomy":"post_tag","embeddable":true,"href":"https:\/\/tucomarca.whitekongsoftware.com\/ca\/wp-json\/wp\/v2\/tags?post=146350"}],"curies":[{"name":"wp","href":"https:\/\/api.w.org\/{rel}","templated":true}]}}