{"id":146336,"date":"2021-12-23T09:00:00","date_gmt":"2021-12-23T08:00:00","guid":{"rendered":"http:\/\/www.tucomarca.com\/wordpress\/segunda\/?p=146336"},"modified":"2021-12-23T19:05:02","modified_gmt":"2021-12-23T18:05:02","slug":"ximo-puig-anuncia-que-el-personal-educatiu-de-collegis-i-instituts-rebra-la-dosi-de-reforc-abans-del-10-de-gener-i-que-les-majors-de-60-anys-la-tindran-abans-de-final-dany","status":"publish","type":"post","link":"https:\/\/tucomarca.whitekongsoftware.com\/ca\/ximo-puig-anuncia-que-el-personal-educatiu-de-collegis-i-instituts-rebra-la-dosi-de-reforc-abans-del-10-de-gener-i-que-les-majors-de-60-anys-la-tindran-abans-de-final-dany\/","title":{"rendered":"Ximo Puig anuncia que el personal educatiu de col\u00b7legis i instituts rebr\u00e0 la dosi de refor\u00e7 abans del 10 de gener i que les majors de 60 anys la tindran abans de final d&#8217;any"},"content":{"rendered":"\n<h4 class=\"wp-block-heading\">El president ha demanat en la XXV Confer\u00e8ncia de Presidents i Presidentes accelerar al m\u00e0xim la vacunaci\u00f3, a m\u00e9s d&#8217;exigir l&#8217;\u00fas de la m\u00e0scara en exteriors i estendre el passaport COVID<\/h4>\n\n\n\n<h4 class=\"wp-block-heading\">Ha sol\u00b7licitat tamb\u00e9 facilitar l&#8217;acc\u00e9s als test per a descongestionar l&#8217;atenci\u00f3 prim\u00e0ria, limitar les festes de Cap d&#8217;any i pactar un marc com\u00fa sobre quarantenes i recomanacions davant reunions socials<\/h4>\n\n\n\n<h4 class=\"wp-block-heading\">El cap del Consell ha resumit l&#8217;estrat\u00e8gia a seguir en tres paraules: &#8220;vacunaci\u00f3, protecci\u00f3 i corresponsabilitat&#8221;<\/h4>\n\n\n\n<h4 class=\"wp-block-heading\">&#8220;M\u00e9s que mesures de restricci\u00f3 pr\u00f2pies del 2020, la Comunitat Valenciana defensa mesures de protecci\u00f3 pr\u00f2pies del 2022&#8221; per a mantindre la &#8220;complicitat social&#8221;, assenyala<\/h4>\n\n\n\n<p class=\"wp-block-paragraph\">El president de la Generalitat, Ximo Puig, ha anunciat que tot el personal educatiu d&#8217;Infantil, Prim\u00e0ria i Secund\u00e0ria de la Comunitat Valenciana, vacunat en el seu moment amb Astrazeneca, rebran la dosi de refor\u00e7 abans de tornar a les aules el 10 de gener i que totes les persones majors de 60 anys hauran rebut aquesta tercera dosi abans de final d&#8217;any.<\/p>\n\n\n\n<p class=\"wp-block-paragraph\">Aix\u00ed ho ha explicat despr\u00e9s d&#8217;assistir telem\u00e0ticament a la XXV Confer\u00e8ncia de Presidentes i Presidents Auton\u00f2mics, en la qual el president ha proposat accelerar al m\u00e0xim la vacunaci\u00f3 com a &#8220;vector fonamental&#8221; per a actuar davant l&#8217;evoluci\u00f3 de la pand\u00e8mia.<\/p>\n\n\n\n<p class=\"wp-block-paragraph\">El president ha subratllat que la reuni\u00f3 ha perm\u00e9s constatar que &#8220;tots els territoris afronten la sisena ona amb gran preocupaci\u00f3 i amb una prioritat: intensificar la protecci\u00f3 de la salut accelerant al m\u00e0xim la vacunaci\u00f3&#8221;. &#8220;Sens dubte, vivim un moment molt complex&#8221;, que en la Comunitat Valenciana s&#8217;encara amb l&#8217;objectiu de &#8220;evitar una doble saturaci\u00f3: la saturaci\u00f3 hospital\u00e0ria i la saturaci\u00f3 emocional&#8221; de la ciutadania, tot aix\u00f2 &#8220;mentre la pressi\u00f3 hospital\u00e0ria ho permeta i siga possible&#8221;.<\/p>\n\n\n\n<p class=\"wp-block-paragraph\">En aquest punt, ha insistit que &#8220;no estem igual que fa un any&#8221;, perqu\u00e8 l&#8217;esfor\u00e7 ciutad\u00e0 &#8220;s\u00ed ha tingut resultats&#8221;. &#8220;Amb la mateixa incid\u00e8ncia actual a Espanya, fa 11 mesos ten\u00edem el triple d&#8217;hospitalitzats que ara, ten\u00edem el doble de pacients cr\u00edtics que ara i ten\u00edem una mortalitat molt superior, un 80% m\u00e9s&#8221;, ha argumentat.<\/p>\n\n\n\n<p class=\"wp-block-paragraph\">Per al president, &#8220;arribar al 94% de vacunaci\u00f3 en la Comunitat Valenciana ha tingut una gran recompensa, individual i col\u00b7lectiva&#8221;, i, per aqueixa ra\u00f3, &#8220;la resposta hui ha de ser diferent; perqu\u00e8 tamb\u00e9 la situaci\u00f3 \u00e9s diferent gr\u00e0cies a la gran vacunaci\u00f3, especialment, en les persones m\u00e9s majors&#8221;.<\/p>\n\n\n\n<p class=\"wp-block-paragraph\"><strong>&#8220;Vacunaci\u00f3, protecci\u00f3 i corresponsabilitat&#8221;<\/strong><\/p>\n\n\n\n<p class=\"wp-block-paragraph\">Aix\u00ed doncs, &#8220;m\u00e9s que mesures de restricci\u00f3 pr\u00f2pies del 2020, la Comunitat Valenciana defensa mesures de protecci\u00f3 pr\u00f2pies del 2022&#8221; per a &#8220;mantindre sempre la complicitat social amb la ciutadania&#8221;, ha defensat Puig, que ha resumit l&#8217;estrat\u00e8gia a seguir en tres paraules: &#8220;vacunaci\u00f3, protecci\u00f3 i corresponsabilitat&#8221;.<\/p>\n\n\n\n<p class=\"wp-block-paragraph\">Aquestes tres vies passen per &#8220;intensificar la vacunaci\u00f3 amb les dosis que siguen necess\u00e0ries, persistir amb mesures no invasives per a protegir la salut i complementar amb mesures de suport al benestar emocional, social i econ\u00f2mic en forma d&#8217;ajudes i refor\u00e7 dels serveis p\u00fablics&#8221;, tot aix\u00f2 &#8220;sempre que la tensi\u00f3 hospital\u00e0ria ens ho permeta, i sent din\u00e0mics en funci\u00f3 del canvi d&#8217;escenari&#8221;, ha precisat.<\/p>\n\n\n\n<p class=\"wp-block-paragraph\">Seguint aquest plantejament, el president ha proposat al Govern i a la resta de comunitats sis mesures, algunes de les quals s&#8217;aprovaran aquest dijous en un Consell de Ministres extraordinari. La primera d&#8217;elles \u00e9s l&#8217;\u00fas obligatori de la m\u00e0scara en exteriors de manera temporal i amb tres excepcions: \u00e0mbit rural, espais naturals i pr\u00e0ctica esportiva en l&#8217;exterior.<\/p>\n\n\n\n<p class=\"wp-block-paragraph\">A m\u00e9s, ha proposat la implantaci\u00f3 del passaport COVID en tota Espanya per a aconseguir espais m\u00e9s segurs i motivar als reticents a vacunar-se. Amb aquesta via, la Comunitat Valenciana ha aconseguit quintuplicar les primeres dosis administrades amb un &#8220;efecte anomenada&#8221; a la vacunaci\u00f3.<\/p>\n\n\n\n<p class=\"wp-block-paragraph\">Aix\u00ed mateix, ha demanat accelerar al m\u00e0xim la vacunaci\u00f3 com a vector fonamental. Ha recordat que la Comunitat Valenciana impulsa el pla de vacunaci\u00f3 expressa amb 47 nous punts de vacunaci\u00f3 estable i 146 equips. Aquest mateix dimecres ja s&#8217;ha comen\u00e7at a citar a persones per a la dosi de refor\u00e7 en aquests punts.<\/p>\n\n\n\n<p class=\"wp-block-paragraph\">Aix\u00ed mateix, ha demanat facilitar el testatge de casos per a descongestionar l&#8217;Atenci\u00f3 Prim\u00e0ria, limitar les festes de Cap d&#8217;any i esdeveniments massius com a mesura de corresponsabilitat davant una situaci\u00f3 tan complexa com l&#8217;actual i pactar entre tots els territoris un marc com\u00fa referent a com es compleixen les quarantenes.<\/p>\n\n\n\n<p class=\"wp-block-paragraph\">Tamb\u00e9 s&#8217;ha mostrat partidari d&#8217;unificar recomanacions respecte a les trobades familiars d&#8217;aquestes festes, com limitar les trobades familiars a un m\u00e0xim de 10 persones, no assistir a cap reuni\u00f3 familiar si hi ha s\u00edmptomes, preservar la quarantena o l&#8217;a\u00efllament a qui li corresponga, prescindir d&#8217;aquelles trobades innecess\u00e0ries.<\/p>\n\n\n\n<p class=\"wp-block-paragraph\"><\/p>\n","protected":false},"excerpt":{"rendered":"<div class=\"mh-excerpt\">El president ha demanat en la XXV Confer\u00e8ncia de Presidents i Presidentes accelerar al m\u00e0xim la vacunaci\u00f3, a m\u00e9s d&#8217;exigir l&#8217;\u00fas de la m\u00e0scara en exteriors i estendre el passaport COVID Ha sol\u00b7licitat tamb\u00e9 facilitar <a class=\"mh-excerpt-more\" href=\"https:\/\/tucomarca.whitekongsoftware.com\/ca\/ximo-puig-anuncia-que-el-personal-educatiu-de-collegis-i-instituts-rebra-la-dosi-de-reforc-abans-del-10-de-gener-i-que-les-majors-de-60-anys-la-tindran-abans-de-final-dany\/\" title=\"Ximo Puig anuncia que el personal educatiu de col\u00b7legis i instituts rebr\u00e0 la dosi de refor\u00e7 abans del 10 de gener i que les majors de 60 anys la tindran abans de final d&#8217;any\">[+] <\/a><\/div>\n","protected":false},"author":12,"featured_media":130334,"comment_status":"open","ping_status":"open","sticky":false,"template":"","format":"standard","meta":{"footnotes":""},"categories":[11010,12202,10898,10948,10894,10904,10903,10947,10896,10897],"tags":[12165,11939,11940,16084,13499],"class_list":["post-146336","post","type-post","status-publish","format-standard","has-post-thumbnail","category-canal-salud","category-covid-19-ca","category-ventana-ca","category-infraestructuras-ca","category-la-comarca-ca","category-sin-categorizar-ca","category-medio-ambiente-la-comarca-ca","category-politica","category-seccion-ca","category-sucesos-la-comarca-ca","tag-conselleria-de-sanitat-ca","tag-coronavirus-ca","tag-covid-19-ca","tag-tercera-dosis-ca","tag-vacuna-covid-ca"],"_links":{"self":[{"href":"https:\/\/tucomarca.whitekongsoftware.com\/ca\/wp-json\/wp\/v2\/posts\/146336","targetHints":{"allow":["GET"]}}],"collection":[{"href":"https:\/\/tucomarca.whitekongsoftware.com\/ca\/wp-json\/wp\/v2\/posts"}],"about":[{"href":"https:\/\/tucomarca.whitekongsoftware.com\/ca\/wp-json\/wp\/v2\/types\/post"}],"author":[{"embeddable":true,"href":"https:\/\/tucomarca.whitekongsoftware.com\/ca\/wp-json\/wp\/v2\/users\/12"}],"replies":[{"embeddable":true,"href":"https:\/\/tucomarca.whitekongsoftware.com\/ca\/wp-json\/wp\/v2\/comments?post=146336"}],"version-history":[{"count":0,"href":"https:\/\/tucomarca.whitekongsoftware.com\/ca\/wp-json\/wp\/v2\/posts\/146336\/revisions"}],"wp:featuredmedia":[{"embeddable":true,"href":"https:\/\/tucomarca.whitekongsoftware.com\/ca\/wp-json\/wp\/v2\/media\/130334"}],"wp:attachment":[{"href":"https:\/\/tucomarca.whitekongsoftware.com\/ca\/wp-json\/wp\/v2\/media?parent=146336"}],"wp:term":[{"taxonomy":"category","embeddable":true,"href":"https:\/\/tucomarca.whitekongsoftware.com\/ca\/wp-json\/wp\/v2\/categories?post=146336"},{"taxonomy":"post_tag","embeddable":true,"href":"https:\/\/tucomarca.whitekongsoftware.com\/ca\/wp-json\/wp\/v2\/tags?post=146336"}],"curies":[{"name":"wp","href":"https:\/\/api.w.org\/{rel}","templated":true}]}}