{"id":146324,"date":"2021-12-22T12:58:00","date_gmt":"2021-12-22T11:58:00","guid":{"rendered":"http:\/\/www.tucomarca.com\/wordpress\/segunda\/?p=146324"},"modified":"2021-12-23T11:18:20","modified_gmt":"2021-12-23T10:18:20","slug":"riba-roja-registra-una-rebaixa-de-92-persones-en-les-llistes-de-latur-al-novembre-i-aconsegueix-els-2-506-contractes-laborals","status":"publish","type":"post","link":"https:\/\/tucomarca.whitekongsoftware.com\/ca\/riba-roja-registra-una-rebaixa-de-92-persones-en-les-llistes-de-latur-al-novembre-i-aconsegueix-els-2-506-contractes-laborals\/","title":{"rendered":"Riba-roja registra una rebaixa de 92 persones en les llistes de l&#8217;atur al novembre i aconsegueix els 2.506 contractes laborals"},"content":{"rendered":"\n<h4 class=\"wp-block-heading\">L&#8217;evoluci\u00f3 experimenta un descens del 5\u20194% en aquest per\u00edode&nbsp;<\/h4>\n\n\n\n<p class=\"wp-block-paragraph\">Les llistes de l&#8217;atur a Riba-roja de T\u00faria s&#8217;han redu\u00eft en un 5\u20194% en passar dels 1.715 aturats a l&#8217;octubre als 1.623 del passat mes de novembre, \u00e9s a dir, 92 persones han trobat un lloc de treball en el citat per\u00edode de temps. A m\u00e9s, el nivell de contractaci\u00f3 ha seguit l&#8217;evoluci\u00f3 dels \u00faltims mesos d&#8217;enguany en registrar 2.506 contractes al novembre.<\/p>\n\n\n\n<p class=\"wp-block-paragraph\">La creaci\u00f3 d&#8217;ocupaci\u00f3 a Riba-roja de T\u00faria \u00e9s una realitat en la localitat ja que al novembre 55 dones i 37 homes van trobar un lloc de treball de novembre i que corroboren les dades des d&#8217;agost passat, en passar de 1.722 de l&#8217;estiu passat als 1.623 de l&#8217;actualitat. Des de principis d&#8217;any s&#8217;han creat fins a 99 ocupacions ja que al gener les llistes de la desocupaci\u00f3 eren de 1.712 persones.&nbsp;<\/p>\n\n\n\n<p class=\"wp-block-paragraph\">Les xifres facilitades per Labora, el servei d&#8217;ocupaci\u00f3 i formaci\u00f3 de la Generalitat Valenciana, constaten que dels 1.623 aturats un total de 40 pertanyen al sector de l&#8217;agricultura, altres 125 corresponen a la construcci\u00f3, altres 222 s\u00f3n del sector de la ind\u00fastria i 1.177 estan adscrits als serveis. D&#8217;altra banda, les restants 59 sense una ocupaci\u00f3 manquen d&#8217;una activitat econ\u00f2mica determinada.&nbsp;<\/p>\n\n\n\n<p class=\"wp-block-paragraph\">Per activitat econ\u00f2mica, cal destacar que dels 1.623 aturats de Riba-roja de T\u00faria hi ha un total de 262 que pertanyen a les activitats administratives i serveis auxiliars, altres 212 del comer\u00e7 a l&#8217;engr\u00f2s i al detall amb reparaci\u00f3 de vehicles de motor i motocicletes, altres 210 de la ind\u00fastria manufacturera, 143 de les activitats professionals, cient\u00edfiques i t\u00e8cniques, 136 pertanyents a l&#8217;administraci\u00f3 p\u00fablica i, finalment, 125 de la construcci\u00f3.&nbsp;<\/p>\n\n\n\n<p class=\"wp-block-paragraph\">Per grups d&#8217;edat, sobre la xifra total d&#8217;aturats hi ha 157 que tenen menys de 25 anys, altres 590 aturats tenen entre 25 i 44 anys i, finalment, els restants 876 tenen m\u00e9s de 44 anys d&#8217;edat. Per grups d&#8217;edat i sexe, el m\u00e9s nombr\u00f3s s\u00f3n les dones de m\u00e9s de 44 anys amb un total de 542, altres 379 \u00e9s el grup de dones d&#8217;entre 25 i 44 anys, el grup d&#8217;homes de m\u00e9s de 44 anys li segueix amb 334 en total i els homes d&#8217;entre 25 i 44 anys amb 211 en total completa la llista.&nbsp;<\/p>\n\n\n\n<p class=\"wp-block-paragraph\">Per grups d&#8217;ocupaci\u00f3, una majoria sobre el total est\u00e0 relacionat amb les ocupacions elementals -451 persones-, altres 363 s\u00f3n treballadors dels serveis de restauraci\u00f3, personals protecci\u00f3 i venedors, 212 aturats s\u00f3n emprats comptables, administratius i altres ocupacions d&#8217;oficina, 201 s\u00f3n artesans i treballadors qualificats de les ind\u00fastries manufactureres i de la construcci\u00f3 mentre que 131 s\u00f3n t\u00e8cnics i professionals de suport i 117 s\u00f3n t\u00e8cnics i professionals, cient\u00edfics i intel\u00b7lectuals.&nbsp;<\/p>\n\n\n\n<p class=\"wp-block-paragraph\">Quant al nivell formatiu dels demandants d&#8217;ocupaci\u00f3, un total de 545 corresponen a la primera etapa d&#8217;educaci\u00f3 secund\u00e0ria sense t\u00edtol de graduat escolar o equivalent, altres 459 s\u00f3n de la mateixa etapa, encara que s\u00ed que disposen del t\u00edtol, 135 han acabat l&#8217;ensenyament en grau mitj\u00e0 de formaci\u00f3 professional, espec\u00edfica, arts pl\u00e0stiques i disseny, 109 han finalitzat els estudis de batxillerat i 108 han concl\u00f2s els ensenyaments de grau superior de formaci\u00f3 professional, arts pl\u00e0stiques i disseny, mentre que 89 disposen d&#8217;estudis primaris complets.&nbsp;<\/p>\n\n\n\n<p class=\"wp-block-paragraph\">D&#8217;altra banda, el registre de contractes laborals ha sumat altres 2.506 al novembre, dels 927 s\u00f3n homes d&#8217;entre 25 i 44 anys, 503 dones en el mateix tram d&#8217;edat, 415 homes majors de 44 anys i 341 homes menors de 25 anys. La majoria de contractacions s&#8217;han realitzat en el sector serveis amb 1.935 en total, ors 481 en ind\u00fastries, 86 en la construcci\u00f3 i 4 en l&#8217;agricultura. Un total de 1.211 contractes s\u00f3n d&#8217;ocupacions elementals.&nbsp;<\/p>\n\n\n\n<p class=\"wp-block-paragraph\">L&#8217;alcalde de Riba-roja de T\u00faria, Robert Raga, ha afirmat que aquestes xifres \u201cmarquen una tend\u00e8ncia a la baixa des del passat estiu, per\u00f2 cal continuar treballant amb la mateixa obstinaci\u00f3 i esfor\u00e7 per a aconseguir unes xifres de desocupaci\u00f3 menors en el nostre municipi, amb un suport constant al nostre teixit econ\u00f2mic i productiu i una major formaci\u00f3 dels aturats\u201d.<\/p>\n\n\n\n<p class=\"wp-block-paragraph\"><\/p>\n","protected":false},"excerpt":{"rendered":"<div class=\"mh-excerpt\">L&#8217;evoluci\u00f3 experimenta un descens del 5\u20194% en aquest per\u00edode&nbsp; Les llistes de l&#8217;atur a Riba-roja de T\u00faria s&#8217;han redu\u00eft en un 5\u20194% en passar dels 1.715 aturats a l&#8217;octubre als 1.623 del passat mes de <a class=\"mh-excerpt-more\" href=\"https:\/\/tucomarca.whitekongsoftware.com\/ca\/riba-roja-registra-una-rebaixa-de-92-persones-en-les-llistes-de-latur-al-novembre-i-aconsegueix-els-2-506-contractes-laborals\/\" title=\"Riba-roja registra una rebaixa de 92 persones en les llistes de l&#8217;atur al novembre i aconsegueix els 2.506 contractes laborals\">[+] <\/a><\/div>\n","protected":false},"author":12,"featured_media":126424,"comment_status":"open","ping_status":"open","sticky":false,"template":"","format":"standard","meta":{"footnotes":""},"categories":[10892,10894,10947,10906,10896],"tags":[10899,15088,15024],"class_list":["post-146324","post","type-post","status-publish","format-standard","has-post-thumbnail","category-camp-de-turia-ca","category-la-comarca-ca","category-politica","category-riba-roja-ca","category-seccion-ca","tag-camp-de-turia-ca","tag-contratos-laborales-ca","tag-riba-roja-de-turia-ca"],"_links":{"self":[{"href":"https:\/\/tucomarca.whitekongsoftware.com\/ca\/wp-json\/wp\/v2\/posts\/146324","targetHints":{"allow":["GET"]}}],"collection":[{"href":"https:\/\/tucomarca.whitekongsoftware.com\/ca\/wp-json\/wp\/v2\/posts"}],"about":[{"href":"https:\/\/tucomarca.whitekongsoftware.com\/ca\/wp-json\/wp\/v2\/types\/post"}],"author":[{"embeddable":true,"href":"https:\/\/tucomarca.whitekongsoftware.com\/ca\/wp-json\/wp\/v2\/users\/12"}],"replies":[{"embeddable":true,"href":"https:\/\/tucomarca.whitekongsoftware.com\/ca\/wp-json\/wp\/v2\/comments?post=146324"}],"version-history":[{"count":0,"href":"https:\/\/tucomarca.whitekongsoftware.com\/ca\/wp-json\/wp\/v2\/posts\/146324\/revisions"}],"wp:featuredmedia":[{"embeddable":true,"href":"https:\/\/tucomarca.whitekongsoftware.com\/ca\/wp-json\/wp\/v2\/media\/126424"}],"wp:attachment":[{"href":"https:\/\/tucomarca.whitekongsoftware.com\/ca\/wp-json\/wp\/v2\/media?parent=146324"}],"wp:term":[{"taxonomy":"category","embeddable":true,"href":"https:\/\/tucomarca.whitekongsoftware.com\/ca\/wp-json\/wp\/v2\/categories?post=146324"},{"taxonomy":"post_tag","embeddable":true,"href":"https:\/\/tucomarca.whitekongsoftware.com\/ca\/wp-json\/wp\/v2\/tags?post=146324"}],"curies":[{"name":"wp","href":"https:\/\/api.w.org\/{rel}","templated":true}]}}