{"id":146303,"date":"2021-12-22T20:00:00","date_gmt":"2021-12-22T19:00:00","guid":{"rendered":"http:\/\/www.tucomarca.com\/wordpress\/segunda\/la-hoya-registra-125-casos-de-covid-desde-la-ultima-actualizacion-de-sanidad\/"},"modified":"2021-12-23T10:17:59","modified_gmt":"2021-12-23T09:17:59","slug":"la-hoya-registra-125-casos-de-covid-desde-la-ultima-actualizacion-de-sanidad","status":"publish","type":"post","link":"https:\/\/tucomarca.whitekongsoftware.com\/ca\/la-hoya-registra-125-casos-de-covid-desde-la-ultima-actualizacion-de-sanidad\/","title":{"rendered":"La Foia registra 125 casos de Covid des de l&#8217;\u00faltima actualitzaci\u00f3 de Sanitat"},"content":{"rendered":"\n<p class=\"wp-block-paragraph\">La Foia de Bunyol-Xiva est\u00e0 registrant una pujada important de casos de Covid des que l&#8217;aplicaci\u00f3 de Conselleria de Sanitat s&#8217;actualitz\u00e9s aquest passat dimarts.<\/p>\n\n\n\n<p class=\"wp-block-paragraph\">La comarca es veu afectada, de moment, amb 44 casos a Xiva, 40 a Bunyol, 31 a Xest, 5 casos a I\u00e0tova, 3 a Alboraig, 1 a Macastre, 1 a Dosaig\u00fces i cap cas a Cortes de Pallars.<\/p>\n\n\n\n<p class=\"wp-block-paragraph\">La Conselleria de Sanitat ja est\u00e0 avisant als majors de 50 a 60 anys per a inocular la tercera dosi de la vacuna.<\/p>\n","protected":false},"excerpt":{"rendered":"<div class=\"mh-excerpt\">La Foia de Bunyol-Xiva est\u00e0 registrant una pujada important de casos de Covid des que l&#8217;aplicaci\u00f3 de Conselleria de Sanitat s&#8217;actualitz\u00e9s aquest passat dimarts. La comarca es veu afectada, de moment, amb 44 casos a <a class=\"mh-excerpt-more\" href=\"https:\/\/tucomarca.whitekongsoftware.com\/ca\/la-hoya-registra-125-casos-de-covid-desde-la-ultima-actualizacion-de-sanidad\/\" title=\"La Foia registra 125 casos de Covid des de l&#8217;\u00faltima actualitzaci\u00f3 de Sanitat\">[+] <\/a><\/div>\n","protected":false},"author":12,"featured_media":146300,"comment_status":"open","ping_status":"open","sticky":false,"template":"","format":"standard","meta":{"footnotes":""},"categories":[10973,10911,11010,12202,10976,10898,10977,10980,10948,10894,10904,10912,10978,10903,10947,10896,10979,10897,10974,10975],"tags":[11939,11940,13477,10914,13963],"class_list":["post-146303","post","type-post","status-publish","format-standard","has-post-thumbnail","category-alborache-ca","category-bunol-ca","category-canal-salud","category-covid-19-ca","category-dos-aguas-ca","category-ventana-ca","category-godelleta-ca","category-yatova-ca","category-infraestructuras-ca","category-la-comarca-ca","category-sin-categorizar-ca","category-la-hoya-ca","category-macastre-ca","category-medio-ambiente-la-comarca-ca","category-politica","category-seccion-ca","category-siete-aguas-ca","category-sucesos-la-comarca-ca","category-cheste-ca","category-chiva-ca","tag-coronavirus-ca","tag-covid-19-ca","tag-datos-de-contagios-ca","tag-la-hoya-de-bunol-chiva-ca","tag-vacunacion-ca"],"_links":{"self":[{"href":"https:\/\/tucomarca.whitekongsoftware.com\/ca\/wp-json\/wp\/v2\/posts\/146303","targetHints":{"allow":["GET"]}}],"collection":[{"href":"https:\/\/tucomarca.whitekongsoftware.com\/ca\/wp-json\/wp\/v2\/posts"}],"about":[{"href":"https:\/\/tucomarca.whitekongsoftware.com\/ca\/wp-json\/wp\/v2\/types\/post"}],"author":[{"embeddable":true,"href":"https:\/\/tucomarca.whitekongsoftware.com\/ca\/wp-json\/wp\/v2\/users\/12"}],"replies":[{"embeddable":true,"href":"https:\/\/tucomarca.whitekongsoftware.com\/ca\/wp-json\/wp\/v2\/comments?post=146303"}],"version-history":[{"count":0,"href":"https:\/\/tucomarca.whitekongsoftware.com\/ca\/wp-json\/wp\/v2\/posts\/146303\/revisions"}],"wp:featuredmedia":[{"embeddable":true,"href":"https:\/\/tucomarca.whitekongsoftware.com\/ca\/wp-json\/wp\/v2\/media\/146300"}],"wp:attachment":[{"href":"https:\/\/tucomarca.whitekongsoftware.com\/ca\/wp-json\/wp\/v2\/media?parent=146303"}],"wp:term":[{"taxonomy":"category","embeddable":true,"href":"https:\/\/tucomarca.whitekongsoftware.com\/ca\/wp-json\/wp\/v2\/categories?post=146303"},{"taxonomy":"post_tag","embeddable":true,"href":"https:\/\/tucomarca.whitekongsoftware.com\/ca\/wp-json\/wp\/v2\/tags?post=146303"}],"curies":[{"name":"wp","href":"https:\/\/api.w.org\/{rel}","templated":true}]}}