{"id":146214,"date":"2021-12-21T11:00:00","date_gmt":"2021-12-21T10:00:00","guid":{"rendered":"http:\/\/www.tucomarca.com\/wordpress\/segunda\/?p=146214"},"modified":"2021-12-22T10:42:58","modified_gmt":"2021-12-22T09:42:58","slug":"riba-roja-aprova-el-pla-de-la-infancia-i-ladolescencia-per-a-donar-major-presencia-i-participacio-als-menors-de-18-anys-en-la-vida-publica-de-la-localitat","status":"publish","type":"post","link":"https:\/\/tucomarca.whitekongsoftware.com\/ca\/riba-roja-aprova-el-pla-de-la-infancia-i-ladolescencia-per-a-donar-major-presencia-i-participacio-als-menors-de-18-anys-en-la-vida-publica-de-la-localitat\/","title":{"rendered":"Riba-roja aprova el Pla de la Inf\u00e0ncia i l&#8217;Adolesc\u00e8ncia per a donar major pres\u00e8ncia i participaci\u00f3 als menors de 18 anys en la vida p\u00fablica de la localitat"},"content":{"rendered":"\n<h4 class=\"wp-block-heading\">El ple municipal confirma la proposta de l&#8217;equip de govern&nbsp;<\/h4>\n\n\n\n<p class=\"wp-block-paragraph\">El ple de l&#8217;Ajuntament de Riba-roja de T\u00faria ha aprovat el Pla de la Inf\u00e0ncia i l&#8217;Adolesc\u00e8ncia que permetr\u00e0 als menors de 18 anys residents en la localitat una major participaci\u00f3 i protagonisme en la vida p\u00fablica del municipi. Aquest pla ha sigut aprovat per l&#8217;equip de govern del PSPV, aix\u00ed com per Ciutadans, Comprom\u00eds, Podem Riba-roja Pot, l&#8217;abstenci\u00f3 del PP i el vot en contra de Vox.&nbsp;<\/p>\n\n\n\n<p class=\"wp-block-paragraph\">Aquest pla municipal de Riba-roja de T\u00faria pret\u00e9n ser un llit per a fomentar i propiciar la participaci\u00f3, la col\u00b7laboraci\u00f3 i, al mateix temps, garantir el desenvolupament dels drets dels menors de 18 anys en la localitat, amb un seguiment dels preceptes continguts en l&#8217;Agenda 2030 sobre desenvolupament sostenible, l&#8217;objectiu final del qual \u00e9s aconseguir la felicitat de la inf\u00e0ncia i l&#8217;adolesc\u00e8ncia.<\/p>\n\n\n\n<p class=\"wp-block-paragraph\">La posada en marxa d&#8217;aquest pla municipal s&#8217;ha guiat per la Convenci\u00f3 dels Drets dels xiquets sobre la Declaraci\u00f3 Universal dels Drets Humans, reflex, al mateix temps, en els municipis i en les administracions locals. Per aquest motiu, l&#8217;Ajuntament de Riba-roja de T\u00faria ha impulsat aquest tipus d&#8217;iniciatives que permeten el disseny d&#8217;aquestes accions per a millorar i beneficiar a aquest segment de la poblaci\u00f3.&nbsp;<\/p>\n\n\n\n<p class=\"wp-block-paragraph\">L&#8217;acord del ple municipal de Riba-roja de T\u00faria assenyala la necessitat d&#8217;aprovar aquest pla \u201cconscients de la rellev\u00e0ncia de la inf\u00e0ncia i l&#8217;adolesc\u00e8ncia en la societat present i futura\u201d que ha portat a la creaci\u00f3 del mateix \u201camb la finalitat de cobrir les necessitats, opinions i les idees dels xiquets, les xiquetes i dels adolescents de la localitat\u201d.&nbsp;<\/p>\n\n\n\n<p class=\"wp-block-paragraph\">Cal recordar que el ple de Riba-roja de T\u00faria va aprovar a l&#8217;octubre de 2019 el reglament del Consell de la Inf\u00e0ncia i l&#8217;Adolesc\u00e8ncia per a regular la participaci\u00f3 dels joves i els menors en la vida social i pol\u00edtica al mateix temps que crear\u00e0 els llits perqu\u00e8 puguen expressar els seus problemes, inquietuds i necessitats recollida en la Constituci\u00f3 Espanyola i en la convenci\u00f3 de Drets del Xiquet de les Nacions Unides.&nbsp;<\/p>\n\n\n\n<p class=\"wp-block-paragraph\">Aquest Consell t\u00e9 car\u00e0cter consultiu, de participaci\u00f3 i assessorament respecte de l&#8217;Ajuntament de Riba-roja sobre totes aquelles q\u00fcestions que afecten aquest col\u00b7lectiu social. Entre les seues funcions cal destacar l&#8217;obligaci\u00f3 de l&#8217;administraci\u00f3 de donar a con\u00e9ixer totes aquells programes i plans que afecten l&#8217;atenci\u00f3 i participaci\u00f3 del benestar social de la poblaci\u00f3 infantil i adolescent a Riba-roja de T\u00faria. A m\u00e9s, un membre designat per aquest organisme passar\u00e0 a ser un integrant del denominat Consell de Poble de la localitat.<\/p>\n\n\n\n<p class=\"wp-block-paragraph\">A m\u00e9s, serveix com a espai i plataforma perqu\u00e8 els xiquets i xiquetes de Riba-roja puguen expressar les seues opinions, idees, necessitats i propostes de millora del municipi amb l&#8217;objectiu d&#8217;augmentar la qualitat de vida d&#8217;aquests. Al seu torn, informar\u00e0 el consistori sobre les necessitats i problemes m\u00e9s caracter\u00edstics de la inf\u00e0ncia i adolesc\u00e8ncia i sol\u00b7licitar\u00e0 el programa anual d&#8217;actuaci\u00f3 i els recursos destinats a aquests segments poblacionals.&nbsp;<\/p>\n\n\n\n<p class=\"wp-block-paragraph\">El Consell de la Inf\u00e0ncia i l&#8217;Adolesc\u00e8ncia est\u00e0 format per un president, un vicepresident, un secretari, un representant designat pel ple municipal, un representant de cada Ampa dels centres educatius, dos alumnes o alumnes de cadascun dels centres educatius, aix\u00ed com experts designats per la presid\u00e8ncia per a tractar determinats temes o q\u00fcestions d&#8217;\u00e0mbit p\u00fablic.&nbsp;<\/p>\n\n\n\n<p class=\"wp-block-paragraph\">L&#8217;alcalde de Riba-roja de T\u00faria, Robert Raga, ha assenyalat la import\u00e0ncia d&#8217;aprovar \u201caquest pla pioner en la localitat i en bona part de la Comunitat Valenciana que serveix com a llit d&#8217;expressi\u00f3 i participaci\u00f3 dels joves en la vida d&#8217;un municipi, perqu\u00e8 es tracta d&#8217;una poblaci\u00f3 que ha de tindre el seu espai per a manifestar les seues inquietuds i necessitats que hem d&#8217;atendre\u201d.<\/p>\n\n\n\n<p class=\"wp-block-paragraph\"><\/p>\n","protected":false},"excerpt":{"rendered":"<div class=\"mh-excerpt\">El ple municipal confirma la proposta de l&#8217;equip de govern&nbsp; El ple de l&#8217;Ajuntament de Riba-roja de T\u00faria ha aprovat el Pla de la Inf\u00e0ncia i l&#8217;Adolesc\u00e8ncia que permetr\u00e0 als menors de 18 anys residents <a class=\"mh-excerpt-more\" href=\"https:\/\/tucomarca.whitekongsoftware.com\/ca\/riba-roja-aprova-el-pla-de-la-infancia-i-ladolescencia-per-a-donar-major-presencia-i-participacio-als-menors-de-18-anys-en-la-vida-publica-de-la-localitat\/\" title=\"Riba-roja aprova el Pla de la Inf\u00e0ncia i l&#8217;Adolesc\u00e8ncia per a donar major pres\u00e8ncia i participaci\u00f3 als menors de 18 anys en la vida p\u00fablica de la localitat\">[+] <\/a><\/div>\n","protected":false},"author":12,"featured_media":146213,"comment_status":"open","ping_status":"open","sticky":false,"template":"","format":"standard","meta":{"footnotes":""},"categories":[10892,10948,10894,10947,10906,10896],"tags":[10899,16067,15024],"class_list":["post-146214","post","type-post","status-publish","format-standard","has-post-thumbnail","category-camp-de-turia-ca","category-infraestructuras-ca","category-la-comarca-ca","category-politica","category-riba-roja-ca","category-seccion-ca","tag-camp-de-turia-ca","tag-plan-de-la-infancia-ca","tag-riba-roja-de-turia-ca"],"_links":{"self":[{"href":"https:\/\/tucomarca.whitekongsoftware.com\/ca\/wp-json\/wp\/v2\/posts\/146214","targetHints":{"allow":["GET"]}}],"collection":[{"href":"https:\/\/tucomarca.whitekongsoftware.com\/ca\/wp-json\/wp\/v2\/posts"}],"about":[{"href":"https:\/\/tucomarca.whitekongsoftware.com\/ca\/wp-json\/wp\/v2\/types\/post"}],"author":[{"embeddable":true,"href":"https:\/\/tucomarca.whitekongsoftware.com\/ca\/wp-json\/wp\/v2\/users\/12"}],"replies":[{"embeddable":true,"href":"https:\/\/tucomarca.whitekongsoftware.com\/ca\/wp-json\/wp\/v2\/comments?post=146214"}],"version-history":[{"count":0,"href":"https:\/\/tucomarca.whitekongsoftware.com\/ca\/wp-json\/wp\/v2\/posts\/146214\/revisions"}],"wp:featuredmedia":[{"embeddable":true,"href":"https:\/\/tucomarca.whitekongsoftware.com\/ca\/wp-json\/wp\/v2\/media\/146213"}],"wp:attachment":[{"href":"https:\/\/tucomarca.whitekongsoftware.com\/ca\/wp-json\/wp\/v2\/media?parent=146214"}],"wp:term":[{"taxonomy":"category","embeddable":true,"href":"https:\/\/tucomarca.whitekongsoftware.com\/ca\/wp-json\/wp\/v2\/categories?post=146214"},{"taxonomy":"post_tag","embeddable":true,"href":"https:\/\/tucomarca.whitekongsoftware.com\/ca\/wp-json\/wp\/v2\/tags?post=146214"}],"curies":[{"name":"wp","href":"https:\/\/api.w.org\/{rel}","templated":true}]}}