{"id":146114,"date":"2021-12-17T19:30:00","date_gmt":"2021-12-17T18:30:00","guid":{"rendered":"http:\/\/www.tucomarca.com\/wordpress\/segunda\/?p=146114"},"modified":"2021-12-17T21:45:21","modified_gmt":"2021-12-17T20:45:21","slug":"les-pistes-del-planell-de-bunyol-acolliran-li-torneig-america-padel-per-a-menors-de-13-anys","status":"publish","type":"post","link":"https:\/\/tucomarca.whitekongsoftware.com\/ca\/les-pistes-del-planell-de-bunyol-acolliran-li-torneig-america-padel-per-a-menors-de-13-anys\/","title":{"rendered":"Les pistes del Planell de Bunyol acolliran l&#8217;I Torneig Americ\u00e0 P\u00e0del per a menors de 13 anys"},"content":{"rendered":"\n<h4 class=\"wp-block-heading\">Aquest dijous de 18.30 h a 21.30 h en les pistes de P\u00e0del del Planell els menors de 13 anys poden gaudir del seu esport favorit, amb un torneig americ\u00e0 que \u00e9s gratu\u00eft.<\/h4>\n\n\n\n<p class=\"wp-block-paragraph\">Dijous que ve 23 de desembre de 18.30h a 21.30h hi haur\u00e0 un Torneig Americ\u00e0 de p\u00e0del per a menors de 13 anys amb regal per a tots els participants en les pistes del Planell de Bunyol. Es premiar\u00e0 amb material esportiu al primer i segon classificat. Tots els interessats poden inscriure&#8217;s gratu\u00eftament telefonant al 677 85 04 15.<br>La idea d&#8217;organitzar aquest torneig per als xicotets de la casa \u00e9s degut al gran auge que aquest esport t\u00e9 en la localitat des de fa uns mesos, fins i tot \u00e9s el club esportiu m\u00e9s nombr\u00f3s despr\u00e9s del centenari CD Bunyol.&nbsp;<br>Paco D\u00edaz, membre del Club P\u00e0del Bunyol, va mostrar inter\u00e9s per l&#8217;organitzaci\u00f3 d&#8217;aquest torneig, \u201cperqu\u00e8 els xiquets que actualment s\u00f3n molts i que estan rebent les extraescolars d&#8217;aquest esport a Bunyol \u00c9s Esport, en veure als seus pares jugar en els tornejos que van organitzant el club, van mostrar el seu inter\u00e9s a poder jugar un i aix\u00ed competir m\u00e9s enll\u00e0 dels entrenes que fan totes les setmanes. Aix\u00ed que em vaig posar a la feina i ja compta amb 16 inscrits, encara que fins a aquest dimarts a les 20h encara poden apuntar-se tots aquells xiquets que els abellisca con\u00e9ixer aquest bell esport i competir amb xiquets de la seua edat\u201d.<br>D\u00edaz agraeix la implicaci\u00f3 de la Regidoria d&#8217;Esports, i especialment al seu regidor, Manuel Sierra, en aquest esdeveniment, \u201cpagant tota la despesa que suposa l&#8217;organitzaci\u00f3 del mateix perqu\u00e8 els xiquets no paguen i aix\u00ed tots gaudisquen relaxadament d&#8217;aquest gran esport, que tant agrada i que cada dia compta amb major nombre d&#8217;esportistes interessats\u201d.&nbsp;<br>Entre els objectius d&#8217;aquest club, segons confirma Paco D\u00edaz, estan els de continuar sol\u00b7licitant una ampliaci\u00f3 de les instal\u00b7lacions amb m\u00e9s nombre de pistes de p\u00e0del; crear una escola de p\u00e0del per als xiquets; i passar de la categoria J\u00fanior a S\u00e8nior, augmentant el nombre d&#8217;entrenaments. Reptes futurs que venen acompanyats per l&#8217;ampli nombre de seguidors que compta aquest club en els \u00faltims mesos en la localitat.<\/p>\n\n\n\n<p class=\"wp-block-paragraph\"><\/p>\n","protected":false},"excerpt":{"rendered":"<div class=\"mh-excerpt\">Aquest dijous de 18.30 h a 21.30 h en les pistes de P\u00e0del del Planell els menors de 13 anys poden gaudir del seu esport favorit, amb un torneig americ\u00e0 que \u00e9s gratu\u00eft. Dijous que <a class=\"mh-excerpt-more\" href=\"https:\/\/tucomarca.whitekongsoftware.com\/ca\/les-pistes-del-planell-de-bunyol-acolliran-li-torneig-america-padel-per-a-menors-de-13-anys\/\" title=\"Les pistes del Planell de Bunyol acolliran l&#8217;I Torneig Americ\u00e0 P\u00e0del per a menors de 13 anys\">[+] <\/a><\/div>\n","protected":false},"author":12,"featured_media":146113,"comment_status":"open","ping_status":"open","sticky":false,"template":"","format":"standard","meta":{"footnotes":""},"categories":[11019,10911,11003,10894,10912,11009,10896],"tags":[10913,11074,16059,10914],"class_list":["post-146114","post","type-post","status-publish","format-standard","has-post-thumbnail","category-agenda-ca","category-bunol-ca","category-sports","category-la-comarca-ca","category-la-hoya-ca","category-polideportivo-ca","category-seccion-ca","tag-bunol-ca","tag-deportes-ca","tag-i-torneo-americano-padel-ca","tag-la-hoya-de-bunol-chiva-ca"],"_links":{"self":[{"href":"https:\/\/tucomarca.whitekongsoftware.com\/ca\/wp-json\/wp\/v2\/posts\/146114","targetHints":{"allow":["GET"]}}],"collection":[{"href":"https:\/\/tucomarca.whitekongsoftware.com\/ca\/wp-json\/wp\/v2\/posts"}],"about":[{"href":"https:\/\/tucomarca.whitekongsoftware.com\/ca\/wp-json\/wp\/v2\/types\/post"}],"author":[{"embeddable":true,"href":"https:\/\/tucomarca.whitekongsoftware.com\/ca\/wp-json\/wp\/v2\/users\/12"}],"replies":[{"embeddable":true,"href":"https:\/\/tucomarca.whitekongsoftware.com\/ca\/wp-json\/wp\/v2\/comments?post=146114"}],"version-history":[{"count":0,"href":"https:\/\/tucomarca.whitekongsoftware.com\/ca\/wp-json\/wp\/v2\/posts\/146114\/revisions"}],"wp:featuredmedia":[{"embeddable":true,"href":"https:\/\/tucomarca.whitekongsoftware.com\/ca\/wp-json\/wp\/v2\/media\/146113"}],"wp:attachment":[{"href":"https:\/\/tucomarca.whitekongsoftware.com\/ca\/wp-json\/wp\/v2\/media?parent=146114"}],"wp:term":[{"taxonomy":"category","embeddable":true,"href":"https:\/\/tucomarca.whitekongsoftware.com\/ca\/wp-json\/wp\/v2\/categories?post=146114"},{"taxonomy":"post_tag","embeddable":true,"href":"https:\/\/tucomarca.whitekongsoftware.com\/ca\/wp-json\/wp\/v2\/tags?post=146114"}],"curies":[{"name":"wp","href":"https:\/\/api.w.org\/{rel}","templated":true}]}}