{"id":146092,"date":"2021-12-17T13:25:00","date_gmt":"2021-12-17T12:25:00","guid":{"rendered":"http:\/\/www.tucomarca.com\/wordpress\/segunda\/?p=146092"},"modified":"2021-12-17T21:05:37","modified_gmt":"2021-12-17T20:05:37","slug":"lhospital-de-manises-primer-centre-public-valencia-amb-un-piano-de-cua-que-humanitza-lexperiencia-sanitaria","status":"publish","type":"post","link":"https:\/\/tucomarca.whitekongsoftware.com\/ca\/lhospital-de-manises-primer-centre-public-valencia-amb-un-piano-de-cua-que-humanitza-lexperiencia-sanitaria\/","title":{"rendered":"L&#8217;Hospital de Manises, primer centre p\u00fablic valenci\u00e0 amb un piano de cua que humanitza l&#8217;experi\u00e8ncia sanit\u00e0ria"},"content":{"rendered":"\n<ul class=\"wp-block-list\"><li><strong>Posa en marxa la iniciativa \u201cPianos per la Salut\u201d juntament amb la Fundaci\u00f3 M\u00fasics per la Salut, entitat que contribueix a millorar les estades hospital\u00e0ries a trav\u00e9s de la m\u00fasica<\/strong><\/li><\/ul>\n\n\n\n<ul class=\"wp-block-list\"><li><strong>L&#8217;instrument residir\u00e0 en l&#8217;hall perqu\u00e8 professionals de la m\u00fasica i sanitaris del centre toquin di\u00e0riament convertint-se aix\u00ed en \u201cpianistes per la salut\u201d<\/strong><\/li><\/ul>\n\n\n\n<ul class=\"wp-block-list\"><li><strong>Durant la inauguraci\u00f3 ha participat el pianista core\u00e0 Chang Rok *Moon, m\u00fasic internacional<\/strong><\/li><\/ul>\n\n\n\n<p class=\"wp-block-paragraph\">L&#8217;Hospital de Manises, en col\u00b7laboraci\u00f3 amb la Fundaci\u00f3 M\u00fasics per la Salut, llan\u00e7a el projecte Pianos per la Salut, una iniciativa que busca humanitzar els espais hospitalaris, aportant calidesa i millorant l&#8217;experi\u00e8ncia sanit\u00e0ria de pacients i professionals a trav\u00e9s de la m\u00fasica. \u201cL&#8217;entorn hospitalari \u00e9s sempre, per\u00f2 ara m\u00e9s que mai amb motiu de la pand\u00e8mia, un lloc de sofriment i incertesa per a pacients, familiars i professionals. Per aix\u00f2, aquesta iniciativa cerca donar a aquest entorn un punt de llum i d&#8217;esperan\u00e7a a trav\u00e9s de la m\u00fasica\u201d, explica el Dr. Ricardo Trujillo, gerent del Departament de Salut de Manises.<\/p>\n\n\n\n<p class=\"wp-block-paragraph\">Amb el llan\u00e7ament d&#8217;aquest nou projecte, que durar\u00e0 tot l&#8217;any, Manises es converteix en el primer hospital de la Comunitat Valenciana i tercer a nivell nacional a comptar amb un piano en les seves instal\u00b7lacions. D&#8217;aquesta manera, professionals de la m\u00fasica podran accedir a tocar l&#8217;instrument de manera volunt\u00e0ria i gratu\u00efta i convertir-se d&#8217;aquesta manera en \u201cpianistes per la salut\u201d. A trav\u00e9s d&#8217;un formulari d&#8217;inscripci\u00f3, totes les persones que ho desitgin podran formar part de la programaci\u00f3 di\u00e0ria.<\/p>\n\n\n\n<p class=\"wp-block-paragraph\">Aquesta iniciativa s&#8217;emmarca en el prop\u00f2sit que el Departament de Salut t\u00e9 per humanitzar tots els seus entorns a trav\u00e9s del Comit\u00e8 d&#8217;Humanitzaci\u00f3. \u201cAquests pianistes i m\u00fasics tenen l&#8217;oportunitat de contribuir de manera activa amb la seva m\u00fasica a crear un entorn agradable i suportable a tots els malalts, professionals i familiars que es trobin en el centre hospitalari\u201d, explica el gerent del Departament de Salut.<\/p>\n\n\n\n<p class=\"wp-block-paragraph\">En l&#8217;acte inaugural ha participat el pianista core\u00e0 Chang Rok Moon, pianista professional d&#8217;important experi\u00e8ncia internacional com a solista, m\u00fasica de cambra i amb orquestres de Corea, Espanya, Anglaterra, Fran\u00e7a, Alemanya i Israel. Actualment, forma duo amb la soprano valenciana Francisca Orts Vives. A m\u00e9s, han pogut escoltar-li les persones que es trobaven als voltants, sense tot just p\u00fablic per a evitar aglomeracions. D&#8217;aquesta mateixa manera, a partir d&#8217;avui i durant tot l&#8217;any, pianistes i professionals de la m\u00fasica acudiran al piano per a formar part d&#8217;una programaci\u00f3 di\u00e0ria<\/p>\n\n\n\n<p class=\"wp-block-paragraph\"><strong>Hospital de Manises<\/strong><\/p>\n\n\n\n<p class=\"wp-block-paragraph\">El Departament de Salut de Manises dona cobertura i assist\u00e8ncia sanit\u00e0ria p\u00fablica, tant ambulat\u00f2ria com domicili\u00e0ria a m\u00e9s de 193.000 persones de 14 localitats a trav\u00e9s de l&#8217;Hospital de Manises, 10 centres de salut, 9 consultoris locals, 2 centres d&#8217;especialitats i l&#8217;Hospital de Cr\u00f2nics situat a Mislata. Des del seu naixement en 2009, el Departament de Salut ha consolidat un equip professional centrat en l&#8217;assist\u00e8ncia sanit\u00e0ria segura i de qualitat, amb uns excel\u00b7lents indicadors en accessibilitat i temps d&#8217;espera. Ara, amb la crisi sanit\u00e0ria derivada de la Covid-19, el Departament de Salut de Manises cont\u00ednua la seva activitat ateses les instruccions de la Conselleria de Sanitat Universal i Salut P\u00fablica, mantenint-se en els habituals nivells d&#8217;accessibilitat, qualitat i excel\u00b7l\u00e8ncia assistencial que li s\u00f3n propis des dels seus inicis, incorporant la tecnologia al servei d&#8217;atenci\u00f3 sanit\u00e0ria per a estar prop de les persones.<\/p>\n\n\n\n<p class=\"wp-block-paragraph\"><strong>M\u00fasics per la Salut<\/strong><\/p>\n\n\n\n<p class=\"wp-block-paragraph\">Carmen va estar prop d&#8217;un any hospitalitzada a causa del c\u00e0ncer. \u201cVan ser mesos d&#8217;incertesa, angoixa i desconsol, en un espai on el temps passava lent i l&#8217;ambient \u00e9s fred i solitari\u201d, destaca Guillermo Giner, el seu fill, i fundador de M\u00fasics per la Salut. Despr\u00e9s d&#8217;aquesta llarga malaltia i el seu tractament, lamentablement va morir. En homenatge a Carmen neix M\u00fasics per les Salut, en 2015. Fins avui ha realitzat m\u00e9s de 5.000 microconcerts en totes les Comunitats Aut\u00f2nomes de manera presencial i en l\u00ednia, i en m\u00e9s de 1.200 hospitals i centres sociosanitaris. A m\u00e9s, ha posat en marxa diferents programes dirigits a persones amb diversitat funcional, dem\u00e8ncia o Alzheimer. Durant la pand\u00e8mia va organitzar #LaCanci\u00f3nM\u00e1sImportante i en la qual van participar figures com Pablo Albor\u00e1n, Amaral, Leiva, Rozal\u00e9n, \u00c1lex Ubago, Dani Mart\u00edn, Vanesa Mart\u00edn o Ismael Serrano. Aix\u00ed mateix, en col\u00b7laboraci\u00f3 amb la SGAE, AGEDI, AIE i \u00c9s M\u00fasica ha impulsat una campanya de signatures per a sol\u00b7licitar als Governs i organismes sanitaris que segueixin la recomanaci\u00f3 de l&#8217;Organitzaci\u00f3 Mundial de la Salut (OMS) d&#8217;aplicar pol\u00edtiques que incorporin les arts i especialment la m\u00fasica, en els entorns sociosanitaris<\/p>\n","protected":false},"excerpt":{"rendered":"<div class=\"mh-excerpt\">Posa en marxa la iniciativa \u201cPianos per la Salut\u201d juntament amb la Fundaci\u00f3 M\u00fasics per la Salut, entitat que contribueix a millorar les estades hospital\u00e0ries a trav\u00e9s de la m\u00fasica L&#8217;instrument residir\u00e0 en l&#8217;hall perqu\u00e8 <a class=\"mh-excerpt-more\" href=\"https:\/\/tucomarca.whitekongsoftware.com\/ca\/lhospital-de-manises-primer-centre-public-valencia-amb-un-piano-de-cua-que-humanitza-lexperiencia-sanitaria\/\" title=\"L&#8217;Hospital de Manises, primer centre p\u00fablic valenci\u00e0 amb un piano de cua que humanitza l&#8217;experi\u00e8ncia sanit\u00e0ria\">[+] <\/a><\/div>\n","protected":false},"author":1,"featured_media":146089,"comment_status":"open","ping_status":"open","sticky":false,"template":"","format":"standard","meta":{"footnotes":""},"categories":[10973,10911,10892,11010,10898,10977,10980,10948,10894,10904,10912,10902,10931,10978,10906,10896,11047,10974,10975],"tags":[11092,10914],"class_list":["post-146092","post","type-post","status-publish","format-standard","has-post-thumbnail","category-alborache-ca","category-bunol-ca","category-camp-de-turia-ca","category-canal-salud","category-ventana-ca","category-godelleta-ca","category-yatova-ca","category-infraestructuras-ca","category-la-comarca-ca","category-sin-categorizar-ca","category-la-hoya-ca","category-la-ribera-ca","category-loriguilla-ca","category-macastre-ca","category-riba-roja-ca","category-seccion-ca","category-turis-ca","category-cheste-ca","category-chiva-ca","tag-hospital-de-manises-ca","tag-la-hoya-de-bunol-chiva-ca"],"_links":{"self":[{"href":"https:\/\/tucomarca.whitekongsoftware.com\/ca\/wp-json\/wp\/v2\/posts\/146092","targetHints":{"allow":["GET"]}}],"collection":[{"href":"https:\/\/tucomarca.whitekongsoftware.com\/ca\/wp-json\/wp\/v2\/posts"}],"about":[{"href":"https:\/\/tucomarca.whitekongsoftware.com\/ca\/wp-json\/wp\/v2\/types\/post"}],"author":[{"embeddable":true,"href":"https:\/\/tucomarca.whitekongsoftware.com\/ca\/wp-json\/wp\/v2\/users\/1"}],"replies":[{"embeddable":true,"href":"https:\/\/tucomarca.whitekongsoftware.com\/ca\/wp-json\/wp\/v2\/comments?post=146092"}],"version-history":[{"count":0,"href":"https:\/\/tucomarca.whitekongsoftware.com\/ca\/wp-json\/wp\/v2\/posts\/146092\/revisions"}],"wp:featuredmedia":[{"embeddable":true,"href":"https:\/\/tucomarca.whitekongsoftware.com\/ca\/wp-json\/wp\/v2\/media\/146089"}],"wp:attachment":[{"href":"https:\/\/tucomarca.whitekongsoftware.com\/ca\/wp-json\/wp\/v2\/media?parent=146092"}],"wp:term":[{"taxonomy":"category","embeddable":true,"href":"https:\/\/tucomarca.whitekongsoftware.com\/ca\/wp-json\/wp\/v2\/categories?post=146092"},{"taxonomy":"post_tag","embeddable":true,"href":"https:\/\/tucomarca.whitekongsoftware.com\/ca\/wp-json\/wp\/v2\/tags?post=146092"}],"curies":[{"name":"wp","href":"https:\/\/api.w.org\/{rel}","templated":true}]}}