{"id":146007,"date":"2021-12-16T10:11:00","date_gmt":"2021-12-16T09:11:00","guid":{"rendered":"http:\/\/www.tucomarca.com\/wordpress\/segunda\/?p=146007"},"modified":"2021-12-17T20:50:39","modified_gmt":"2021-12-17T19:50:39","slug":"les-materies-agricoles-i-ramaderes-escassegen-i-a-mes-sha-disparat-el-seu-preu","status":"publish","type":"post","link":"https:\/\/tucomarca.whitekongsoftware.com\/ca\/les-materies-agricoles-i-ramaderes-escassegen-i-a-mes-sha-disparat-el-seu-preu\/","title":{"rendered":"Les mat\u00e8ries agr\u00edcoles i ramaderes escassegen i a m\u00e9s s&#8217;ha disparat el seu preu"},"content":{"rendered":"\n<p class=\"wp-block-paragraph\">La brutal pujada que han experimentat els preus de les mat\u00e8ries primeres que empren els agricultors i ramaders per a produir, estan disparant els costos de producci\u00f3 que provoquen una p\u00e8rdua de rendibilitat molt acusada en les explotacions agr\u00edcoles i ramaderes.Aix\u00ed les coses i segons les organitzacions agr\u00e0ries l&#8217;energia el\u00e8ctrica s&#8217;ha encarit un 270%, el gasoil mes d&#8217;un 70% i els pinsos per al bestiar prop d&#8217;un 30%.<\/p>\n\n\n\n<p class=\"wp-block-paragraph\">Els pals, filferros i tensors per a l&#8217;emparrat de vinyes tamb\u00e9 han duplicat els seus preus.<\/p>\n\n\n\n<p class=\"wp-block-paragraph\">Per als cellers que tenen previst realitzar inversions per a modernitzar les seues instal\u00b7lacions tamb\u00e9 es planteja un seri\u00f3s problema; perqu\u00e8 a m\u00e9s d&#8217;escassejar l&#8217;acer, aquest tamb\u00e9 s&#8217;ha encarit enormement. Informa, <strong>Luis Ib\u00e1\u00f1ez.<\/strong><\/p>\n","protected":false},"excerpt":{"rendered":"<div class=\"mh-excerpt\">La brutal pujada que han experimentat els preus de les mat\u00e8ries primeres que empren els agricultors i ramaders per a produir, estan disparant els costos de producci\u00f3 que provoquen una p\u00e8rdua de rendibilitat molt acusada <a class=\"mh-excerpt-more\" href=\"https:\/\/tucomarca.whitekongsoftware.com\/ca\/les-materies-agricoles-i-ramaderes-escassegen-i-a-mes-sha-disparat-el-seu-preu\/\" title=\"Les mat\u00e8ries agr\u00edcoles i ramaderes escassegen i a m\u00e9s s&#8217;ha disparat el seu preu\">[+] <\/a><\/div>\n","protected":false},"author":1,"featured_media":134360,"comment_status":"open","ping_status":"open","sticky":false,"template":"","format":"standard","meta":{"footnotes":""},"categories":[10905,10898,10948,10894,10904,10947,10909,10896],"tags":[16047,12049],"class_list":["post-146007","post","type-post","status-publish","format-standard","has-post-thumbnail","category-agricultura-la-comarca-ca","category-ventana-ca","category-infraestructuras-ca","category-la-comarca-ca","category-sin-categorizar-ca","category-politica","category-requena-utiel-ca","category-seccion-ca","tag-agricultores-ca","tag-ganaderia-ca"],"_links":{"self":[{"href":"https:\/\/tucomarca.whitekongsoftware.com\/ca\/wp-json\/wp\/v2\/posts\/146007","targetHints":{"allow":["GET"]}}],"collection":[{"href":"https:\/\/tucomarca.whitekongsoftware.com\/ca\/wp-json\/wp\/v2\/posts"}],"about":[{"href":"https:\/\/tucomarca.whitekongsoftware.com\/ca\/wp-json\/wp\/v2\/types\/post"}],"author":[{"embeddable":true,"href":"https:\/\/tucomarca.whitekongsoftware.com\/ca\/wp-json\/wp\/v2\/users\/1"}],"replies":[{"embeddable":true,"href":"https:\/\/tucomarca.whitekongsoftware.com\/ca\/wp-json\/wp\/v2\/comments?post=146007"}],"version-history":[{"count":0,"href":"https:\/\/tucomarca.whitekongsoftware.com\/ca\/wp-json\/wp\/v2\/posts\/146007\/revisions"}],"wp:featuredmedia":[{"embeddable":true,"href":"https:\/\/tucomarca.whitekongsoftware.com\/ca\/wp-json\/wp\/v2\/media\/134360"}],"wp:attachment":[{"href":"https:\/\/tucomarca.whitekongsoftware.com\/ca\/wp-json\/wp\/v2\/media?parent=146007"}],"wp:term":[{"taxonomy":"category","embeddable":true,"href":"https:\/\/tucomarca.whitekongsoftware.com\/ca\/wp-json\/wp\/v2\/categories?post=146007"},{"taxonomy":"post_tag","embeddable":true,"href":"https:\/\/tucomarca.whitekongsoftware.com\/ca\/wp-json\/wp\/v2\/tags?post=146007"}],"curies":[{"name":"wp","href":"https:\/\/api.w.org\/{rel}","templated":true}]}}