{"id":145953,"date":"2021-12-16T17:30:00","date_gmt":"2021-12-16T16:30:00","guid":{"rendered":"http:\/\/www.tucomarca.com\/wordpress\/segunda\/?p=145953"},"modified":"2021-12-17T11:21:06","modified_gmt":"2021-12-17T10:21:06","slug":"sanitat-notifica-2-984-nous-casos-de-coronavirus-1-627-altes-i-15-defuncions-en-la-comunitat-valenciana","status":"publish","type":"post","link":"https:\/\/tucomarca.whitekongsoftware.com\/ca\/sanitat-notifica-2-984-nous-casos-de-coronavirus-1-627-altes-i-15-defuncions-en-la-comunitat-valenciana\/","title":{"rendered":"Sanitat notifica 2.984 nous casos de coronavirus, 1.627 altes i 15 defuncions en la Comunitat Valenciana"},"content":{"rendered":"\n<h4 class=\"wp-block-heading\">Per prov\u00edncies, s&#8217;han notificat 484 positius a Castell\u00f3, 1.105 a Alacant i 1.395 a Val\u00e8ncia<\/h4>\n\n\n\n<h4 class=\"wp-block-heading\">Els hospitals valencians tenen 713 persones ingressades, 122 d&#8217;elles en l&#8217;UCI<\/h4>\n\n\n\n<p class=\"wp-block-paragraph\">La Conselleria de Sanitat Universal i Salut P\u00fablica ha notificat 2.984 nous casos de coronavirus confirmats per prova PCR o a trav\u00e9s de test d&#8217;ant\u00edgens. Amb aquesta actualitzaci\u00f3, la xifra total de positius se situa en 559.945 persones. Els nous casos per prov\u00edncies s\u00f3n 484 a Castell\u00f3 (61.950 en total); 1.105 a Alacant (203.633) i 1.395 a Val\u00e8ncia (294.361). La xifra de casos no assignats es mant\u00e9 en 1.&nbsp;<\/p>\n\n\n\n<p class=\"wp-block-paragraph\">D&#8217;altra banda, s&#8217;han registrat 1.627 altes a pacients amb coronavirus. D&#8217;aquesta manera, el nombre de persones que han superat la malaltia des que va comen\u00e7ar la pand\u00e8mia en la Comunitat Valenciana ascendeix a 538.992 persones. Per prov\u00edncies, les altes es distribueixen aix\u00ed: 58.787 a Castell\u00f3, 196.004 a Alacant i 284.145 a Val\u00e8ncia. El total d&#8217;altes no assignades es mant\u00e9 en 56.<\/p>\n\n\n\n<p class=\"wp-block-paragraph\">Els hospitals valencians tenen, actualment, 713 persones ingressades, 122 d&#8217;elles en l&#8217;UCI: 107 a la prov\u00edncia de Castell\u00f3, 18 en UCI; 229 a la prov\u00edncia d&#8217;Alacant, 46 d&#8217;elles en l&#8217;UCI; i 377 a la prov\u00edncia de Val\u00e8ncia, 58 en UCI.&nbsp;<\/p>\n\n\n\n<p class=\"wp-block-paragraph\">S&#8217;han notificat 15 defuncions per coronavirus des de l&#8217;\u00faltima actualitzaci\u00f3, per la qual cosa el total de decessos des de l&#8217;inici de la pand\u00e8mia ascendeix a 8.013: 897 a la prov\u00edncia de Castell\u00f3, 3.077 en la d&#8217;Alacant i 4.039 en la de Val\u00e8ncia.&nbsp;<\/p>\n\n\n\n<ul class=\"wp-block-list\"><li>4 dones: 68, 79, 87 i 94 anys.&nbsp;<\/li><li>11 homes: 50, 62, 67, 74, 76, 78, 79, 91, 92, 92 96.&nbsp;<\/li><\/ul>\n\n\n\n<p class=\"wp-block-paragraph\">D&#8217;acord amb les dades registrades, en aquests moments hi ha 24.381 casos actius, la qual cosa suposa un 4,27% del total de positius.&nbsp;<\/p>\n\n\n\n<p class=\"wp-block-paragraph\">Des de l&#8217;\u00faltima actualitzaci\u00f3, s&#8217;han notificat cinc brots de 10 o m\u00e9s casos:<\/p>\n\n\n\n<ul class=\"wp-block-list\"><li>Val\u00e8ncia: 15 casos. Origen social<\/li><li>Rojals: 12 casos. \u00c0mbit educatiu<\/li><li>Catarroja: 12 casos. Origen social<\/li><li>Benissa: 10 casos. \u00c0mbit educatiu<\/li><li>Val\u00e8ncia: 19 casos. \u00c0mbit educatiu<\/li><\/ul>\n\n\n\n<p class=\"wp-block-paragraph\"><\/p>\n","protected":false},"excerpt":{"rendered":"<div class=\"mh-excerpt\">Per prov\u00edncies, s&#8217;han notificat 484 positius a Castell\u00f3, 1.105 a Alacant i 1.395 a Val\u00e8ncia Els hospitals valencians tenen 713 persones ingressades, 122 d&#8217;elles en l&#8217;UCI La Conselleria de Sanitat Universal i Salut P\u00fablica ha <a class=\"mh-excerpt-more\" href=\"https:\/\/tucomarca.whitekongsoftware.com\/ca\/sanitat-notifica-2-984-nous-casos-de-coronavirus-1-627-altes-i-15-defuncions-en-la-comunitat-valenciana\/\" title=\"Sanitat notifica 2.984 nous casos de coronavirus, 1.627 altes i 15 defuncions en la Comunitat Valenciana\">[+] <\/a><\/div>\n","protected":false},"author":1,"featured_media":136090,"comment_status":"open","ping_status":"open","sticky":false,"template":"","format":"standard","meta":{"footnotes":""},"categories":[11010,10898,10894,10904,10947,10896,10897],"tags":[12165,11939,11940,13499,13963],"class_list":["post-145953","post","type-post","status-publish","format-standard","has-post-thumbnail","category-canal-salud","category-ventana-ca","category-la-comarca-ca","category-sin-categorizar-ca","category-politica","category-seccion-ca","category-sucesos-la-comarca-ca","tag-conselleria-de-sanitat-ca","tag-coronavirus-ca","tag-covid-19-ca","tag-vacuna-covid-ca","tag-vacunacion-ca"],"_links":{"self":[{"href":"https:\/\/tucomarca.whitekongsoftware.com\/ca\/wp-json\/wp\/v2\/posts\/145953","targetHints":{"allow":["GET"]}}],"collection":[{"href":"https:\/\/tucomarca.whitekongsoftware.com\/ca\/wp-json\/wp\/v2\/posts"}],"about":[{"href":"https:\/\/tucomarca.whitekongsoftware.com\/ca\/wp-json\/wp\/v2\/types\/post"}],"author":[{"embeddable":true,"href":"https:\/\/tucomarca.whitekongsoftware.com\/ca\/wp-json\/wp\/v2\/users\/1"}],"replies":[{"embeddable":true,"href":"https:\/\/tucomarca.whitekongsoftware.com\/ca\/wp-json\/wp\/v2\/comments?post=145953"}],"version-history":[{"count":0,"href":"https:\/\/tucomarca.whitekongsoftware.com\/ca\/wp-json\/wp\/v2\/posts\/145953\/revisions"}],"wp:featuredmedia":[{"embeddable":true,"href":"https:\/\/tucomarca.whitekongsoftware.com\/ca\/wp-json\/wp\/v2\/media\/136090"}],"wp:attachment":[{"href":"https:\/\/tucomarca.whitekongsoftware.com\/ca\/wp-json\/wp\/v2\/media?parent=145953"}],"wp:term":[{"taxonomy":"category","embeddable":true,"href":"https:\/\/tucomarca.whitekongsoftware.com\/ca\/wp-json\/wp\/v2\/categories?post=145953"},{"taxonomy":"post_tag","embeddable":true,"href":"https:\/\/tucomarca.whitekongsoftware.com\/ca\/wp-json\/wp\/v2\/tags?post=145953"}],"curies":[{"name":"wp","href":"https:\/\/api.w.org\/{rel}","templated":true}]}}