{"id":145900,"date":"2021-12-15T13:00:00","date_gmt":"2021-12-15T12:00:00","guid":{"rendered":"http:\/\/www.tucomarca.com\/wordpress\/segunda\/?p=145900"},"modified":"2021-12-16T11:25:14","modified_gmt":"2021-12-16T10:25:14","slug":"lhospital-dalzira-ja-aplica-la-rehabilitacio-multimodal-en-mes-de-130-cirurgies-de-cancer-colorectal-a-lany","status":"publish","type":"post","link":"https:\/\/tucomarca.whitekongsoftware.com\/ca\/lhospital-dalzira-ja-aplica-la-rehabilitacio-multimodal-en-mes-de-130-cirurgies-de-cancer-colorectal-a-lany\/","title":{"rendered":"L&#8217;Hospital d&#8217;Alzira ja aplica la Rehabilitaci\u00f3 Multimodal en m\u00e9s de 130 cirurgies de c\u00e0ncer colorectal a l&#8217;any"},"content":{"rendered":"\n<h4 class=\"wp-block-heading\">Es tracta d&#8217;un programa de cures que acurta la recuperaci\u00f3 del pacient i redueix en un 50% la seua estada hospital\u00e0ria, respecte a la cirurgia tradicional<br><br>L&#8217;Hospital de la Ribera ha celebrat la seua V Jornada de Rehabilitaci\u00f3 Multimodal a la qual han assistit m\u00e9s de 40 professionals<\/h4>\n\n\n\n<p class=\"wp-block-paragraph\">L&#8217;Hospital Universitari de la Ribera ja aplica el programa de Rehabilitaci\u00f3 Multimodal en m\u00e9s de 130 cirurgies de c\u00e0ncer de c\u00f2lon o recte a l&#8217;any. Aix\u00ed s&#8217;ha posat de manifest en el transcurs de la V Jornada de Rehabilitaci\u00f3 Multimodal que, aquest mat\u00ed, s&#8217;ha celebrat en centre alzireny.<\/p>\n\n\n\n<p class=\"wp-block-paragraph\">&nbsp;<br>M\u00e9s de 40 professionals de Cirurgia Digestiva, Anest\u00e8sia i Infermeria han participat en aquesta Jornada amb l&#8217;objectiu d&#8217;actualitzar els \u00faltims avan\u00e7os en aquest programa de cures, amb especial recalcament en l&#8217;important paper que exerceix l&#8217;anest\u00e8sia i la nutrici\u00f3 per a un postoperatori m\u00e9s c\u00f2mode i r\u00e0pid del pacient.<\/p>\n\n\n\n<p class=\"wp-block-paragraph\">&nbsp;<br>Cal destacar que la Rehabilitaci\u00f3 Multimodal \u00e9s un conjunt d&#8217;estrat\u00e8gies dutes a terme abans, durant i despr\u00e9s de l&#8217;operaci\u00f3 (l&#8217;\u00fas d&#8217;anest\u00e8sia epidural, l&#8217;\u00fas de la cirurgia laparosc\u00f2pica, la nutrici\u00f3 preco\u00e7 o la mobilitzaci\u00f3 primerenca del pacient, entre altres), que permeten minimitzar el dolor i l&#8217;estr\u00e9s postquir\u00fargic, i atenuar sensiblement les complicacions associades a aquestes operacions.<\/p>\n\n\n\n<p class=\"wp-block-paragraph\">&nbsp;<br>En paraules de la gerent de l&#8217;Hospital de la Ribera, Dra. Liliana Fuster, \u201cAlzira va ser uns dels primers centres sanitaris de tota Espanya a formar part del Grup Espanyol de Rehabilitaci\u00f3 Multimodal (GERM), una societat m\u00e8dica que, actualment, conformen m\u00e9s de 50 hospitals, amb l&#8217;objectiu de difondre l&#8217;efic\u00e0cia cl\u00ednica demostrada d&#8217;aquest programa i els beneficis per al pacient\u201d.<\/p>\n\n\n\n<p class=\"wp-block-paragraph\"><br>En aquest sentit, segons el facultatiu del Servei de Cirurgia General i Digestiva de l&#8217;Hospital de la Ribera, Dr. Francisco Javier Blanco, \u201cels pacients intervinguts seguint el programa de Rehabilitaci\u00f3 Multimodal, presenten uns resultats terap\u00e8utics similars a la cirurgia tradicional, amb l&#8217;avantatge afegit per a ells d&#8217;un proc\u00e9s quir\u00fargic molt m\u00e9s confortable\u201d.<\/p>\n\n\n\n<p class=\"wp-block-paragraph\">&nbsp;<br>Durant la seua pon\u00e8ncia, Blanco tamb\u00e9 ha explicat que el centre alzireny participa, actualment, en 3 estudis nacionals multic\u00e8ntrics capitanejats pel GERM, per a avaluar l&#8217;aplicaci\u00f3 pr\u00e0ctica de diferents estrat\u00e8gies en el camp dels drenatges, nutrici\u00f3 enteral i superviv\u00e8ncia a llarg termini.<\/p>\n\n\n\n<p class=\"wp-block-paragraph\"><br>Aix\u00ed mateix, al llarg de la Jornada s&#8217;ha fet balan\u00e7 dels diferents protocols de rehabilitaci\u00f3 multimodal que l&#8217;Hospital d&#8217;Alzira ha implantat, en els \u00faltims anys, per a cirurgies d&#8217;artrosis de genoll, cirurgies card\u00edaques o en pacients oncol\u00f2gics&nbsp;<\/p>\n\n\n\n<p class=\"wp-block-paragraph\">\u201cEs tracta, en definitiva, de procediments m\u00e9s efica\u00e7os i avan\u00e7ats que ajuden a millorar les cures del pacient, amb l&#8217;objectiu d&#8217;augmentar la seua qualitat de vida\u201d, ha concl\u00f2s la Dra. Fuster.&nbsp;<\/p>\n\n\n\n<p class=\"wp-block-paragraph\"><\/p>\n","protected":false},"excerpt":{"rendered":"<div class=\"mh-excerpt\">Es tracta d&#8217;un programa de cures que acurta la recuperaci\u00f3 del pacient i redueix en un 50% la seua estada hospital\u00e0ria, respecte a la cirurgia tradicional L&#8217;Hospital de la Ribera ha celebrat la seua V <a class=\"mh-excerpt-more\" href=\"https:\/\/tucomarca.whitekongsoftware.com\/ca\/lhospital-dalzira-ja-aplica-la-rehabilitacio-multimodal-en-mes-de-130-cirurgies-de-cancer-colorectal-a-lany\/\" title=\"L&#8217;Hospital d&#8217;Alzira ja aplica la Rehabilitaci\u00f3 Multimodal en m\u00e9s de 130 cirurgies de c\u00e0ncer colorectal a l&#8217;any\">[+] <\/a><\/div>\n","protected":false},"author":12,"featured_media":145898,"comment_status":"open","ping_status":"open","sticky":false,"template":"","format":"standard","meta":{"footnotes":""},"categories":[10889,11010,10948,10894,10902,10896],"tags":[16039,14095,12838,12491,11333,16040],"class_list":["post-145900","post","type-post","status-publish","format-standard","has-post-thumbnail","category-alzira-cat","category-canal-salud","category-infraestructuras-ca","category-la-comarca-ca","category-la-ribera-ca","category-seccion-ca","tag-cancer-colorrectal-ca","tag-departamento-de-salud-de-la-ribera-ca","tag-hospital-de-alzira-ca","tag-hospital-de-la-ribera-ca","tag-la-ribera-2-ca","tag-rehabilitacion-multimodal-ca"],"_links":{"self":[{"href":"https:\/\/tucomarca.whitekongsoftware.com\/ca\/wp-json\/wp\/v2\/posts\/145900","targetHints":{"allow":["GET"]}}],"collection":[{"href":"https:\/\/tucomarca.whitekongsoftware.com\/ca\/wp-json\/wp\/v2\/posts"}],"about":[{"href":"https:\/\/tucomarca.whitekongsoftware.com\/ca\/wp-json\/wp\/v2\/types\/post"}],"author":[{"embeddable":true,"href":"https:\/\/tucomarca.whitekongsoftware.com\/ca\/wp-json\/wp\/v2\/users\/12"}],"replies":[{"embeddable":true,"href":"https:\/\/tucomarca.whitekongsoftware.com\/ca\/wp-json\/wp\/v2\/comments?post=145900"}],"version-history":[{"count":0,"href":"https:\/\/tucomarca.whitekongsoftware.com\/ca\/wp-json\/wp\/v2\/posts\/145900\/revisions"}],"wp:featuredmedia":[{"embeddable":true,"href":"https:\/\/tucomarca.whitekongsoftware.com\/ca\/wp-json\/wp\/v2\/media\/145898"}],"wp:attachment":[{"href":"https:\/\/tucomarca.whitekongsoftware.com\/ca\/wp-json\/wp\/v2\/media?parent=145900"}],"wp:term":[{"taxonomy":"category","embeddable":true,"href":"https:\/\/tucomarca.whitekongsoftware.com\/ca\/wp-json\/wp\/v2\/categories?post=145900"},{"taxonomy":"post_tag","embeddable":true,"href":"https:\/\/tucomarca.whitekongsoftware.com\/ca\/wp-json\/wp\/v2\/tags?post=145900"}],"curies":[{"name":"wp","href":"https:\/\/api.w.org\/{rel}","templated":true}]}}