{"id":145845,"date":"2021-12-14T15:30:00","date_gmt":"2021-12-14T14:30:00","guid":{"rendered":"http:\/\/www.tucomarca.com\/wordpress\/segunda\/?p=145845"},"modified":"2021-12-14T15:36:17","modified_gmt":"2021-12-14T14:36:17","slug":"colomer-destaca-que-la-tomatina-de-bunyol-es-un-fenomen-que-millora-la-nostra-proposta-de-valor-dautenticitat-i-diferenciacio-per-tot-el-mon","status":"publish","type":"post","link":"https:\/\/tucomarca.whitekongsoftware.com\/ca\/colomer-destaca-que-la-tomatina-de-bunyol-es-un-fenomen-que-millora-la-nostra-proposta-de-valor-dautenticitat-i-diferenciacio-per-tot-el-mon\/","title":{"rendered":"Colomer destaca que la Tomatina de Bunyol &#8220;\u00e9s un fenomen que millora la nostra proposta de valor, d&#8217;autenticitat i diferenciaci\u00f3 per tot el m\u00f3n&#8221;"},"content":{"rendered":"\n<p class=\"wp-block-paragraph\"><strong>El secretari auton\u00f2mic de Turisme ha assistit a la reobertura del Museu de la *Tomatina de Bunyol<\/strong><\/p>\n\n\n\n<p class=\"wp-block-paragraph\"><strong>El titular de Turisme i l&#8217;alcaldessa de Bunyol han subscrit el conveni de col\u00b7laboraci\u00f3 entre totes dues entitats<\/strong><\/p>\n\n\n\n<p class=\"wp-block-paragraph\">El secretari auton\u00f2mic de Turisme, Francesc Colomer, ha assistit juntament amb l&#8217;alcaldessa de Bunyol, Juncal Carrascosa, a la reobertura del Museu de la Tomatina de la localitat, on qualificat la festa com &#8220;un fenomen que contribueix i millora la proposta de valor, de la diversitat, de l&#8217;autenticitat, i de diferenciaci\u00f3 per tot el m\u00f3n&#8221;.<\/p>\n\n\n\n<p class=\"wp-block-paragraph\">Despr\u00e9s de la visita al Museu de la Tomatina, el titular de Turisme i l&#8217;alcaldessa de Bunyol han subscrit el conveni de col\u00b7laboraci\u00f3 entre totes dues entitats per a la realitzaci\u00f3 d&#8217;accions de promoci\u00f3 tur\u00edstica del municipi.<\/p>\n\n\n\n<p class=\"wp-block-paragraph\">Mitjan\u00e7ant aquest conveni, Turisme Comunitat Valenciana contribueix econ\u00f2micament amb 60.000 euros per a la realitzaci\u00f3 d&#8217;accions de promoci\u00f3 del producte tur\u00edstic de Bunyol.<\/p>\n\n\n\n<p class=\"wp-block-paragraph\">En concret, a trav\u00e9s d&#8217;aquest conveni, l&#8217;Ajuntament de Bunyol ha impulsat &#8216;Bunyol com a Dest\u00ed&#8217;, acci\u00f3 que inclou agenda cultural i esdeveniments gratu\u00efts amb l&#8217;eix principal de la m\u00fasica, a m\u00e9s de &#8216;Concerts segurs 2.0&#8217;, la VII <em>Biennal d&#8217;<\/em>Art, aix\u00ed com l&#8217;IV Festival de Par en Part.<\/p>\n\n\n\n<p class=\"wp-block-paragraph\">A m\u00e9s, mitjan\u00e7ant aquest conveni, Turisme Comunitat Valenciana i l&#8217;Ajuntament de Bunyol estableixen actuacions dirigides a promocionar la festa de la Tomatina, declarada Festa d&#8217;Inter\u00e8s Tur\u00edstic Internacional.<\/p>\n","protected":false},"excerpt":{"rendered":"<div class=\"mh-excerpt\">El secretari auton\u00f2mic de Turisme ha assistit a la reobertura del Museu de la *Tomatina de Bunyol El titular de Turisme i l&#8217;alcaldessa de Bunyol han subscrit el conveni de col\u00b7laboraci\u00f3 entre totes dues entitats <a class=\"mh-excerpt-more\" href=\"https:\/\/tucomarca.whitekongsoftware.com\/ca\/colomer-destaca-que-la-tomatina-de-bunyol-es-un-fenomen-que-millora-la-nostra-proposta-de-valor-dautenticitat-i-diferenciacio-per-tot-el-mon\/\" title=\"Colomer destaca que la Tomatina de Bunyol &#8220;\u00e9s un fenomen que millora la nostra proposta de valor, d&#8217;autenticitat i diferenciaci\u00f3 per tot el m\u00f3n&#8221;\">[+] <\/a><\/div>\n","protected":false},"author":1,"featured_media":145844,"comment_status":"open","ping_status":"open","sticky":false,"template":"","format":"standard","meta":{"footnotes":""},"categories":[10911,10898,10948,10894,10904,10912,11007,11008,10947,10896],"tags":[],"class_list":["post-145845","post","type-post","status-publish","format-standard","has-post-thumbnail","category-bunol-ca","category-ventana-ca","category-infraestructuras-ca","category-la-comarca-ca","category-sin-categorizar-ca","category-la-hoya-ca","category-ocio-y-cultura-ca","category-pueblos-en-fiestas-ca","category-politica","category-seccion-ca"],"_links":{"self":[{"href":"https:\/\/tucomarca.whitekongsoftware.com\/ca\/wp-json\/wp\/v2\/posts\/145845","targetHints":{"allow":["GET"]}}],"collection":[{"href":"https:\/\/tucomarca.whitekongsoftware.com\/ca\/wp-json\/wp\/v2\/posts"}],"about":[{"href":"https:\/\/tucomarca.whitekongsoftware.com\/ca\/wp-json\/wp\/v2\/types\/post"}],"author":[{"embeddable":true,"href":"https:\/\/tucomarca.whitekongsoftware.com\/ca\/wp-json\/wp\/v2\/users\/1"}],"replies":[{"embeddable":true,"href":"https:\/\/tucomarca.whitekongsoftware.com\/ca\/wp-json\/wp\/v2\/comments?post=145845"}],"version-history":[{"count":0,"href":"https:\/\/tucomarca.whitekongsoftware.com\/ca\/wp-json\/wp\/v2\/posts\/145845\/revisions"}],"wp:featuredmedia":[{"embeddable":true,"href":"https:\/\/tucomarca.whitekongsoftware.com\/ca\/wp-json\/wp\/v2\/media\/145844"}],"wp:attachment":[{"href":"https:\/\/tucomarca.whitekongsoftware.com\/ca\/wp-json\/wp\/v2\/media?parent=145845"}],"wp:term":[{"taxonomy":"category","embeddable":true,"href":"https:\/\/tucomarca.whitekongsoftware.com\/ca\/wp-json\/wp\/v2\/categories?post=145845"},{"taxonomy":"post_tag","embeddable":true,"href":"https:\/\/tucomarca.whitekongsoftware.com\/ca\/wp-json\/wp\/v2\/tags?post=145845"}],"curies":[{"name":"wp","href":"https:\/\/api.w.org\/{rel}","templated":true}]}}